{"id":148151,"date":"2025-03-25T12:22:54","date_gmt":"2025-03-25T15:22:54","guid":{"rendered":"https:\/\/www.aarquiteta.com.br\/blog\/decoracao-fibras-naturais\/"},"modified":"2025-03-25T12:22:54","modified_gmt":"2025-03-25T15:22:54","slug":"decoracao-fibras-naturais","status":"publish","type":"post","link":"https:\/\/www.aarquiteta.com.br\/blog\/decoracao-fibras-naturais\/","title":{"rendered":"5 Tend\u00eancias de Decora\u00e7\u00e3o com Fibras Naturais para Ambientes Leves"},"content":{"rendered":"<p><body><\/p>\n<p><b>Voc\u00ea j\u00e1 percebeu como um simples detalhe pode transformar completamente a decora\u00e7\u00e3o da sua sala?<\/b> Aposte em cestos, lumin\u00e1rias e m\u00f3veis de fibras naturais para criar espa\u00e7os frescos e cheios de estilo.<\/p>\n<figure style=\"width: 1024px\" class=\"wp-caption aligncenter\"><img decoding=\"async\" src=\"https:\/\/www.aarquiteta.com.br\/blog\/wp-content\/uploads\/2025\/03\/decoracao-fibras-naturais01.jpg\" alt=\"Ideias de decora\u00e7\u00e3o com fibras naturais para deixar os ambientes mais leves\" width=\"1024\" height=\"1024\" title=\"\"><figcaption class=\"wp-caption-text\">Ideias de decora\u00e7\u00e3o com fibras naturais para deixar os ambientes mais leves<\/figcaption><\/figure>\n<h3>O charme das fibras naturais na decora\u00e7\u00e3o<\/h3>\n<p>Quando penso em decora\u00e7\u00e3o aconchegante, logo me vem \u00e0 cabe\u00e7a os <b>elementos naturais<\/b>. S\u00e3o como um abra\u00e7o da natureza dentro de casa.<\/p>\n<figure style=\"width: 1024px\" class=\"wp-caption aligncenter\"><img decoding=\"async\" src=\"https:\/\/www.aarquiteta.com.br\/blog\/wp-content\/uploads\/2025\/03\/decoracao-fibras-naturais02.jpg\" alt=\"Ideias de decora\u00e7\u00e3o com fibras naturais para deixar os ambientes mais leves\" width=\"1024\" height=\"1024\" title=\"\"><figcaption class=\"wp-caption-text\">Ideias de decora\u00e7\u00e3o com fibras naturais para deixar os ambientes mais leves<\/figcaption><\/figure>\n<p>Al\u00e9m de deixar o ambiente mais leve, as fibras naturais trazem aquela sensa\u00e7\u00e3o de frescor que a gente ama!<\/p>\n<h3>Cestos de fibras naturais: organizadores estilosos<\/h3>\n<p>Cestos nunca s\u00e3o demais! Uso para guardar mantas, brinquedos e at\u00e9 plantas. S\u00e3o <b>vers\u00e1teis e adicionam textura<\/b> ao ambiente.<\/p>\n<p>Quem disse que organiza\u00e7\u00e3o n\u00e3o pode ser bonita?<\/p>\n<figure style=\"width: 1024px\" class=\"wp-caption aligncenter\"><img decoding=\"async\" src=\"https:\/\/www.aarquiteta.com.br\/blog\/wp-content\/uploads\/2025\/03\/4945648f03dcd5a6db7ae14e1b770ab0.jpg\" alt=\"Ideias de decora\u00e7\u00e3o com fibras naturais para deixar os ambientes mais leves\" width=\"1024\" height=\"1024\" title=\"\"><figcaption class=\"wp-caption-text\">Fonte: Pinterest<\/figcaption><\/figure>\n<h3>Lumin\u00e1rias de palha para uma ilumina\u00e7\u00e3o acolhedora<\/h3>\n<p>As lumin\u00e1rias de fibras naturais criam um jogo de <b>luzes e sombras<\/b> incr\u00edvel no ambiente. \u00c9 um charme s\u00f3!<\/p>\n<figure style=\"width: 1024px\" class=\"wp-caption aligncenter\"><img decoding=\"async\" src=\"https:\/\/www.aarquiteta.com.br\/blog\/wp-content\/uploads\/2025\/03\/c575dabf7ef64c0dd744aff49add8fb0.jpg\" alt=\"Ideias de decora\u00e7\u00e3o com fibras naturais para deixar os ambientes mais leves\" width=\"1024\" height=\"1024\" title=\"\"><figcaption class=\"wp-caption-text\">Fonte: Pinterest<\/figcaption><\/figure>\n<p>Al\u00e9m disso, deixam qualquer cantinho com um ar super aconchegante.<\/p>\n<figure style=\"width: 1024px\" class=\"wp-caption aligncenter\"><img decoding=\"async\" src=\"https:\/\/i.pinimg.com\/originals\/55\/61\/86\/556186836cee51cb6facf9eff68a8328.jpg\" alt=\"Ideias de decora\u00e7\u00e3o com fibras naturais para deixar os ambientes mais leves\" width=\"1024\" height=\"1024\" title=\"\"><figcaption class=\"wp-caption-text\">Fonte: Pinterest<\/figcaption><\/figure>\n<h3>M\u00f3veis r\u00fasticos para uma decora\u00e7\u00e3o charmosa<\/h3>\n<p>Eu adoro um toque r\u00fastico, e m\u00f3veis de fibras naturais trazem <b>autenticidade<\/b> para qualquer espa\u00e7o.<\/p>\n<figure style=\"width: 1024px\" class=\"wp-caption aligncenter\"><img decoding=\"async\" src=\"https:\/\/www.aarquiteta.com.br\/blog\/wp-content\/uploads\/2025\/03\/d271b8c01bf3f13ff9d8b0fc0350e96d.jpg\" alt=\"Ideias de decora\u00e7\u00e3o com fibras naturais para deixar os ambientes mais leves\" width=\"1024\" height=\"1024\" title=\"\"><figcaption class=\"wp-caption-text\">Fonte: Pinterest<\/figcaption><\/figure>\n<p>Uma cadeira de rattan ou uma mesinha de vime podem fazer a diferen\u00e7a.<\/p>\n<figure style=\"width: 1024px\" class=\"wp-caption aligncenter\"><img decoding=\"async\" src=\"https:\/\/www.aarquiteta.com.br\/blog\/wp-content\/uploads\/2025\/03\/130c452e2444cd2b024b444a84fe311d-1200x1200.jpg\" alt=\"Ideias de decora\u00e7\u00e3o com fibras naturais para deixar os ambientes mais leves\" width=\"1024\" height=\"1024\" title=\"\"><figcaption class=\"wp-caption-text\">Fonte: Pinterest<\/figcaption><\/figure>\n<h3>Pendentes de vime: o toque final na decora\u00e7\u00e3o<\/h3>\n<p>Nada melhor do que uma ilumina\u00e7\u00e3o bem planejada. Os <b>pendentes de vime<\/b> trazem leveza e um visual despojado.<\/p>\n<figure style=\"width: 1024px\" class=\"wp-caption aligncenter\"><img decoding=\"async\" src=\"https:\/\/www.aarquiteta.com.br\/blog\/wp-content\/uploads\/2025\/03\/e17e8ff79e94ef7088569fc45ba5f736.jpg\" alt=\"Ideias de decora\u00e7\u00e3o com fibras naturais para deixar os ambientes mais leves\" width=\"1024\" height=\"1024\" title=\"\"><figcaption class=\"wp-caption-text\">Fonte: Pinterest<\/figcaption><\/figure>\n<p>Se quiser um toque mais moderno, combine com l\u00e2mpadas de filamento.<\/p>\n<h3>Tapetes naturais para um toque confort\u00e1vel<\/h3>\n<p>Al\u00e9m de lindos, os tapetes de fibra natural criam uma sensa\u00e7\u00e3o agrad\u00e1vel ao toque. Perfeitos para quem anda descal\u00e7o pela casa.<\/p>\n<p>Sem contar que d\u00e3o um ar sofisticado sem esfor\u00e7o!<\/p>\n<h3>Paredes decoradas com fibras naturais<\/h3>\n<p>J\u00e1 imaginou uma parede toda revestida com palha ou juta? O efeito \u00e9 de um <b>espa\u00e7o \u00fanico e cheio de personalidade<\/b>.<\/p>\n<p>Se n\u00e3o quiser ousar tanto, quadros e detalhes sutis j\u00e1 fazem diferen\u00e7a.<\/p>\n<p><\/body><\/p>\n","protected":false},"excerpt":{"rendered":"<p>5 Tend\u00eancias de Decora\u00e7\u00e3o com Fibras Naturais para Ambientes Leves<\/p>\n","protected":false},"author":102,"featured_media":148143,"comment_status":"open","ping_status":"","sticky":false,"template":"","format":"standard","meta":{"footnotes":""},"categories":[1484],"tags":[],"class_list":["post-148151","post","type-post","status-publish","format-standard","has-post-thumbnail","category-decoracao"],"_wp_attached_file":null,"_wp_attachment_metadata":null,"_wp_attachment_context":null,"_wp_attachment_is_custom_header":null,"geo_longitude":null,"geo_public":null,"geo_latitude":null,"_publicize_done_external":null,"_wpas_done_3897181":null,"publicize_twitter_user":null,"_wpas_done_3897175":null,"_wpas_skip_3897181":null,"_wpas_skip_3897175":null,"_wpas_skip_3924723":null,"_wpas_mess":null,"_wpas_done_3924723":null,"wps_subtitle":"","_links":{"self":[{"href":"https:\/\/www.aarquiteta.com.br\/blog\/wp-json\/wp\/v2\/posts\/148151","targetHints":{"allow":["GET"]}}],"collection":[{"href":"https:\/\/www.aarquiteta.com.br\/blog\/wp-json\/wp\/v2\/posts"}],"about":[{"href":"https:\/\/www.aarquiteta.com.br\/blog\/wp-json\/wp\/v2\/types\/post"}],"author":[{"embeddable":true,"href":"https:\/\/www.aarquiteta.com.br\/blog\/wp-json\/wp\/v2\/users\/102"}],"replies":[{"embeddable":true,"href":"https:\/\/www.aarquiteta.com.br\/blog\/wp-json\/wp\/v2\/comments?post=148151"}],"version-history":[{"count":0,"href":"https:\/\/www.aarquiteta.com.br\/blog\/wp-json\/wp\/v2\/posts\/148151\/revisions"}],"wp:featuredmedia":[{"embeddable":true,"href":"https:\/\/www.aarquiteta.com.br\/blog\/wp-json\/wp\/v2\/media\/148143"}],"wp:attachment":[{"href":"https:\/\/www.aarquiteta.com.br\/blog\/wp-json\/wp\/v2\/media?parent=148151"}],"wp:term":[{"taxonomy":"category","embeddable":true,"href":"https:\/\/www.aarquiteta.com.br\/blog\/wp-json\/wp\/v2\/categories?post=148151"},{"taxonomy":"post_tag","embeddable":true,"href":"https:\/\/www.aarquiteta.com.br\/blog\/wp-json\/wp\/v2\/tags?post=148151"}],"curies":[{"name":"wp","href":"https:\/\/api.w.org\/{rel}","templated":true}]}}