{"id":148132,"date":"2025-03-25T08:41:15","date_gmt":"2025-03-25T11:41:15","guid":{"rendered":"https:\/\/www.aarquiteta.com.br\/blog\/jardim-de-pedras-decorativo-facil\/"},"modified":"2025-03-26T19:46:38","modified_gmt":"2025-03-26T22:46:38","slug":"jardim-de-pedras-decorativo-facil","status":"publish","type":"post","link":"https:\/\/www.aarquiteta.com.br\/blog\/jardim-de-pedras-decorativo-facil\/","title":{"rendered":"Como fazer um jardim de pedras bonito e sem manuten\u00e7\u00e3o para \u00e1reas externas"},"content":{"rendered":"<p>Quer transformar seu <a href=\"https:\/\/www.aarquiteta.com.br\/blog\/?s=QUINTAL\">quintal<\/a> com um toque elegante, pr\u00e1tico e natural? O <strong>jardim de pedras<\/strong> \u00e9 uma das solu\u00e7\u00f5es mais bonitas e funcionais para quem deseja um visual impactante com pouca manuten\u00e7\u00e3o. Neste guia, voc\u00ea vai aprender o passo a passo para montar o seu!<\/p><h2>Por Que Escolher um Jardim de Pedras?<\/h2><p>Se voc\u00ea busca <strong>beleza, praticidade e durabilidade<\/strong>, o <a href=\"https:\/\/www.aarquiteta.com.br\/blog\/casa-e-jardim\/\" class=\"ilj-generated-link\">jardim<\/a> de pedras \u00e9 perfeito:<\/p><ul><li>N\u00e3o precisa de regas constantes<\/li><li>Dispensa podas e manuten\u00e7\u00e3o frequente<\/li><li>Resiste ao sol, ao tempo e \u00e0s esta\u00e7\u00f5es<\/li><li>Combina com qualquer estilo de decora\u00e7\u00e3o externa<\/li><\/ul><figure style=\"width: 1024px\" class=\"wp-caption aligncenter\"><img decoding=\"async\" src=\"https:\/\/www.aarquiteta.com.br\/blog\/wp-content\/uploads\/2025\/03\/jardim-de-pedras-decorativo-facil04.jpg\" alt=\"Como fazer um jardim de pedras bonito e sem manuten\u00e7\u00e3o para \u00e1reas externas\" width=\"1024\" height=\"1024\" title=\"\"><figcaption class=\"wp-caption-text\">Como fazer um jardim de pedras bonito e sem manuten\u00e7\u00e3o para \u00e1reas externas<\/figcaption><\/figure><h2>Materiais Essenciais Para Criar o Seu Jardim<\/h2><p>Antes de colocar a m\u00e3o na massa, veja o que voc\u00ea vai precisar:<\/p><ul><li><strong>Pedras decorativas<\/strong> em diferentes tamanhos e <a href=\"https:\/\/www.aarquiteta.com.br\/blog\/?s=CORES\">cores<\/a><\/li><li><strong>Manta geot\u00eaxtil<\/strong> ou manta de drenagem<\/li><li><strong>Areia e substrato<\/strong> para nivelar o terreno<\/li><li><strong>Plantas resistentes<\/strong> como <a href=\"https:\/\/www.aarquiteta.com.br\/blog\/?s=SUCULENTA\">suculentas<\/a>, cactos e agaves<\/li><\/ul><p><strong>Dica:<\/strong> Misturar pedras de tamanhos variados d\u00e1 um visual mais natural e sofisticado.<\/p><figure style=\"width: 1024px\" class=\"wp-caption aligncenter\"><img decoding=\"async\" src=\"https:\/\/www.aarquiteta.com.br\/blog\/wp-content\/uploads\/2025\/03\/jardim-de-pedras-decorativo-facil03.jpg\" alt=\"Como fazer um jardim de pedras bonito e sem manuten\u00e7\u00e3o para \u00e1reas externas\" width=\"1024\" height=\"1024\" title=\"\"><figcaption class=\"wp-caption-text\">Como fazer um jardim de pedras bonito e sem manuten\u00e7\u00e3o para \u00e1reas externas<\/figcaption><\/figure><h2>Passo a Passo Para Montar Seu Jardim de Pedras<\/h2><ol><li><strong>Defina o espa\u00e7o:<\/strong> escolha uma \u00e1rea do quintal com boa drenagem.<\/li><li><strong>Limpe e nivele o solo:<\/strong> remova vegeta\u00e7\u00e3o e pedras soltas.<\/li><li><strong>Coloque a manta:<\/strong> ela impede o crescimento de ervas daninhas.<\/li><li><strong>Adicione uma camada de areia:<\/strong> isso facilita a drenagem.<\/li><li><strong>Distribua as pedras:<\/strong> de maneira equilibrada, criando movimento visual.<\/li><li><strong>Adicione as plantas:<\/strong> preferencialmente em grupos ou pontos focais.<\/li><\/ol><h2>Melhores Plantas Para Jardim de Pedras<\/h2><p>Escolha plantas que se adaptam bem ao sol e ao solo seco:<\/p><ul><li>\ud83c\udf35 <strong>Cactos<\/strong> \u2013 resistentes e esculturais<\/li><li>\ud83c\udf3f <strong>Suculentas<\/strong> \u2013 coloridas e f\u00e1ceis de cuidar<\/li><li>\ud83c\udf31 <strong>Agaves<\/strong> \u2013 excelente para criar impacto<\/li><li>\ud83c\udf38 <strong>Lavanda<\/strong> \u2013 perfume e cor no seu jardim<\/li><li>\ud83d\udde1 <strong>Espada-de-s\u00e3o-jorge<\/strong> \u2013 prote\u00e7\u00e3o e beleza<\/li><\/ul><h2>Cuidados Simples Para Manter o Jardim Sempre Lindo<\/h2><p>Apesar da baixa manuten\u00e7\u00e3o, siga estes cuidados para manter seu jardim impec\u00e1vel:<\/p><ul><li>Retire folhas secas com frequ\u00eancia<\/li><li>Limpe as pedras com \u00e1gua de tempos em tempos<\/li><li>Evite o ac\u00famulo de sujeira e umidade em excesso<\/li><\/ul><h2>Resumo das Dicas<\/h2><table border=\"1\" cellpadding=\"8\"><thead><tr><th>Dica<\/th><th>Benef\u00edcio<\/th><\/tr><\/thead><tbody><tr><td>Use pedras variadas<\/td><td>Cria um efeito mais natural e sofisticado<\/td><\/tr><tr><td>Escolha plantas resistentes<\/td><td>Evita a necessidade de manuten\u00e7\u00e3o frequente<\/td><\/tr><tr><td>Coloque manta de drenagem<\/td><td>Impede o crescimento de ervas daninhas<\/td><\/tr><\/tbody><\/table><h2>Erros Comuns ao Montar um Jardim de Pedras<\/h2><p>Evite esses deslizes para n\u00e3o comprometer o visual:<\/p><ul><li>\u274c N\u00e3o preparar o solo corretamente<\/li><li>\u274c N\u00e3o usar manta de drenagem<\/li><li>\u274c Usar pedras muito pequenas (afundam ou se espalham)<\/li><\/ul><figure style=\"width: 1024px\" class=\"wp-caption aligncenter\"><img decoding=\"async\" src=\"https:\/\/www.aarquiteta.com.br\/blog\/wp-content\/uploads\/2025\/03\/jardim-de-pedras-decorativo-facil02.jpg\" alt=\"Como fazer um jardim de pedras bonito e sem manuten\u00e7\u00e3o para \u00e1reas externas\" width=\"1024\" height=\"1024\" title=\"\"><figcaption class=\"wp-caption-text\">Como fazer um jardim de pedras bonito e sem manuten\u00e7\u00e3o para \u00e1reas externas<\/figcaption><\/figure><h2>Ideias Criativas Para Um Jardim Ainda Mais Bonito<\/h2><ul><li>\ud83d\udca1 Adicione <strong><a href=\"https:\/\/www.aarquiteta.com.br\/blog\/?s=ILUMINA%C3%87%C3%83O\">ilumina\u00e7\u00e3o<\/a> indireta<\/strong> para destacar pedras e plantas \u00e0 noite<\/li><li>\ud83e\udea8 Crie <strong>caminhos com pedras maiores<\/strong> para um toque moderno<\/li><li>\ud83e\udeb4 Use vasos grandes como pontos focais no meio do jardim<\/li><\/ul><h2>V\u00eddeo: Como Fazer um Jardim de Pedras Passo a Passo<\/h2><div class=\"youtube-embed\" data-video_id=\"XifzZCu9WYM\"><iframe title=\"#shorts O que acharam deste lindo projeto de paisagismo?\" width=\"696\" height=\"392\" src=\"https:\/\/www.youtube.com\/embed\/XifzZCu9WYM?feature=oembed&#038;enablejsapi=1\" frameborder=\"0\" allow=\"accelerometer; autoplay; clipboard-write; encrypted-media; gyroscope; picture-in-picture; web-share\" referrerpolicy=\"strict-origin-when-cross-origin\" allowfullscreen><\/iframe><\/div><h2>Vale a Pena Investir em Um Jardim de Pedras?<\/h2><p>Com certeza! Um jardim de pedras \u00e9 <strong>bonito, dur\u00e1vel, pr\u00e1tico<\/strong> e transforma qualquer espa\u00e7o externo. Ideal para quem ama beleza, mas n\u00e3o quer trabalho constante.<\/p><h2>Continue Aprendendo:<\/h2><ul><li><a href=\"https:\/\/www.aarquiteta.com.br\/blog\/casa-e-jardim\/jardinagem\/\">Ideias de paisagismo com baixa manuten\u00e7\u00e3o<\/a><\/li><li><a href=\"https:\/\/www.aarquiteta.com.br\/blog\/casa-e-jardim\/jardinagem\/\">Como combinar pedras e plantas na decora\u00e7\u00e3o externa<\/a><\/li><li><a href=\"https:\/\/www.aarquiteta.com.br\/blog\/casa-e-jardim\/jardinagem\/\">Transforme seu quintal: antes e depois com fotos<\/a><\/li><\/ul><figure style=\"width: 1024px\" class=\"wp-caption aligncenter\"><img decoding=\"async\" src=\"https:\/\/www.aarquiteta.com.br\/blog\/wp-content\/uploads\/2025\/03\/jardim-de-pedras-decorativo-facil01.jpg\" alt=\"Como fazer um jardim de pedras bonito e sem manuten\u00e7\u00e3o para \u00e1reas externas\" width=\"1024\" height=\"1024\" title=\"\"><figcaption class=\"wp-caption-text\">Como fazer um jardim de pedras bonito e sem manuten\u00e7\u00e3o para \u00e1reas externas<\/figcaption><\/figure><h2>Conclus\u00e3o<\/h2><p>Agora que voc\u00ea j\u00e1 sabe como montar um <strong>jardim de pedras decorativo e sem manuten\u00e7\u00e3o<\/strong>, \u00e9 hora de colocar o projeto em pr\u00e1tica! Com poucos materiais e muita criatividade, voc\u00ea vai transformar seu espa\u00e7o externo em um verdadeiro ref\u00fagio natural. \ud83c\udf3f<\/p><div class=\"mceTemp\"><\/div><div class=\"mceTemp\"><\/div>","protected":false},"excerpt":{"rendered":"<p>Aprenda a montar um jardim de pedras pr\u00e1tico e duradouro para o seu quintal.<\/p>\n","protected":false},"author":102,"featured_media":148129,"comment_status":"open","ping_status":"closed","sticky":false,"template":"","format":"standard","meta":{"footnotes":""},"categories":[9612,18792,18794],"tags":[],"class_list":["post-148132","post","type-post","status-publish","format-standard","has-post-thumbnail","category-jardinagem","category-decoracao-de-apartamento","category-projetos-de-decoracao-de-casas"],"_wp_attached_file":null,"_wp_attachment_metadata":null,"_wp_attachment_context":null,"_wp_attachment_is_custom_header":null,"geo_longitude":null,"geo_public":null,"geo_latitude":null,"_publicize_done_external":null,"_wpas_done_3897181":null,"publicize_twitter_user":null,"_wpas_done_3897175":null,"_wpas_skip_3897181":null,"_wpas_skip_3897175":null,"_wpas_skip_3924723":null,"_wpas_mess":null,"_wpas_done_3924723":null,"wps_subtitle":"","_links":{"self":[{"href":"https:\/\/www.aarquiteta.com.br\/blog\/wp-json\/wp\/v2\/posts\/148132","targetHints":{"allow":["GET"]}}],"collection":[{"href":"https:\/\/www.aarquiteta.com.br\/blog\/wp-json\/wp\/v2\/posts"}],"about":[{"href":"https:\/\/www.aarquiteta.com.br\/blog\/wp-json\/wp\/v2\/types\/post"}],"author":[{"embeddable":true,"href":"https:\/\/www.aarquiteta.com.br\/blog\/wp-json\/wp\/v2\/users\/102"}],"replies":[{"embeddable":true,"href":"https:\/\/www.aarquiteta.com.br\/blog\/wp-json\/wp\/v2\/comments?post=148132"}],"version-history":[{"count":0,"href":"https:\/\/www.aarquiteta.com.br\/blog\/wp-json\/wp\/v2\/posts\/148132\/revisions"}],"wp:featuredmedia":[{"embeddable":true,"href":"https:\/\/www.aarquiteta.com.br\/blog\/wp-json\/wp\/v2\/media\/148129"}],"wp:attachment":[{"href":"https:\/\/www.aarquiteta.com.br\/blog\/wp-json\/wp\/v2\/media?parent=148132"}],"wp:term":[{"taxonomy":"category","embeddable":true,"href":"https:\/\/www.aarquiteta.com.br\/blog\/wp-json\/wp\/v2\/categories?post=148132"},{"taxonomy":"post_tag","embeddable":true,"href":"https:\/\/www.aarquiteta.com.br\/blog\/wp-json\/wp\/v2\/tags?post=148132"}],"curies":[{"name":"wp","href":"https:\/\/api.w.org\/{rel}","templated":true}]}}