{"id":148118,"date":"2025-03-24T20:03:07","date_gmt":"2025-03-24T23:03:07","guid":{"rendered":"https:\/\/www.aarquiteta.com.br\/blog\/designs-moderna-casa\/"},"modified":"2025-03-24T20:03:07","modified_gmt":"2025-03-24T23:03:07","slug":"designs-moderna-casa","status":"publish","type":"post","link":"https:\/\/www.aarquiteta.com.br\/blog\/designs-moderna-casa\/","title":{"rendered":"Transforme a Frente da Sua Casa: Dicas de Design Moderno que V\u00e3o Surpreender!"},"content":{"rendered":"<p><body><\/p>\n<p>Transforme a frente da sua casa com dicas pr\u00e1ticas de design moderno que v\u00e3o deixar todo mundo de boca aberta!<\/p>\n<h3>A import\u00e2ncia de uma fachada atraente<\/h3>\n<figure style=\"width: 1024px\" class=\"wp-caption aligncenter\"><img decoding=\"async\" src=\"https:\/\/www.aarquiteta.com.br\/blog\/wp-content\/uploads\/2025\/03\/fachadas-de-casa-pequenas-1024x563.jpg\" alt=\"Imagem de ilumina\u00e7\u00e3o externa.\" title=\"\"><figcaption class=\"wp-caption-text\">Imagem de ilumina\u00e7\u00e3o externa.<\/figcaption><\/figure>\n<p>Voc\u00ea j\u00e1 parou pra pensar na <b>import\u00e2ncia da fachada<\/b> da sua casa? \u00c9 a primeira impress\u00e3o que fica. Uma boa fachada n\u00e3o apenas embeleza, mas tamb\u00e9m pode <b>valorizar o im\u00f3vel<\/b>.<\/p>\n<h3>Utilize o poder das cores<\/h3>\n<figure style=\"width: 1024px\" class=\"wp-caption aligncenter\"><img decoding=\"async\" src=\"https:\/\/www.aarquiteta.com.br\/blog\/wp-content\/uploads\/2025\/03\/designs-moderna-casa01.jpg\" alt=\"Designs Modernos para Frente de Casa \u2013 Inspire-se!\" width=\"1024\" height=\"1024\" title=\"\"><figcaption class=\"wp-caption-text\">Designs Modernos para Frente de Casa \u2013 Inspire-se!<\/figcaption><\/figure>\n<p>Uma das formas mais efetivas de <b>transformar a frente da sua casa<\/b> \u00e9 atrav\u00e9s das cores. Apostar em <b>tonalidades neutras<\/b> faz toda a diferen\u00e7a e ainda amplia o espa\u00e7o visualmente.<\/p>\n<h3>Ilumina\u00e7\u00e3o estrat\u00e9gica<\/h3>\n<figure style=\"width: 1024px\" class=\"wp-caption aligncenter\"><img decoding=\"async\" src=\"https:\/\/www.aarquiteta.com.br\/blog\/wp-content\/uploads\/2025\/03\/cropped-Renove-a-decoracao-com-1200x300.webp\" alt=\"Imagem de uma frente de casa moderna.\" title=\"\"><figcaption class=\"wp-caption-text\">Imagem de uma frente de casa moderna.<\/figcaption><\/figure>\n<p>A <b>ilumina\u00e7\u00e3o externa<\/b> \u00e9 fundamental! Use luzes LED para destacar detalhes arquitet\u00f4nicos. Uma fachada bem iluminada \u00e9 sin\u00f4nimo de seguran\u00e7a e bem-estar, sabe?<\/p>\n<h3>Materiais que impressionam<\/h3>\n<figure style=\"width: 1024px\" class=\"wp-caption aligncenter\"><img decoding=\"async\" src=\"https:\/\/www.aarquiteta.com.br\/blog\/wp-content\/uploads\/2025\/03\/designs-moderna-casa02.jpg\" alt=\"Designs Modernos para Frente de Casa \u2013 Inspire-se!\" width=\"1024\" height=\"1024\" title=\"\"><figcaption class=\"wp-caption-text\">Designs Modernos para Frente de Casa \u2013 Inspire-se!<\/figcaption><\/figure>\n<ul>\n<li><b>Vidro<\/b>: traz modernidade e luminosidade;<\/li>\n<li><b>Madeira<\/b>: oferece acolhimento e charme;<\/li>\n<li><b>Tijolos aparentes<\/b>: ajudam na rusticidade e charme.<\/li>\n<\/ul>\n<h3>Table Summary<\/h3>\n<figure style=\"width: 1024px\" class=\"wp-caption aligncenter\"><img decoding=\"async\" src=\"https:\/\/www.aarquiteta.com.br\/blog\/wp-content\/uploads\/2025\/03\/frente-de-casa-1200x660.jpg\" alt=\"Imagem de fachadas residenciais contempor\u00e2neas.\" title=\"\"><figcaption class=\"wp-caption-text\">Imagem de fachadas residenciais contempor\u00e2neas.<\/figcaption><\/figure>\n<table>\n<tr>\n<th>Aspecto<\/th>\n<th>Dicas<\/th>\n<\/tr>\n<tr>\n<td>Cores<\/td>\n<td>Utilize tonalidades neutras para aumentar a sensa\u00e7\u00e3o de espa\u00e7o.<\/td>\n<\/tr>\n<tr>\n<td>Ilumina\u00e7\u00e3o<\/td>\n<td>Aposte em luzes LED para destacar elementos.<\/td>\n<\/tr>\n<tr>\n<td>Materiais<\/td>\n<td>Vidro, madeira e tijolos s\u00e3o \u00f3timas op\u00e7\u00f5es.<\/td>\n<\/tr>\n<\/table>\n<h3>Inova\u00e7\u00f5es com paisagismo<\/h3>\n<figure style=\"width: 1024px\" class=\"wp-caption aligncenter\"><img decoding=\"async\" src=\"https:\/\/www.aarquiteta.com.br\/blog\/wp-content\/uploads\/2025\/03\/designs-moderna-casa03.jpg\" alt=\"Designs Modernos para Frente de Casa \u2013 Inspire-se!\" width=\"1024\" height=\"1024\" title=\"\"><figcaption class=\"wp-caption-text\">Designs Modernos para Frente de Casa \u2013 Inspire-se!<\/figcaption><\/figure>\n<p>N\u00e3o posso deixar de mencionar o paisagismo! Jardins verticais, por exemplo, s\u00e3o uma tend\u00eancia que traz um toque de natureza e sofistica\u00e7\u00e3o \u00e0 fachada.<\/p>\n<h3>Estilos que encantam<\/h3>\n<figure style=\"width: 1024px\" class=\"wp-caption aligncenter\"><img decoding=\"async\" src=\"https:\/\/www.aarquiteta.com.br\/blog\/wp-content\/uploads\/2025\/03\/fachadas-residenciais-1024x563.jpg\" alt=\"Imagem de ideias para decorar fachadas.\" title=\"\"><figcaption class=\"wp-caption-text\">Imagem de ideias para decorar fachadas.<\/figcaption><\/figure>\n<p>Minimalismo e estilo tropical est\u00e3o em alta. Para quem busca <b>estilo<\/b> e praticidade, essas op\u00e7\u00f5es s\u00e3o irresist\u00edveis e mexem com a est\u00e9tica e funcionalidade!<\/p>\n<h3>Aproveite as oportunidades<\/h3>\n<figure style=\"width: 1024px\" class=\"wp-caption aligncenter\"><img decoding=\"async\" src=\"https:\/\/www.aarquiteta.com.br\/blog\/wp-content\/uploads\/2025\/03\/designs-moderna-casa4.jpg\" alt=\"Designs Modernos para Frente de Casa \u2013 Inspire-se!\" width=\"1024\" height=\"1024\" title=\"\"><figcaption class=\"wp-caption-text\">Designs Modernos para Frente de Casa \u2013 Inspire-se!<\/figcaption><\/figure>\n<p>Com as dicas que dei, voc\u00ea pode <b>transformar sua fachada<\/b> em um verdadeiro cart\u00e3o postal. Aposte em criatividade e personalidade!<\/p>\n<p><\/body><br \/>\n<figure style=\"width: 1024px\" class=\"wp-caption aligncenter\"><img decoding=\"async\" src=\"https:\/\/www.aarquiteta.com.br\/blog\/wp-content\/uploads\/2025\/03\/ideias-para-decorar-fachada-1024x563.jpg\" alt=\"Imagem de estilos de fachadas para casas.\" title=\"\"><figcaption class=\"wp-caption-text\">Imagem de estilos de fachadas para casas.<\/figcaption><\/figure>\n<h3>Para se aprofundar mais sobre o tema, veja a minha recomenda\u00e7\u00e3o sobre o tema deste artigo no v\u00eddeo a seguir abaixo:<\/h3>\n<p><iframe title=\"YouTube video player\" src=\"https:\/\/www.youtube.com\/embed\/ULlRVthyJ3c\" width=\"560\" height=\"315\" frameborder=\"0\" allowfullscreen=\"allowfullscreen\"><\/iframe><\/p>\n<figure style=\"width: 1024px\" class=\"wp-caption aligncenter\"><img decoding=\"async\" src=\"https:\/\/www.aarquiteta.com.br\/blog\/wp-content\/uploads\/2025\/03\/estilos-de-frente-de-casa-1024x563.jpg\" alt=\"Imagem de fachadas de casas pequenas.\" title=\"\"><figcaption class=\"wp-caption-text\">Imagem de fachadas de casas pequenas.<\/figcaption><\/figure>\n","protected":false},"excerpt":{"rendered":"<p>Explore designs modernos para a frente da casa e inspire-se com tend\u00eancias que combinam forma e fun\u00e7\u00e3o.<\/p>\n","protected":false},"author":102,"featured_media":148109,"comment_status":"open","ping_status":"","sticky":false,"template":"","format":"standard","meta":{"footnotes":""},"categories":[1484],"tags":[],"class_list":["post-148118","post","type-post","status-publish","format-standard","has-post-thumbnail","category-decoracao"],"_wp_attached_file":null,"_wp_attachment_metadata":null,"_wp_attachment_context":null,"_wp_attachment_is_custom_header":null,"geo_longitude":null,"geo_public":null,"geo_latitude":null,"_publicize_done_external":null,"_wpas_done_3897181":null,"publicize_twitter_user":null,"_wpas_done_3897175":null,"_wpas_skip_3897181":null,"_wpas_skip_3897175":null,"_wpas_skip_3924723":null,"_wpas_mess":null,"_wpas_done_3924723":null,"wps_subtitle":"","_links":{"self":[{"href":"https:\/\/www.aarquiteta.com.br\/blog\/wp-json\/wp\/v2\/posts\/148118","targetHints":{"allow":["GET"]}}],"collection":[{"href":"https:\/\/www.aarquiteta.com.br\/blog\/wp-json\/wp\/v2\/posts"}],"about":[{"href":"https:\/\/www.aarquiteta.com.br\/blog\/wp-json\/wp\/v2\/types\/post"}],"author":[{"embeddable":true,"href":"https:\/\/www.aarquiteta.com.br\/blog\/wp-json\/wp\/v2\/users\/102"}],"replies":[{"embeddable":true,"href":"https:\/\/www.aarquiteta.com.br\/blog\/wp-json\/wp\/v2\/comments?post=148118"}],"version-history":[{"count":0,"href":"https:\/\/www.aarquiteta.com.br\/blog\/wp-json\/wp\/v2\/posts\/148118\/revisions"}],"wp:featuredmedia":[{"embeddable":true,"href":"https:\/\/www.aarquiteta.com.br\/blog\/wp-json\/wp\/v2\/media\/148109"}],"wp:attachment":[{"href":"https:\/\/www.aarquiteta.com.br\/blog\/wp-json\/wp\/v2\/media?parent=148118"}],"wp:term":[{"taxonomy":"category","embeddable":true,"href":"https:\/\/www.aarquiteta.com.br\/blog\/wp-json\/wp\/v2\/categories?post=148118"},{"taxonomy":"post_tag","embeddable":true,"href":"https:\/\/www.aarquiteta.com.br\/blog\/wp-json\/wp\/v2\/tags?post=148118"}],"curies":[{"name":"wp","href":"https:\/\/api.w.org\/{rel}","templated":true}]}}