{"id":148100,"date":"2025-03-24T18:41:02","date_gmt":"2025-03-24T21:41:02","guid":{"rendered":"https:\/\/www.aarquiteta.com.br\/blog\/frentes-modernas\/"},"modified":"2025-03-24T18:41:02","modified_gmt":"2025-03-24T21:41:02","slug":"frentes-modernas","status":"publish","type":"post","link":"https:\/\/www.aarquiteta.com.br\/blog\/frentes-modernas\/","title":{"rendered":"Transforme a Fachada da Sua Casa: Ideias Incr\u00edveis para Frentes Modernas que Encantam!"},"content":{"rendered":"<p>Transformar a fachada da sua casa \u00e9 mais f\u00e1cil do que voc\u00ea imagina. Vamos explorar ideias incr\u00edveis para frentes modernas!<\/p>\n<h3>Por que a Fachada \u00e9 Importante?<\/h3>\n<figure style=\"width: 1024px\" class=\"wp-caption aligncenter\"><img decoding=\"async\" src=\"https:\/\/www.aarquiteta.com.br\/blog\/wp-content\/uploads\/2025\/03\/tendencias-em-fachadas-1-1024x563.jpg\" alt=\"Tend\u00eancias em fachadas modernas\" title=\"\"><figcaption class=\"wp-caption-text\">Tend\u00eancias em fachadas modernas<\/figcaption><\/figure>\n<p>J\u00e1 parou pra pensar na <b>import\u00e2ncia da fachada<\/b> da sua casa? \u00c9 a primeira coisa que as pessoas veem e d\u00e1 uma ideia do seu estilo. Uma fachada bem planejada pode valorizar o im\u00f3vel e impressionar os visitantes. <\/p>\n<h3>Escolha Cores que Encantam<\/h3>\n<figure style=\"width: 1024px\" class=\"wp-caption aligncenter\"><img decoding=\"async\" src=\"https:\/\/www.aarquiteta.com.br\/blog\/wp-content\/uploads\/2025\/03\/frentes-modernas01.jpg\" alt=\"Inspira\u00e7\u00f5es para Frentes de Casas Modernas: Ideias e Fotos\" width=\"1024\" height=\"1024\" title=\"\"><figcaption class=\"wp-caption-text\">Inspira\u00e7\u00f5es para Frentes de Casas Modernas: Ideias e Fotos<\/figcaption><\/figure>\n<p>As <b>cores certas<\/b> podem fazer toda a diferen\u00e7a! Tons claros como branco e bege transmitem leveza, enquanto cores escuras trazem sofistica\u00e7\u00e3o. Pense no clima e na luz ao longo do dia, isso influencia tudo!<\/p>\n<h3>Ilumina\u00e7\u00e3o que Transforma<\/h3>\n<figure style=\"width: 1024px\" class=\"wp-caption aligncenter\"><img decoding=\"async\" src=\"https:\/\/www.aarquiteta.com.br\/blog\/wp-content\/uploads\/2025\/03\/decoracao-da-fachada-1200x660.jpg\" alt=\"Decora\u00e7\u00e3o da fachada\" title=\"\"><figcaption class=\"wp-caption-text\">Decora\u00e7\u00e3o da fachada<\/figcaption><\/figure>\n<p>Uma <b>boa ilumina\u00e7\u00e3o<\/b> pode mudar a sensa\u00e7\u00e3o da sua fachada \u00e0 noite. Lumin\u00e1rias bem posicionadas real\u00e7am detalhes e aumentam a seguran\u00e7a. E quem n\u00e3o ama uma casa bem iluminada, n\u00e9?<\/p>\n<h3>Jardins que Encantam<\/h3>\n<figure style=\"width: 1024px\" class=\"wp-caption aligncenter\"><img decoding=\"async\" src=\"https:\/\/www.aarquiteta.com.br\/blog\/wp-content\/uploads\/2025\/03\/frentes-modernas02.jpg\" alt=\"Inspira\u00e7\u00f5es para Frentes de Casas Modernas: Ideias e Fotos\" width=\"1024\" height=\"1024\" title=\"\"><figcaption class=\"wp-caption-text\">Inspira\u00e7\u00f5es para Frentes de Casas Modernas: Ideias e Fotos<\/figcaption><\/figure>\n<p>Adicionar um <b>jardim<\/b> \u00e0 entrada \u00e9 uma forma incr\u00edvel de trazer vida \u00e0 sua fachada. Plantas nativas s\u00e3o pr\u00e1ticas e demandam menos cuidados. Aposte em um jardim vertical se o espa\u00e7o for curto!<\/p>\n<h3>Materiais que Valorizam<\/h3>\n<figure style=\"width: 1024px\" class=\"wp-caption aligncenter\"><img decoding=\"async\" src=\"https:\/\/www.aarquiteta.com.br\/blog\/wp-content\/uploads\/2025\/03\/atracao-visual-1024x563.jpg\" alt=\"Atra\u00e7\u00e3o visual na fachada\" title=\"\"><figcaption class=\"wp-caption-text\">Atra\u00e7\u00e3o visual na fachada<\/figcaption><\/figure>\n<p>Na hora de escolher os <b>materiais<\/b>, opte por combina\u00e7\u00e3o de madeira e vidro. Isso traz um toque moderninho e r\u00fastico ao mesmo tempo. Cada material conta uma hist\u00f3ria, n\u00e3o se esque\u00e7a disso!<\/p>\n<h3>Decora\u00e7\u00e3o e Acess\u00f3rios<\/h3>\n<figure style=\"width: 1024px\" class=\"wp-caption aligncenter\"><img decoding=\"async\" src=\"https:\/\/www.aarquiteta.com.br\/blog\/wp-content\/uploads\/2025\/03\/frentes-modernas03.jpg\" alt=\"Inspira\u00e7\u00f5es para Frentes de Casas Modernas: Ideias e Fotos\" width=\"1024\" height=\"1024\" title=\"\"><figcaption class=\"wp-caption-text\">Inspira\u00e7\u00f5es para Frentes de Casas Modernas: Ideias e Fotos<\/figcaption><\/figure>\n<p>Vasos de plantas e <b>lumin\u00e1rias elegantes<\/b> s\u00e3o detalhes que fazem a diferen\u00e7a. M\u00f3veis de exterior, como poltronas, fazem a entrada parecer mais aconchegante. Pequenos elementos contam muito sobre voc\u00ea!<\/p>\n<h3>Tend\u00eancias Sustent\u00e1veis<\/h3>\n<figure style=\"width: 1024px\" class=\"wp-caption aligncenter\"><img decoding=\"async\" src=\"https:\/\/www.aarquiteta.com.br\/blog\/wp-content\/uploads\/2025\/03\/materiais-de-fachada-1024x563.jpg\" alt=\"Materiais de fachada modernos\" title=\"\"><figcaption class=\"wp-caption-text\">Materiais de fachada modernos<\/figcaption><\/figure>\n<p>Estar na moda hoje tamb\u00e9m \u00e9 pensar em <b>sustentabilidade<\/b>. Fachadas com pain\u00e9is solares n\u00e3o s\u00f3 economizam energia, mas tamb\u00e9m s\u00e3o uma forma de valorizar a est\u00e9tica. \u00c9 o futuro batendo na porta!<\/p>\n<h3>Transforme Sua Fachada Agora!<\/h3>\n<figure style=\"width: 1024px\" class=\"wp-caption aligncenter\"><img decoding=\"async\" src=\"https:\/\/www.aarquiteta.com.br\/blog\/wp-content\/uploads\/2025\/03\/frentes-modernas4.jpg\" alt=\"Inspira\u00e7\u00f5es para Frentes de Casas Modernas: Ideias e Fotos\" width=\"1024\" height=\"1024\" title=\"\"><figcaption class=\"wp-caption-text\">Inspira\u00e7\u00f5es para Frentes de Casas Modernas: Ideias e Fotos<\/figcaption><\/figure>\n<p>Pronto para <b>transformar a frente da sua casa<\/b>? Coloque em pr\u00e1tica as ideias que discutimos. Cores, materiais, ilumina\u00e7\u00e3o e jardinagem s\u00e3o aliados poderosos. Vamos juntos fazer sua casa brilhar!<\/p>\n<table>\n<tr>\n<th>Detalhe<\/th>\n<th>Informa\u00e7\u00e3o<\/th>\n<\/tr>\n<tr>\n<td>Import\u00e2ncia da Fachada<\/td>\n<td>Reflete seu estilo e pode valorizar o im\u00f3vel.<\/td>\n<\/tr>\n<tr>\n<td>Cores Sugeridas<\/td>\n<td>Tons claros (branco e bege) e escuros (preto e cinza).<\/td>\n<\/tr>\n<tr>\n<td>Dicas de Ilumina\u00e7\u00e3o<\/td>\n<td>Lumin\u00e1rias bem posicionadas real\u00e7am a fachada.<\/td>\n<\/tr>\n<tr>\n<td>Jardim<\/td>\n<td>Utilize plantas nativas e considere jardim vertical.<\/td>\n<\/tr>\n<tr>\n<td>Materiais<\/td>\n<td>Combina\u00e7\u00f5es de madeira e vidro s\u00e3o ideais.<\/td>\n<\/tr>\n<tr>\n<td>Decora\u00e7\u00e3o<\/td>\n<td>Use vasos e m\u00f3veis para torn\u00e1-la aconchegante.<\/td>\n<\/tr>\n<tr>\n<td>Tend\u00eancias<\/td>\n<td>Pense em sustentabilidade, como pain\u00e9is solares.<\/td>\n<\/tr>\n<\/table>\n<figure style=\"width: 1024px\" class=\"wp-caption aligncenter\"><img decoding=\"async\" src=\"https:\/\/www.aarquiteta.com.br\/blog\/wp-content\/uploads\/2025\/03\/revestimentos-contemporaneos-1024x563.jpg\" alt=\"Revestimentos contempor\u00e2neos\" title=\"\"><figcaption class=\"wp-caption-text\">Revestimentos contempor\u00e2neos<\/figcaption><\/figure>\n<h3>Para se aprofundar mais sobre o tema, veja a minha recomenda\u00e7\u00e3o sobre o tema deste artigo no v\u00eddeo a seguir abaixo:<\/h3>\n<p><iframe title=\"YouTube video player\" src=\"https:\/\/www.youtube.com\/embed\/3Vj-QtRPEEk\" width=\"560\" height=\"315\" frameborder=\"0\" allowfullscreen=\"allowfullscreen\"><\/iframe><\/p>\n<figure style=\"width: 1024px\" class=\"wp-caption aligncenter\"><img decoding=\"async\" src=\"https:\/\/www.aarquiteta.com.br\/blog\/wp-content\/uploads\/2025\/03\/iluminacao-externa-1024x563.jpg\" alt=\"Ilumina\u00e7\u00e3o externa destacando a fachada\" title=\"\"><figcaption class=\"wp-caption-text\">Ilumina\u00e7\u00e3o externa destacando a fachada<\/figcaption><\/figure>\n","protected":false},"excerpt":{"rendered":"<p>Inspire-se com ideias e fotos de fachadas modernas para transformar o visual do seu im\u00f3vel.<\/p>\n","protected":false},"author":102,"featured_media":148091,"comment_status":"open","ping_status":"","sticky":false,"template":"","format":"standard","meta":{"footnotes":""},"categories":[1484],"tags":[],"class_list":["post-148100","post","type-post","status-publish","format-standard","has-post-thumbnail","category-decoracao"],"_wp_attached_file":null,"_wp_attachment_metadata":null,"_wp_attachment_context":null,"_wp_attachment_is_custom_header":null,"geo_longitude":null,"geo_public":null,"geo_latitude":null,"_publicize_done_external":null,"_wpas_done_3897181":null,"publicize_twitter_user":null,"_wpas_done_3897175":null,"_wpas_skip_3897181":null,"_wpas_skip_3897175":null,"_wpas_skip_3924723":null,"_wpas_mess":null,"_wpas_done_3924723":null,"wps_subtitle":"","_links":{"self":[{"href":"https:\/\/www.aarquiteta.com.br\/blog\/wp-json\/wp\/v2\/posts\/148100","targetHints":{"allow":["GET"]}}],"collection":[{"href":"https:\/\/www.aarquiteta.com.br\/blog\/wp-json\/wp\/v2\/posts"}],"about":[{"href":"https:\/\/www.aarquiteta.com.br\/blog\/wp-json\/wp\/v2\/types\/post"}],"author":[{"embeddable":true,"href":"https:\/\/www.aarquiteta.com.br\/blog\/wp-json\/wp\/v2\/users\/102"}],"replies":[{"embeddable":true,"href":"https:\/\/www.aarquiteta.com.br\/blog\/wp-json\/wp\/v2\/comments?post=148100"}],"version-history":[{"count":0,"href":"https:\/\/www.aarquiteta.com.br\/blog\/wp-json\/wp\/v2\/posts\/148100\/revisions"}],"wp:featuredmedia":[{"embeddable":true,"href":"https:\/\/www.aarquiteta.com.br\/blog\/wp-json\/wp\/v2\/media\/148091"}],"wp:attachment":[{"href":"https:\/\/www.aarquiteta.com.br\/blog\/wp-json\/wp\/v2\/media?parent=148100"}],"wp:term":[{"taxonomy":"category","embeddable":true,"href":"https:\/\/www.aarquiteta.com.br\/blog\/wp-json\/wp\/v2\/categories?post=148100"},{"taxonomy":"post_tag","embeddable":true,"href":"https:\/\/www.aarquiteta.com.br\/blog\/wp-json\/wp\/v2\/tags?post=148100"}],"curies":[{"name":"wp","href":"https:\/\/api.w.org\/{rel}","templated":true}]}}