{"id":148070,"date":"2025-03-24T13:08:21","date_gmt":"2025-03-24T16:08:21","guid":{"rendered":"https:\/\/www.aarquiteta.com.br\/blog\/fachadas-simples-revestimento-moderno\/"},"modified":"2025-03-24T13:08:21","modified_gmt":"2025-03-24T16:08:21","slug":"fachadas-simples-revestimento-moderno","status":"publish","type":"post","link":"https:\/\/www.aarquiteta.com.br\/blog\/fachadas-simples-revestimento-moderno\/","title":{"rendered":"10 Ideias Incr\u00edveis para Fachadas Modernas e Simples"},"content":{"rendered":"<p><body><\/p>\n<p><b>Voc\u00ea j\u00e1 percebeu como um simples revestimento pode transformar a fachada da sua casa?<\/b> Escolher um material moderno traz eleg\u00e2ncia, personalidade e ainda valoriza o im\u00f3vel.<\/p>\n<figure style=\"width: 1024px\" class=\"wp-caption aligncenter\"><img decoding=\"async\" src=\"https:\/\/www.aarquiteta.com.br\/blog\/wp-content\/uploads\/2025\/03\/fachadas-simples-revestimento-moderno01.jpg\" alt=\"Fachadas simples com revestimentos modernos: inspire-se para renovar sua entrada\" width=\"1024\" height=\"1024\" title=\"\"><figcaption class=\"wp-caption-text\">Fachadas simples com revestimentos modernos: inspire-se para renovar sua entrada<\/figcaption><\/figure>\n<h3>Revestimentos modernos: um toque de sofistica\u00e7\u00e3o<\/h3>\n<p>Os <b>revestimentos modernos<\/b> s\u00e3o como roupas de gala para a fachada. D\u00e3o charme, prote\u00e7\u00e3o e criam um visual marcante sem exageros.<\/p>\n<figure style=\"width: 1024px\" class=\"wp-caption aligncenter\"><img decoding=\"async\" src=\"https:\/\/www.aarquiteta.com.br\/blog\/wp-content\/uploads\/2025\/03\/fachadas-simples-revestimento-moderno02.jpg\" alt=\"Fachadas simples com revestimentos modernos: inspire-se para renovar sua entrada\" width=\"1024\" height=\"1024\" title=\"\"><figcaption class=\"wp-caption-text\">Fachadas simples com revestimentos modernos: inspire-se para renovar sua entrada<\/figcaption><\/figure>\n<p>Seja com pedras, madeira ou porcelanato, um bom revestimento \u00e9 o segredo para uma entrada atraente e atual.<\/p>\n<h3>Madeira: calor e aconchego na entrada<\/h3>\n<p>A <b>madeira<\/b> \u00e9 aquele material que nunca sai de moda. Cl\u00e1ssica, r\u00fastica, moderna? Ela pode ser tudo isso!<\/p>\n<p>Al\u00e9m do visual acolhedor, tamb\u00e9m oferece resist\u00eancia e durabilidade incr\u00edveis.<\/p>\n<figure style=\"width: 1024px\" class=\"wp-caption aligncenter\"><img decoding=\"async\" src=\"https:\/\/www.aarquiteta.com.br\/blog\/wp-content\/uploads\/2025\/03\/2c9365b27125a163d33cbe006d47788d.jpg\" alt=\"Fachadas simples com revestimentos modernos: inspire-se para renovar sua entrada\" width=\"1024\" height=\"1024\" title=\"\"><figcaption class=\"wp-caption-text\">Fonte: Pinterest<\/figcaption><\/figure>\n<h3>Pedras naturais: eleg\u00e2ncia e resist\u00eancia<\/h3>\n<p>Quer uma fachada com presen\u00e7a? As <b>pedras naturais<\/b> s\u00e3o sin\u00f4nimo de luxo e atemporalidade.<\/p>\n<figure style=\"width: 1024px\" class=\"wp-caption aligncenter\"><img decoding=\"async\" src=\"https:\/\/i.pinimg.com\/originals\/2b\/be\/94\/2bbe9473d92841a60759d725bf5276b2.jpg\" alt=\"Fachadas simples com revestimentos modernos: inspire-se para renovar sua entrada\" width=\"1024\" height=\"1024\" title=\"\"><figcaption class=\"wp-caption-text\">Fonte: Pinterest<\/figcaption><\/figure>\n<p>Elas resistem ao tempo, exigem pouca manuten\u00e7\u00e3o e tornam qualquer casa mais sofisticada.<\/p>\n<figure style=\"width: 1024px\" class=\"wp-caption aligncenter\"><img decoding=\"async\" src=\"https:\/\/www.aarquiteta.com.br\/blog\/wp-content\/uploads\/2025\/03\/bc47753e9f3c183f7b0f4443fbc3cec4.jpg\" alt=\"Fachadas simples com revestimentos modernos: inspire-se para renovar sua entrada\" width=\"1024\" height=\"1024\" title=\"\"><figcaption class=\"wp-caption-text\">Fonte: Pinterest<\/figcaption><\/figure>\n<h3>Porcelanato: praticidade e inova\u00e7\u00e3o<\/h3>\n<p>Se voc\u00ea gosta de praticidade, o <b>porcelanato<\/b> \u00e9 a escolha ideal. Ele imita outros materiais, tem alta durabilidade e \u00e9 super f\u00e1cil de limpar.<\/p>\n<figure style=\"width: 1024px\" class=\"wp-caption aligncenter\"><img decoding=\"async\" src=\"https:\/\/www.aarquiteta.com.br\/blog\/wp-content\/uploads\/2025\/03\/19c92cf426fc097322cb7fdf41c557dc.jpg\" alt=\"Fachadas simples com revestimentos modernos: inspire-se para renovar sua entrada\" width=\"1024\" height=\"1024\" title=\"\"><figcaption class=\"wp-caption-text\">Fonte: Pinterest<\/figcaption><\/figure>\n<p>Al\u00e9m disso, \u00e9 super vers\u00e1til, combinando com diversos estilos arquitet\u00f4nicos.<\/p>\n<figure style=\"width: 1024px\" class=\"wp-caption aligncenter\"><img decoding=\"async\" src=\"https:\/\/i.pinimg.com\/originals\/70\/26\/85\/7026857ddd3055550365bbc455a1a1fc.jpg\" alt=\"Fachadas simples com revestimentos modernos: inspire-se para renovar sua entrada\" width=\"1024\" height=\"1024\" title=\"\"><figcaption class=\"wp-caption-text\">Fonte: Pinterest<\/figcaption><\/figure>\n<h3>Revestimento 3D: textura e modernidade<\/h3>\n<p>Traga um toque futurista com o <b>revestimento 3D<\/b>. Ele cria volume, profundidade e rouba a cena na decora\u00e7\u00e3o.<\/p>\n<figure style=\"width: 1024px\" class=\"wp-caption aligncenter\"><img decoding=\"async\" src=\"https:\/\/www.aarquiteta.com.br\/blog\/wp-content\/uploads\/2025\/03\/48784ccad7e0f9477de4a7d47be4eaba-800x1200.jpg\" alt=\"Fachadas simples com revestimentos modernos: inspire-se para renovar sua entrada\" width=\"1024\" height=\"1024\" title=\"\"><figcaption class=\"wp-caption-text\">Fonte: Pinterest<\/figcaption><\/figure>\n<p>Se quiser algo \u00fanico e que cause impacto visual, essa \u00e9 a aposta certa.<\/p>\n<h3>Cores neutras ou vibrantes: qual escolher?<\/h3>\n<p>As <b>cores<\/b> fazem toda a diferen\u00e7a! Tons neutros trazem sofistica\u00e7\u00e3o, enquanto vibrantes deixam a fachada cheia de energia.<\/p>\n<p>A dica \u00e9 encontrar o equil\u00edbrio e harmonizar com o estilo da casa.<\/p>\n<h3>Combina\u00e7\u00f5es de materiais: o segredo do design perfeito<\/h3>\n<p>J\u00e1 pensou em combinar <b>materiais distintos<\/b>? Madeira com pedra, porcelanato com metal\u2026 As possibilidades s\u00e3o infinitas!<\/p>\n<p>Al\u00e9m de criar um visual din\u00e2mico, essa mistura deixa a fachada mais \u00fanica e personalizada.<\/p>\n<p><\/body><\/p>\n","protected":false},"excerpt":{"rendered":"<p>10 Ideias Incr\u00edveis para Fachadas Modernas e Simples<\/p>\n","protected":false},"author":102,"featured_media":148063,"comment_status":"open","ping_status":"","sticky":false,"template":"","format":"standard","meta":{"footnotes":""},"categories":[1484],"tags":[],"class_list":["post-148070","post","type-post","status-publish","format-standard","has-post-thumbnail","category-decoracao"],"_wp_attached_file":null,"_wp_attachment_metadata":null,"_wp_attachment_context":null,"_wp_attachment_is_custom_header":null,"geo_longitude":null,"geo_public":null,"geo_latitude":null,"_publicize_done_external":null,"_wpas_done_3897181":null,"publicize_twitter_user":null,"_wpas_done_3897175":null,"_wpas_skip_3897181":null,"_wpas_skip_3897175":null,"_wpas_skip_3924723":null,"_wpas_mess":null,"_wpas_done_3924723":null,"wps_subtitle":"","_links":{"self":[{"href":"https:\/\/www.aarquiteta.com.br\/blog\/wp-json\/wp\/v2\/posts\/148070","targetHints":{"allow":["GET"]}}],"collection":[{"href":"https:\/\/www.aarquiteta.com.br\/blog\/wp-json\/wp\/v2\/posts"}],"about":[{"href":"https:\/\/www.aarquiteta.com.br\/blog\/wp-json\/wp\/v2\/types\/post"}],"author":[{"embeddable":true,"href":"https:\/\/www.aarquiteta.com.br\/blog\/wp-json\/wp\/v2\/users\/102"}],"replies":[{"embeddable":true,"href":"https:\/\/www.aarquiteta.com.br\/blog\/wp-json\/wp\/v2\/comments?post=148070"}],"version-history":[{"count":0,"href":"https:\/\/www.aarquiteta.com.br\/blog\/wp-json\/wp\/v2\/posts\/148070\/revisions"}],"wp:featuredmedia":[{"embeddable":true,"href":"https:\/\/www.aarquiteta.com.br\/blog\/wp-json\/wp\/v2\/media\/148063"}],"wp:attachment":[{"href":"https:\/\/www.aarquiteta.com.br\/blog\/wp-json\/wp\/v2\/media?parent=148070"}],"wp:term":[{"taxonomy":"category","embeddable":true,"href":"https:\/\/www.aarquiteta.com.br\/blog\/wp-json\/wp\/v2\/categories?post=148070"},{"taxonomy":"post_tag","embeddable":true,"href":"https:\/\/www.aarquiteta.com.br\/blog\/wp-json\/wp\/v2\/tags?post=148070"}],"curies":[{"name":"wp","href":"https:\/\/api.w.org\/{rel}","templated":true}]}}