{"id":148038,"date":"2025-03-23T18:59:17","date_gmt":"2025-03-23T21:59:17","guid":{"rendered":"https:\/\/www.aarquiteta.com.br\/blog\/portao-frente-dicas\/"},"modified":"2025-03-23T18:59:17","modified_gmt":"2025-03-23T21:59:17","slug":"portao-frente-dicas","status":"publish","type":"post","link":"https:\/\/www.aarquiteta.com.br\/blog\/portao-frente-dicas\/","title":{"rendered":"Descubra o Tamanho e Modelo Perfeito do Seu Port\u00e3o para Valorizar a Frente da sua Casa!"},"content":{"rendered":"<p>Escolher o port\u00e3o certo \u00e9 essencial para valorizar a est\u00e9tica da sua casa e garantir seguran\u00e7a!<\/p>\n<h3>Vamos Come\u00e7ar: Qual o Seu Estilo?<\/h3>\n<figure style=\"width: 1024px\" class=\"wp-caption aligncenter\"><img decoding=\"async\" src=\"https:\/\/www.aarquiteta.com.br\/blog\/wp-content\/uploads\/2025\/03\/portao-de-madeira-1024x563.jpg\" alt=\"Elegante port\u00e3o de madeira, que destaca a naturalidade e sofistica\u00e7\u00e3o dos materiais.\" title=\"\"><figcaption class=\"wp-caption-text\">Elegante port\u00e3o de madeira, que destaca a naturalidade e sofistica\u00e7\u00e3o dos materiais.<\/figcaption><\/figure>\n<p>Voc\u00ea j\u00e1 parou pra pensar como um <b>port\u00e3o<\/b> pode mudar a cara da sua casa? \u00c9 como aquele \u00faltimo toque na decora\u00e7\u00e3o que deixa tudo perfeito. O port\u00e3o \u00e9 o cart\u00e3o de visitas, o primeiro contato e, portanto, deve ser escolhido com cuidado.<\/p>\n<h3>Materiais que Falam por Si<\/h3>\n<figure style=\"width: 1024px\" class=\"wp-caption aligncenter\"><img decoding=\"async\" src=\"https:\/\/www.aarquiteta.com.br\/blog\/wp-content\/uploads\/2025\/03\/portao-frente-dicas01.jpg\" alt=\"Port\u00e3o Frente de Casa: Como Escolher o Tamanho e Modelo Ideal\" width=\"1024\" height=\"1024\" title=\"\"><figcaption class=\"wp-caption-text\">Port\u00e3o Frente de Casa: Como Escolher o Tamanho e Modelo Ideal<\/figcaption><\/figure>\n<p>Os <b>materiais<\/b> mais usados s\u00e3o o alum\u00ednio, a madeira, o ferro e o vidro. Cada um com suas caracter\u00edsticas e estilos! O alum\u00ednio \u00e9 querido pela resist\u00eancia e leveza, enquanto a madeira traz o charme r\u00fastico. E j\u00e1 ouviu falar do vidro? Ele d\u00e1 um ar super moderno, permitindo ver o interior da casa.<\/p>\n<h3>Modelos de Port\u00f5es: Quais S\u00e3o os Melhores?<\/h3>\n<figure style=\"width: 1024px\" class=\"wp-caption aligncenter\"><img decoding=\"async\" src=\"https:\/\/www.aarquiteta.com.br\/blog\/wp-content\/uploads\/2025\/03\/portao-frente-de-casa-1200x660.jpg\" alt=\"Port\u00e3o de frente de casa, mostrando o design e a funcionalidade dos port\u00f5es.\" title=\"\"><figcaption class=\"wp-caption-text\">Port\u00e3o de frente de casa, mostrando o design e a funcionalidade dos port\u00f5es.<\/figcaption><\/figure>\n<p>Quando falamos de <b>modelos<\/b>, os port\u00f5es deslizantes s\u00e3o os campe\u00f5es em pa\u00edses como o Brasil, principalmente em lugares com muitas constru\u00e7\u00f5es. Eles economizam espa\u00e7o e oferecem facilidade de uso. O que voc\u00ea acha desse estilo? Mais pr\u00e1tico, imposs\u00edvel!<\/p>\n<h3>A Import\u00e2ncia do Tamanho<\/h3>\n<figure style=\"width: 1024px\" class=\"wp-caption aligncenter\"><img decoding=\"async\" src=\"https:\/\/www.aarquiteta.com.br\/blog\/wp-content\/uploads\/2025\/03\/portao-frente-dicas02.jpg\" alt=\"Port\u00e3o Frente de Casa: Como Escolher o Tamanho e Modelo Ideal\" width=\"1024\" height=\"1024\" title=\"\"><figcaption class=\"wp-caption-text\">Port\u00e3o Frente de Casa: Como Escolher o Tamanho e Modelo Ideal<\/figcaption><\/figure>\n<p>Um <b>tamanho apropriado<\/b> \u00e9 fundamental. Um port\u00e3o muito pequeno pode passar despercebido, enquanto um muito grande pode parecer desproporcional. Meu conselho? Me\u00e7a bem antes de decidir! Um port\u00e3o de 2,40 m de largura e 2,10 m de altura \u00e9 safe para a maioria dos carros normais.<\/p>\n<table>\n<tr>\n<th>Material<\/th>\n<th>Caracter\u00edsticas<\/th>\n<\/tr>\n<tr>\n<td>Alum\u00ednio<\/td>\n<td>Leve e resistente \u00e0 corros\u00e3o.<\/td>\n<\/tr>\n<tr>\n<td>Madeira<\/td>\n<td>Charmosa, mas exige cuidados constantes.<\/td>\n<\/tr>\n<tr>\n<td>Vidro<\/td>\n<td>Moderno e permite entrada de luz.<\/td>\n<\/tr>\n<tr>\n<td>Ferro<\/td>\n<td>Robusto, mas pode enferrujar.<\/td>\n<\/tr>\n<\/table>\n<h3>Port\u00f5es Autom\u00e1ticos: Conforto e Seguran\u00e7a<\/h3>\n<figure style=\"width: 1024px\" class=\"wp-caption aligncenter\"><img decoding=\"async\" src=\"https:\/\/www.aarquiteta.com.br\/blog\/wp-content\/uploads\/2025\/03\/modelos-de-portoes-1024x563.jpg\" alt=\"Exibi\u00e7\u00e3o de diversos modelos de port\u00f5es, destacando suas caracter\u00edsticas e estilos.\" title=\"\"><figcaption class=\"wp-caption-text\">Exibi\u00e7\u00e3o de diversos modelos de port\u00f5es, destacando suas caracter\u00edsticas e estilos.<\/figcaption><\/figure>\n<p>Outro ponto que n\u00e3o posso deixar de mencionar s\u00e3o os <b>port\u00f5es autom\u00e1ticos<\/b>. Eles s\u00e3o o futuro, oferecendo praticidade ao abrir e fechar com um simples clique. J\u00e1 pensou em entrar na sua garagem sem sair do carro? Facilita a vida, n\u00e9?<\/p>\n<h3>Harmonizando o Design do Port\u00e3o<\/h3>\n<figure style=\"width: 1024px\" class=\"wp-caption aligncenter\"><img decoding=\"async\" src=\"https:\/\/www.aarquiteta.com.br\/blog\/wp-content\/uploads\/2025\/03\/portao-frente-dicas03.jpg\" alt=\"Port\u00e3o Frente de Casa: Como Escolher o Tamanho e Modelo Ideal\" width=\"1024\" height=\"1024\" title=\"\"><figcaption class=\"wp-caption-text\">Port\u00e3o Frente de Casa: Como Escolher o Tamanho e Modelo Ideal<\/figcaption><\/figure>\n<p>Por fim, o design do port\u00e3o deve se integrar \u00e0 casa. Um estilo <b>harmonioso<\/b> transmite seguran\u00e7a e beleza na fachada. Se voc\u00ea ama aquele toque de sofistica\u00e7\u00e3o, o alum\u00ednio pintado de preto \u00e9 uma \u00f3tima escolha!<\/p>\n<h3>Em Resumo<\/h3>\n<figure style=\"width: 1024px\" class=\"wp-caption aligncenter\"><img decoding=\"async\" src=\"https:\/\/www.aarquiteta.com.br\/blog\/wp-content\/uploads\/2025\/03\/portao-frente-de-casa-1-1024x563.jpg\" alt=\"Imagem de um port\u00e3o cortado, mostrando o uso de materiais diversos.\" title=\"\"><figcaption class=\"wp-caption-text\">Imagem de um port\u00e3o cortado, mostrando o uso de materiais diversos.<\/figcaption><\/figure>\n<p>Escolher o port\u00e3o ideal para a sua casa envolve pensar no estilo, material e tamanho. N\u00e3o se esque\u00e7a de que a primeira impress\u00e3o conta e ajuda a valorizar o seu lar. Ent\u00e3o, vamos dar uma repaginada na frente da sua casa?<\/p>\n<figure style=\"width: 1024px\" class=\"wp-caption aligncenter\"><img decoding=\"async\" src=\"https:\/\/www.aarquiteta.com.br\/blog\/wp-content\/uploads\/2025\/03\/portao-frente-dicas4.jpg\" alt=\"Port\u00e3o Frente de Casa: Como Escolher o Tamanho e Modelo Ideal\" width=\"1024\" height=\"1024\" title=\"\"><figcaption class=\"wp-caption-text\">Port\u00e3o Frente de Casa: Como Escolher o Tamanho e Modelo Ideal<\/figcaption><\/figure>\n<figure style=\"width: 1024px\" class=\"wp-caption aligncenter\"><img decoding=\"async\" src=\"https:\/\/www.aarquiteta.com.br\/blog\/wp-content\/uploads\/2025\/03\/portoes-automaticos-1024x563.jpg\" alt=\"Port\u00f5es autom\u00e1ticos possuem tecnologia moderna para praticidade e seguran\u00e7a.\" title=\"\"><figcaption class=\"wp-caption-text\">Port\u00f5es autom\u00e1ticos possuem tecnologia moderna para praticidade e seguran\u00e7a.<\/figcaption><\/figure>\n<h3>Para se aprofundar mais sobre o tema, veja a minha recomenda\u00e7\u00e3o sobre o tema deste artigo no v\u00eddeo a seguir abaixo:<\/h3>\n<p><iframe title=\"YouTube video player\" src=\"https:\/\/www.youtube.com\/embed\/2ax6eJncGRQ\" width=\"560\" height=\"315\" frameborder=\"0\" allowfullscreen=\"allowfullscreen\"><\/iframe><\/p>\n<figure style=\"width: 1024px\" class=\"wp-caption aligncenter\"><img decoding=\"async\" src=\"https:\/\/www.aarquiteta.com.br\/blog\/wp-content\/uploads\/2025\/03\/portao-de-aluminio-1024x563.jpg\" alt=\"Port\u00e3o de alum\u00ednio, evidenciando a durabilidade e leveza do material.\" title=\"\"><figcaption class=\"wp-caption-text\">Port\u00e3o de alum\u00ednio, evidenciando a durabilidade e leveza do material.<\/figcaption><\/figure>\n","protected":false},"excerpt":{"rendered":"<p>Confira dicas essenciais para escolher o port\u00e3o ideal para a frente da sua casa, unindo seguran\u00e7a e design.<\/p>\n","protected":false},"author":102,"featured_media":148030,"comment_status":"open","ping_status":"","sticky":false,"template":"","format":"standard","meta":{"footnotes":""},"categories":[1484],"tags":[],"class_list":["post-148038","post","type-post","status-publish","format-standard","has-post-thumbnail","category-decoracao"],"_wp_attached_file":null,"_wp_attachment_metadata":null,"_wp_attachment_context":null,"_wp_attachment_is_custom_header":null,"geo_longitude":null,"geo_public":null,"geo_latitude":null,"_publicize_done_external":null,"_wpas_done_3897181":null,"publicize_twitter_user":null,"_wpas_done_3897175":null,"_wpas_skip_3897181":null,"_wpas_skip_3897175":null,"_wpas_skip_3924723":null,"_wpas_mess":null,"_wpas_done_3924723":null,"wps_subtitle":"","_links":{"self":[{"href":"https:\/\/www.aarquiteta.com.br\/blog\/wp-json\/wp\/v2\/posts\/148038","targetHints":{"allow":["GET"]}}],"collection":[{"href":"https:\/\/www.aarquiteta.com.br\/blog\/wp-json\/wp\/v2\/posts"}],"about":[{"href":"https:\/\/www.aarquiteta.com.br\/blog\/wp-json\/wp\/v2\/types\/post"}],"author":[{"embeddable":true,"href":"https:\/\/www.aarquiteta.com.br\/blog\/wp-json\/wp\/v2\/users\/102"}],"replies":[{"embeddable":true,"href":"https:\/\/www.aarquiteta.com.br\/blog\/wp-json\/wp\/v2\/comments?post=148038"}],"version-history":[{"count":0,"href":"https:\/\/www.aarquiteta.com.br\/blog\/wp-json\/wp\/v2\/posts\/148038\/revisions"}],"wp:featuredmedia":[{"embeddable":true,"href":"https:\/\/www.aarquiteta.com.br\/blog\/wp-json\/wp\/v2\/media\/148030"}],"wp:attachment":[{"href":"https:\/\/www.aarquiteta.com.br\/blog\/wp-json\/wp\/v2\/media?parent=148038"}],"wp:term":[{"taxonomy":"category","embeddable":true,"href":"https:\/\/www.aarquiteta.com.br\/blog\/wp-json\/wp\/v2\/categories?post=148038"},{"taxonomy":"post_tag","embeddable":true,"href":"https:\/\/www.aarquiteta.com.br\/blog\/wp-json\/wp\/v2\/tags?post=148038"}],"curies":[{"name":"wp","href":"https:\/\/api.w.org\/{rel}","templated":true}]}}