{"id":148026,"date":"2025-03-23T18:22:10","date_gmt":"2025-03-23T21:22:10","guid":{"rendered":"https:\/\/www.aarquiteta.com.br\/blog\/lavabo-pequeno-3\/"},"modified":"2025-03-23T18:22:10","modified_gmt":"2025-03-23T21:22:10","slug":"lavabo-pequeno-3","status":"publish","type":"post","link":"https:\/\/www.aarquiteta.com.br\/blog\/lavabo-pequeno-3\/","title":{"rendered":"Transforme seu Lavabo Pequeno: Dicas de Estilo e Charme que Voc\u00ea N\u00e3o Pode Perder!"},"content":{"rendered":"<p><body><\/p>\n<p>Transformar seu lavabo pequeno em um espa\u00e7o cheio de estilo \u00e9 mais f\u00e1cil do que voc\u00ea imagina! Aqui, vou te contar como fazer isso com charme.<\/p>\n<h3>O lavabo pequeno como cart\u00e3o de visita<\/h3>\n<figure style=\"width: 1024px\" class=\"wp-caption aligncenter\"><img decoding=\"async\" src=\"https:\/\/www.aarquiteta.com.br\/blog\/wp-content\/uploads\/2025\/03\/iluminacao-lavabo-pequeno-1024x563.jpg\" alt=\"Ilumina\u00e7\u00e3o adequada no lavabo pequeno.\" title=\"\"><figcaption class=\"wp-caption-text\">Ilumina\u00e7\u00e3o adequada no lavabo pequeno.<\/figcaption><\/figure>\n<p>Voc\u00ea j\u00e1 parou pra pensar que o <b>lavabo<\/b> \u00e9 um cart\u00e3o de visitas da sua casa? \u00c9 verdade! Um espa\u00e7o pequeno pode revelar muito sobre o seu bom gosto e cuidado com os detalhes.<\/p>\n<p>Para come\u00e7ar, visualize seu lavabo. <b>Espelhos<\/b> s\u00e3o fundamentais; eles ampliam a sensa\u00e7\u00e3o de espa\u00e7o. J\u00e1 experimentou colocar um espelho grande na parede? O efeito \u00e9 m\u00e1gico!<\/p>\n<h3>Escolha de cores e revestimentos<\/h3>\n<figure style=\"width: 1024px\" class=\"wp-caption aligncenter\"><img decoding=\"async\" src=\"https:\/\/www.aarquiteta.com.br\/blog\/wp-content\/uploads\/2025\/03\/lavabo-pequeno01.jpg\" alt=\"Lavabo Pequeno Decorado: Dicas de Estilo e Charme\" width=\"1024\" height=\"1024\" title=\"\"><figcaption class=\"wp-caption-text\">Lavabo Pequeno Decorado: Dicas de Estilo e Charme<\/figcaption><\/figure>\n<ul>\n<li><b>Cores claras<\/b> ampliam o ambiente e criam uma atmosfera leve.<\/li>\n<li>Revestimentos de <b>cer\u00e2mica<\/b> s\u00e3o \u00f3timos para resistir \u00e0 umidade.<\/li>\n<li>Papeis de parede com <b>estampas discretas<\/b> trazem um toque de charme.<\/li>\n<\/ul>\n<h3>Ilumina\u00e7\u00e3o: O toque final<\/h3>\n<figure style=\"width: 1024px\" class=\"wp-caption aligncenter\"><img decoding=\"async\" src=\"https:\/\/www.aarquiteta.com.br\/blog\/wp-content\/uploads\/2025\/03\/lavabo-pequeno-decorado-1200x660.jpg\" alt=\"Decora\u00e7\u00e3o de lavabo pequeno decorado.\" title=\"\"><figcaption class=\"wp-caption-text\">Decora\u00e7\u00e3o de lavabo pequeno decorado.<\/figcaption><\/figure>\n<p>A combina\u00e7\u00e3o de <b>ilumina\u00e7\u00e3o<\/b> \u00e9 crucial. Luz branca traz amplitude, enquanto a luz amarelada proporciona aconchego. Que tal misturar os dois tipos?<\/p>\n<h3>M\u00f3veis planejados: solu\u00e7\u00e3o inteligente<\/h3>\n<figure style=\"width: 1024px\" class=\"wp-caption aligncenter\"><img decoding=\"async\" src=\"https:\/\/www.aarquiteta.com.br\/blog\/wp-content\/uploads\/2025\/03\/lavabo-pequeno02.jpg\" alt=\"Lavabo Pequeno Decorado: Dicas de Estilo e Charme\" width=\"1024\" height=\"1024\" title=\"\"><figcaption class=\"wp-caption-text\">Lavabo Pequeno Decorado: Dicas de Estilo e Charme<\/figcaption><\/figure>\n<p>Investir em <b>m\u00f3veis planejados<\/b> \u00e9 uma estrat\u00e9gia sensacional. Eles aproveitam cada cantinho e facilitam a organiza\u00e7\u00e3o. Imagine um arm\u00e1rio embutido onde tudo fica no lugar!<\/p>\n<h3>Fa\u00e7a uma tabela com os detalhes essenciais<\/h3>\n<figure style=\"width: 1024px\" class=\"wp-caption aligncenter\"><img decoding=\"async\" src=\"https:\/\/www.aarquiteta.com.br\/blog\/wp-content\/uploads\/2025\/03\/papel-do-lavabo-na-decoracao-1024x563.jpg\" alt=\"Papel de parede na decora\u00e7\u00e3o do lavabo.\" title=\"\"><figcaption class=\"wp-caption-text\">Papel de parede na decora\u00e7\u00e3o do lavabo.<\/figcaption><\/figure>\n<table border=\"1\">\n<tr>\n<th>Aspecto<\/th>\n<th>Detalhes<\/th>\n<\/tr>\n<tr>\n<td><b>Espelho<\/b><\/td>\n<td>Amplia o espa\u00e7o<\/td>\n<\/tr>\n<tr>\n<td><b>Cores<\/b><\/td>\n<td>Preferir tons claros<\/td>\n<\/tr>\n<tr>\n<td><b>Ilumina\u00e7\u00e3o<\/b><\/td>\n<td>Combinar luz branca e amarelada<\/td>\n<\/tr>\n<tr>\n<td><b>M\u00f3veis<\/b><\/td>\n<td>Planejados para otimizar o espa\u00e7o<\/td>\n<\/tr>\n<\/table>\n<h3>Acess\u00f3rios que fazem a diferen\u00e7a<\/h3>\n<figure style=\"width: 1024px\" class=\"wp-caption aligncenter\"><img decoding=\"async\" src=\"https:\/\/www.aarquiteta.com.br\/blog\/wp-content\/uploads\/2025\/03\/lavabo-pequeno03.jpg\" alt=\"Lavabo Pequeno Decorado: Dicas de Estilo e Charme\" width=\"1024\" height=\"1024\" title=\"\"><figcaption class=\"wp-caption-text\">Lavabo Pequeno Decorado: Dicas de Estilo e Charme<\/figcaption><\/figure>\n<p>N\u00e3o subestime a import\u00e2ncia dos <b>acess\u00f3rios<\/b>. Toalhas bonitas, um porta-escova estiloso e at\u00e9 uma <b>plantinha<\/b> podem fazer o ambiente ficar mais acolhedor.<\/p>\n<h3>Invista na sua criatividade<\/h3>\n<figure style=\"width: 1024px\" class=\"wp-caption aligncenter\"><img decoding=\"async\" src=\"https:\/\/www.aarquiteta.com.br\/blog\/wp-content\/uploads\/2025\/03\/estilos-de-lavabo-pequeno-1024x563.jpg\" alt=\"Estilos de lavabo pequeno decorado.\" title=\"\"><figcaption class=\"wp-caption-text\">Estilos de lavabo pequeno decorado.<\/figcaption><\/figure>\n<p>Lembre-se, a personaliza\u00e7\u00e3o \u00e9 a chave! Use <b>pap\u00e9is de parede<\/b> ou adesivos para dar um charme \u00fanico. Brinque com os estilos e fa\u00e7a com que seu lavabo tenha a sua cara!<\/p>\n<h3>Desfrute do seu lavabo decorado!<\/h3>\n<figure style=\"width: 1024px\" class=\"wp-caption aligncenter\"><img decoding=\"async\" src=\"https:\/\/www.aarquiteta.com.br\/blog\/wp-content\/uploads\/2025\/03\/lavabo-pequeno4.jpg\" alt=\"Lavabo Pequeno Decorado: Dicas de Estilo e Charme\" width=\"1024\" height=\"1024\" title=\"\"><figcaption class=\"wp-caption-text\">Lavabo Pequeno Decorado: Dicas de Estilo e Charme<\/figcaption><\/figure>\n<p>Com todas essas dicas, seu lavabo pequeno vai se transformar em um espa\u00e7o encantador. N\u00e3o cuide apenas do funcional, mas tamb\u00e9m do est\u00e9tico. A sua <b>criatividade<\/b> deve brilhar!<\/p>\n<p><\/body><br \/>\n<figure style=\"width: 1024px\" class=\"wp-caption aligncenter\"><img decoding=\"async\" src=\"https:\/\/www.aarquiteta.com.br\/blog\/wp-content\/uploads\/2025\/03\/moveis-planejados-lavabo-pequeno-1024x563.jpg\" alt=\"M\u00f3veis planejados para lavabo pequeno.\" title=\"\"><figcaption class=\"wp-caption-text\">M\u00f3veis planejados para lavabo pequeno.<\/figcaption><\/figure>\n<h3>Para se aprofundar mais sobre o tema, veja a minha recomenda\u00e7\u00e3o sobre o tema deste artigo no v\u00eddeo a seguir abaixo:<\/h3>\n<p><iframe title=\"YouTube video player\" src=\"https:\/\/www.youtube.com\/embed\/0Kq6W6ARCVQ\" width=\"560\" height=\"315\" frameborder=\"0\" allowfullscreen=\"allowfullscreen\"><\/iframe><\/p>\n<figure style=\"width: 1024px\" class=\"wp-caption aligncenter\"><img decoding=\"async\" src=\"https:\/\/www.aarquiteta.com.br\/blog\/wp-content\/uploads\/2025\/03\/espelhos-em-lavabo-1024x563.jpg\" alt=\"Espelhos em lavabo pequeno.\" title=\"\"><figcaption class=\"wp-caption-text\">Espelhos em lavabo pequeno.<\/figcaption><\/figure>\n","protected":false},"excerpt":{"rendered":"<p>Dicas para decorar um lavabo pequeno com charme, otimizando cada detalhe para um visual sofisticado.<\/p>\n","protected":false},"author":102,"featured_media":148018,"comment_status":"open","ping_status":"","sticky":false,"template":"","format":"standard","meta":{"footnotes":""},"categories":[1484],"tags":[],"class_list":["post-148026","post","type-post","status-publish","format-standard","has-post-thumbnail","category-decoracao"],"_wp_attached_file":null,"_wp_attachment_metadata":null,"_wp_attachment_context":null,"_wp_attachment_is_custom_header":null,"geo_longitude":null,"geo_public":null,"geo_latitude":null,"_publicize_done_external":null,"_wpas_done_3897181":null,"publicize_twitter_user":null,"_wpas_done_3897175":null,"_wpas_skip_3897181":null,"_wpas_skip_3897175":null,"_wpas_skip_3924723":null,"_wpas_mess":null,"_wpas_done_3924723":null,"wps_subtitle":"","_links":{"self":[{"href":"https:\/\/www.aarquiteta.com.br\/blog\/wp-json\/wp\/v2\/posts\/148026","targetHints":{"allow":["GET"]}}],"collection":[{"href":"https:\/\/www.aarquiteta.com.br\/blog\/wp-json\/wp\/v2\/posts"}],"about":[{"href":"https:\/\/www.aarquiteta.com.br\/blog\/wp-json\/wp\/v2\/types\/post"}],"author":[{"embeddable":true,"href":"https:\/\/www.aarquiteta.com.br\/blog\/wp-json\/wp\/v2\/users\/102"}],"replies":[{"embeddable":true,"href":"https:\/\/www.aarquiteta.com.br\/blog\/wp-json\/wp\/v2\/comments?post=148026"}],"version-history":[{"count":0,"href":"https:\/\/www.aarquiteta.com.br\/blog\/wp-json\/wp\/v2\/posts\/148026\/revisions"}],"wp:featuredmedia":[{"embeddable":true,"href":"https:\/\/www.aarquiteta.com.br\/blog\/wp-json\/wp\/v2\/media\/148018"}],"wp:attachment":[{"href":"https:\/\/www.aarquiteta.com.br\/blog\/wp-json\/wp\/v2\/media?parent=148026"}],"wp:term":[{"taxonomy":"category","embeddable":true,"href":"https:\/\/www.aarquiteta.com.br\/blog\/wp-json\/wp\/v2\/categories?post=148026"},{"taxonomy":"post_tag","embeddable":true,"href":"https:\/\/www.aarquiteta.com.br\/blog\/wp-json\/wp\/v2\/tags?post=148026"}],"curies":[{"name":"wp","href":"https:\/\/api.w.org\/{rel}","templated":true}]}}