{"id":148002,"date":"2025-03-23T13:01:46","date_gmt":"2025-03-23T16:01:46","guid":{"rendered":"https:\/\/www.aarquiteta.com.br\/blog\/fachadas-tons-naturais\/"},"modified":"2025-03-23T13:01:46","modified_gmt":"2025-03-23T16:01:46","slug":"fachadas-tons-naturais","status":"publish","type":"post","link":"https:\/\/www.aarquiteta.com.br\/blog\/fachadas-tons-naturais\/","title":{"rendered":"As 5 Melhores Dicas para Combinar Marrom, Areia e Verde em Fachadas"},"content":{"rendered":"<p><body><\/p>\n<p><b>Cores naturais s\u00e3o tend\u00eancia e podem transformar qualquer fachada.<\/b> Mas como combinar marrom, areia e verde sem pesar no visual? Aqui, te mostro o caminho para uma combina\u00e7\u00e3o elegante e equilibrada.<\/p>\n<figure style=\"width: 1024px\" class=\"wp-caption aligncenter\"><img decoding=\"async\" src=\"https:\/\/www.aarquiteta.com.br\/blog\/wp-content\/uploads\/2025\/03\/fachadas-tons-naturais01.jpg\" alt=\"Fachadas com tons naturais: como combinar marrom, areia e verde sem pesar no visual\" width=\"1024\" height=\"1024\" title=\"\"><figcaption class=\"wp-caption-text\">Fachadas com tons naturais: como combinar marrom, areia e verde sem pesar no visual<\/figcaption><\/figure>\n<h3>Por que escolher tons naturais para a fachada?<\/h3>\n<p>J\u00e1 percebeu como <b>tonalidades terrosas trazem uma sensa\u00e7\u00e3o de aconchego<\/b>? Al\u00e9m disso, s\u00e3o atemporais e combinam com qualquer estilo arquitet\u00f4nico, do moderno ao r\u00fastico.<\/p>\n<figure style=\"width: 1024px\" class=\"wp-caption aligncenter\"><img decoding=\"async\" src=\"https:\/\/www.aarquiteta.com.br\/blog\/wp-content\/uploads\/2025\/03\/fachadas-tons-naturais02.jpg\" alt=\"Fachadas com tons naturais: como combinar marrom, areia e verde sem pesar no visual\" width=\"1024\" height=\"1024\" title=\"\"><figcaption class=\"wp-caption-text\">Fachadas com tons naturais: como combinar marrom, areia e verde sem pesar no visual<\/figcaption><\/figure>\n<h3>O equil\u00edbrio perfeito entre marrom, areia e verde<\/h3>\n<p>Muita gente erra ao exagerar em uma das cores. O segredo? <b>Usar o marrom na base, areia para suavizar e verde nos detalhes<\/b>. Assim, a fachada fica harm\u00f4nica e sofisticada.<\/p>\n<h3>Como evitar um visual pesado?<\/h3>\n<p>Excesso de marrom pode deixar a casa escura, enquanto muito verde pode parecer exagerado. <b>Aposte no contraste com tons claros<\/b> e finalize com vegeta\u00e7\u00e3o natural.<\/p>\n<h3>Por que a ilumina\u00e7\u00e3o faz toda a diferen\u00e7a?<\/h3>\n<p>J\u00e1 pensou que um tom pode parecer diferente dependendo da luz? <b>Invista em ilumina\u00e7\u00e3o estrat\u00e9gica<\/b> para destacar os pontos certos da fachada e valorizar a paleta de cores.<\/p>\n<figure style=\"width: 1024px\" class=\"wp-caption aligncenter\"><img decoding=\"async\" src=\"https:\/\/www.aarquiteta.com.br\/blog\/wp-content\/uploads\/2025\/03\/9684997cdca96bfda967b5637288eef8-799x1200.jpg\" alt=\"Fachadas com tons naturais: como combinar marrom, areia e verde sem pesar no visual\" width=\"1024\" height=\"1024\" title=\"\"><figcaption class=\"wp-caption-text\">Fonte: Pinterest<\/figcaption><\/figure>\n<h3>Materiais naturais ampliam o efeito elegante<\/h3>\n<p>Pense comigo: j\u00e1 viu como pedras, madeira e texturas naturais combinam bem com esses tons? <b>Esses materiais complementam e enriquecem a composi\u00e7\u00e3o sem exageros<\/b>.<\/p>\n<figure style=\"width: 1024px\" class=\"wp-caption aligncenter\"><img decoding=\"async\" src=\"https:\/\/www.aarquiteta.com.br\/blog\/wp-content\/uploads\/2025\/03\/0264e88f889227f6c9a870e87b9d153c-675x1200.jpg\" alt=\"Fachadas com tons naturais: como combinar marrom, areia e verde sem pesar no visual\" width=\"1024\" height=\"1024\" title=\"\"><figcaption class=\"wp-caption-text\">Fonte: Pinterest<\/figcaption><\/figure>\n<h3>O segredo est\u00e1 nos detalhes<\/h3>\n<p>Portas, janelas e elementos decorativos devem seguir a harmonia da paleta. <b>Um erro comum \u00e9 ignorar essas partes<\/b>, mas pequenos detalhes fazem toda a diferen\u00e7a no resultado final.<\/p>\n<figure style=\"width: 1024px\" class=\"wp-caption aligncenter\"><img decoding=\"async\" src=\"https:\/\/www.aarquiteta.com.br\/blog\/wp-content\/uploads\/2025\/03\/bcdf94456fbcc0335cbb1167f84052a8-690x1200.jpg\" alt=\"Fachadas com tons naturais: como combinar marrom, areia e verde sem pesar no visual\" width=\"1024\" height=\"1024\" title=\"\"><figcaption class=\"wp-caption-text\">Fonte: Pinterest<\/figcaption><\/figure>\n<h3>Verde natural: como integrar plantas na fachada<\/h3>\n<p>Se tem uma coisa que combina com tons terrosos, s\u00e3o as plantas! <b>Jardins verticais, vasos e trepadeiras<\/b> s\u00e3o \u00f3timas op\u00e7\u00f5es para trazer vida \u00e0 fachada sem comprometer a eleg\u00e2ncia.<\/p>\n<figure style=\"width: 1024px\" class=\"wp-caption aligncenter\"><img decoding=\"async\" src=\"https:\/\/www.aarquiteta.com.br\/blog\/wp-content\/uploads\/2025\/03\/bc96da17973cf26058de74411a57f772.jpg\" alt=\"Fachadas com tons naturais: como combinar marrom, areia e verde sem pesar no visual\" width=\"1024\" height=\"1024\" title=\"\"><figcaption class=\"wp-caption-text\">Fonte: Pinterest<\/figcaption><\/figure>\n<h3>Teste antes de aplicar<\/h3>\n<p>Nunca confie apenas na amostra de tinta! <b>Teste as cores em pequenas \u00e1reas antes de pintar tudo<\/b> e veja como elas se comportam na ilumina\u00e7\u00e3o natural ao longo do dia.<\/p>\n<figure style=\"width: 1024px\" class=\"wp-caption aligncenter\"><img decoding=\"async\" src=\"https:\/\/www.aarquiteta.com.br\/blog\/wp-content\/uploads\/2025\/03\/a2059c2f9917d0b97c372e50140b2b6d.jpg\" alt=\"Fachadas com tons naturais: como combinar marrom, areia e verde sem pesar no visual\" width=\"1024\" height=\"1024\" title=\"\"><figcaption class=\"wp-caption-text\">Fonte: Pinterest<\/figcaption><\/figure>\n<p><b>Combinar marrom, areia e verde na fachada \u00e9 uma arte.<\/b> O segredo est\u00e1 no equil\u00edbrio, nos materiais certos e nos pequenos detalhes. Com essa combina\u00e7\u00e3o bem pensada, sua casa ter\u00e1 um visual natural sem exageros!<\/p>\n<figure style=\"width: 1024px\" class=\"wp-caption aligncenter\"><img decoding=\"async\" src=\"https:\/\/i.pinimg.com\/originals\/9e\/9a\/f3\/9e9af352275c535dbac721f619b7dbf0.jpg\" alt=\"Fachadas com tons naturais: como combinar marrom, areia e verde sem pesar no visual\" width=\"1024\" height=\"1024\" title=\"\"><figcaption class=\"wp-caption-text\">Fonte: Pinterest<\/figcaption><\/figure>\n<\/body><\/p>\n","protected":false},"excerpt":{"rendered":"<p>As 5 Melhores Dicas para Combinar Marrom, Areia e Verde em Fachadas<\/p>\n","protected":false},"author":102,"featured_media":147992,"comment_status":"open","ping_status":"","sticky":false,"template":"","format":"standard","meta":{"footnotes":""},"categories":[1484],"tags":[],"class_list":["post-148002","post","type-post","status-publish","format-standard","has-post-thumbnail","category-decoracao"],"_wp_attached_file":null,"_wp_attachment_metadata":null,"_wp_attachment_context":null,"_wp_attachment_is_custom_header":null,"geo_longitude":null,"geo_public":null,"geo_latitude":null,"_publicize_done_external":null,"_wpas_done_3897181":null,"publicize_twitter_user":null,"_wpas_done_3897175":null,"_wpas_skip_3897181":null,"_wpas_skip_3897175":null,"_wpas_skip_3924723":null,"_wpas_mess":null,"_wpas_done_3924723":null,"wps_subtitle":"","_links":{"self":[{"href":"https:\/\/www.aarquiteta.com.br\/blog\/wp-json\/wp\/v2\/posts\/148002","targetHints":{"allow":["GET"]}}],"collection":[{"href":"https:\/\/www.aarquiteta.com.br\/blog\/wp-json\/wp\/v2\/posts"}],"about":[{"href":"https:\/\/www.aarquiteta.com.br\/blog\/wp-json\/wp\/v2\/types\/post"}],"author":[{"embeddable":true,"href":"https:\/\/www.aarquiteta.com.br\/blog\/wp-json\/wp\/v2\/users\/102"}],"replies":[{"embeddable":true,"href":"https:\/\/www.aarquiteta.com.br\/blog\/wp-json\/wp\/v2\/comments?post=148002"}],"version-history":[{"count":0,"href":"https:\/\/www.aarquiteta.com.br\/blog\/wp-json\/wp\/v2\/posts\/148002\/revisions"}],"wp:featuredmedia":[{"embeddable":true,"href":"https:\/\/www.aarquiteta.com.br\/blog\/wp-json\/wp\/v2\/media\/147992"}],"wp:attachment":[{"href":"https:\/\/www.aarquiteta.com.br\/blog\/wp-json\/wp\/v2\/media?parent=148002"}],"wp:term":[{"taxonomy":"category","embeddable":true,"href":"https:\/\/www.aarquiteta.com.br\/blog\/wp-json\/wp\/v2\/categories?post=148002"},{"taxonomy":"post_tag","embeddable":true,"href":"https:\/\/www.aarquiteta.com.br\/blog\/wp-json\/wp\/v2\/tags?post=148002"}],"curies":[{"name":"wp","href":"https:\/\/api.w.org\/{rel}","templated":true}]}}