{"id":147952,"date":"2025-03-22T13:16:02","date_gmt":"2025-03-22T16:16:02","guid":{"rendered":"https:\/\/www.aarquiteta.com.br\/blog\/organizacao-casa-meses-secos\/"},"modified":"2025-03-22T13:16:02","modified_gmt":"2025-03-22T16:16:02","slug":"organizacao-casa-meses-secos","status":"publish","type":"post","link":"https:\/\/www.aarquiteta.com.br\/blog\/organizacao-casa-meses-secos\/","title":{"rendered":"10 Dicas Imperd\u00edveis para Organizar sua Casa nos Meses Secos"},"content":{"rendered":"<p><body><\/p>\n<p><b>Os meses mais secos trazem desafios para a casa, mas com alguns truques simples, d\u00e1 pra manter o ambiente arejado, aconchegante e cheio de estilo.<\/b><\/p>\n<figure style=\"width: 1024px\" class=\"wp-caption aligncenter\"><img decoding=\"async\" src=\"https:\/\/www.aarquiteta.com.br\/blog\/wp-content\/uploads\/2025\/03\/organizacao-casa-meses-secos01.jpg\" alt=\"Como organizar sua casa para os meses mais secos sem perder o estilo\" width=\"1024\" height=\"1024\" title=\"\"><figcaption class=\"wp-caption-text\">Como organizar sua casa para os meses mais secos sem perder o estilo<\/figcaption><\/figure>\n<h3>Ventila\u00e7\u00e3o: deixe sua casa respirar<\/h3>\n<p>Com o tempo seco, <b>o ar fica mais pesado<\/b>, e a circula\u00e7\u00e3o \u00e9 essencial. Deixe janelas e portas abertas sempre que poss\u00edvel.<\/p>\n<figure style=\"width: 1024px\" class=\"wp-caption aligncenter\"><img decoding=\"async\" src=\"https:\/\/www.aarquiteta.com.br\/blog\/wp-content\/uploads\/2025\/03\/organizacao-casa-meses-secos02.jpg\" alt=\"Como organizar sua casa para os meses mais secos sem perder o estilo\" width=\"1024\" height=\"1024\" title=\"\"><figcaption class=\"wp-caption-text\">Como organizar sua casa para os meses mais secos sem perder o estilo<\/figcaption><\/figure>\n<p>Se n\u00e3o tiver muito vento, <b>posicione ventiladores estrategicamente<\/b> para criar um fluxo de ar refrescante.<\/p>\n<h3>Escolha tecidos leves e naturais<\/h3>\n<p>Troque os tecidos pesados por <b>algod\u00e3o e linho<\/b>, que s\u00e3o mais frescos e ajudam a manter um ambiente leve.<\/p>\n<p>Cortinas muito grossas podem reter poeira e calor, ent\u00e3o prefira vers\u00f5es mais finas para uma casa mais agrad\u00e1vel.<\/p>\n<figure style=\"width: 1024px\" class=\"wp-caption aligncenter\"><img decoding=\"async\" src=\"https:\/\/i.pinimg.com\/originals\/76\/f8\/93\/76f893affad71eec717578b0b3d925e8.jpg\" alt=\"Como organizar sua casa para os meses mais secos sem perder o estilo\" width=\"1024\" height=\"1024\" title=\"\"><figcaption class=\"wp-caption-text\">Fonte: Pinterest<\/figcaption><\/figure>\n<h3>Use plantas para um toque fresco<\/h3>\n<p>Al\u00e9m de darem charme \u00e0 decora\u00e7\u00e3o, <b>as plantas ajudam a umidificar o ar<\/b>. Samambaia, espada-de-s\u00e3o-jorge e jiboia s\u00e3o \u00f3timas op\u00e7\u00f5es.<\/p>\n<figure style=\"width: 1024px\" class=\"wp-caption aligncenter\"><img decoding=\"async\" src=\"https:\/\/www.aarquiteta.com.br\/blog\/wp-content\/uploads\/2025\/03\/cc83ce9438981541c508ab13c8ce9933-708x1200.jpg\" alt=\"Como organizar sua casa para os meses mais secos sem perder o estilo\" width=\"1024\" height=\"1024\" title=\"\"><figcaption class=\"wp-caption-text\">Fonte: Pinterest<\/figcaption><\/figure>\n<p>Se n\u00e3o tiver muito tempo para cuidar delas, aposte em suculentas, que praticamente se viram sozinhas.<\/p>\n<figure style=\"width: 1024px\" class=\"wp-caption aligncenter\"><img decoding=\"async\" src=\"https:\/\/www.aarquiteta.com.br\/blog\/wp-content\/uploads\/2025\/03\/6d3d61bff04a8aab05b1ada9d54d9097-800x1200.jpg\" alt=\"Como organizar sua casa para os meses mais secos sem perder o estilo\" width=\"1024\" height=\"1024\" title=\"\"><figcaption class=\"wp-caption-text\">Fonte: Pinterest<\/figcaption><\/figure>\n<h3>Evite ac\u00famulo de poeira<\/h3>\n<p>No tempo seco, <b>a poeira parece surgir do nada<\/b>. Para evitar esse problema, passe um pano \u00famido nos m\u00f3veis pelo menos duas vezes por semana.<\/p>\n<figure style=\"width: 1024px\" class=\"wp-caption aligncenter\"><img decoding=\"async\" src=\"https:\/\/www.aarquiteta.com.br\/blog\/wp-content\/uploads\/2025\/03\/31c730fee0cc524f8d6c796cc602449f-800x1200.jpg\" alt=\"Como organizar sua casa para os meses mais secos sem perder o estilo\" width=\"1024\" height=\"1024\" title=\"\"><figcaption class=\"wp-caption-text\">Fonte: Pinterest<\/figcaption><\/figure>\n<p>B\u00f4nus: al\u00e9m de limpar, o pano \u00famido ajuda a manter o ar um pouquinho mais \u00famido.<\/p>\n<figure style=\"width: 1024px\" class=\"wp-caption aligncenter\"><img decoding=\"async\" src=\"https:\/\/i.pinimg.com\/originals\/50\/23\/e6\/5023e604c417ac86949bffece9894c57.jpg\" alt=\"Como organizar sua casa para os meses mais secos sem perder o estilo\" width=\"1024\" height=\"1024\" title=\"\"><figcaption class=\"wp-caption-text\">Fonte: Pinterest<\/figcaption><\/figure>\n<h3>Invista em objetos que absorvem estilo<\/h3>\n<p>Tapetes e almofadas podem ajudar na decora\u00e7\u00e3o, mas no tempo seco <b>eles tamb\u00e9m acumulam poeira<\/b>. Escolha modelos f\u00e1ceis de lavar e mantenha tudo sempre higienizado.<\/p>\n<figure style=\"width: 1024px\" class=\"wp-caption aligncenter\"><img decoding=\"async\" src=\"https:\/\/www.aarquiteta.com.br\/blog\/wp-content\/uploads\/2025\/03\/291f7b6733530530e6734037e4c91f9c-706x1200.jpg\" alt=\"Como organizar sua casa para os meses mais secos sem perder o estilo\" width=\"1024\" height=\"1024\" title=\"\"><figcaption class=\"wp-caption-text\">Fonte: Pinterest<\/figcaption><\/figure>\n<p>Se quiser um toque a mais, troque capas de almofada e mantas para dar um ar novo \u00e0 casa.<\/p>\n<h3>Cuide da umidade do ambiente<\/h3>\n<p>Se n\u00e3o tem um umidificador, <b>um truque simples \u00e9 colocar bacias de \u00e1gua nos c\u00f4modos<\/b>. Isso ajuda a evitar aquele ar seco que incomoda.<\/p>\n<p>Vale tamb\u00e9m deixar toalhas \u00famidas penduradas ou at\u00e9 mesmo investir em fontes de \u00e1gua decorativas.<\/p>\n<h3>Escolha aromas leves e naturais<\/h3>\n<p>No tempo seco, o olfato fica mais sens\u00edvel. Ent\u00e3o, prefira <b>aromas suaves<\/b>, como lavanda, alecrim e hortel\u00e3, que trazem sensa\u00e7\u00e3o de frescor.<\/p>\n<p>Difusores de \u00f3leos essenciais s\u00e3o uma \u00f3tima op\u00e7\u00e3o para manter a casa perfumada sem exagero.<\/p>\n<p><\/body><\/p>\n","protected":false},"excerpt":{"rendered":"<p>10 Dicas Imperd\u00edveis para Organizar sua Casa nos Meses Secos<\/p>\n","protected":false},"author":102,"featured_media":147942,"comment_status":"open","ping_status":"","sticky":false,"template":"","format":"standard","meta":{"footnotes":""},"categories":[1484],"tags":[],"class_list":["post-147952","post","type-post","status-publish","format-standard","has-post-thumbnail","category-decoracao"],"_wp_attached_file":null,"_wp_attachment_metadata":null,"_wp_attachment_context":null,"_wp_attachment_is_custom_header":null,"geo_longitude":null,"geo_public":null,"geo_latitude":null,"_publicize_done_external":null,"_wpas_done_3897181":null,"publicize_twitter_user":null,"_wpas_done_3897175":null,"_wpas_skip_3897181":null,"_wpas_skip_3897175":null,"_wpas_skip_3924723":null,"_wpas_mess":null,"_wpas_done_3924723":null,"wps_subtitle":"","_links":{"self":[{"href":"https:\/\/www.aarquiteta.com.br\/blog\/wp-json\/wp\/v2\/posts\/147952","targetHints":{"allow":["GET"]}}],"collection":[{"href":"https:\/\/www.aarquiteta.com.br\/blog\/wp-json\/wp\/v2\/posts"}],"about":[{"href":"https:\/\/www.aarquiteta.com.br\/blog\/wp-json\/wp\/v2\/types\/post"}],"author":[{"embeddable":true,"href":"https:\/\/www.aarquiteta.com.br\/blog\/wp-json\/wp\/v2\/users\/102"}],"replies":[{"embeddable":true,"href":"https:\/\/www.aarquiteta.com.br\/blog\/wp-json\/wp\/v2\/comments?post=147952"}],"version-history":[{"count":0,"href":"https:\/\/www.aarquiteta.com.br\/blog\/wp-json\/wp\/v2\/posts\/147952\/revisions"}],"wp:featuredmedia":[{"embeddable":true,"href":"https:\/\/www.aarquiteta.com.br\/blog\/wp-json\/wp\/v2\/media\/147942"}],"wp:attachment":[{"href":"https:\/\/www.aarquiteta.com.br\/blog\/wp-json\/wp\/v2\/media?parent=147952"}],"wp:term":[{"taxonomy":"category","embeddable":true,"href":"https:\/\/www.aarquiteta.com.br\/blog\/wp-json\/wp\/v2\/categories?post=147952"},{"taxonomy":"post_tag","embeddable":true,"href":"https:\/\/www.aarquiteta.com.br\/blog\/wp-json\/wp\/v2\/tags?post=147952"}],"curies":[{"name":"wp","href":"https:\/\/api.w.org\/{rel}","templated":true}]}}