{"id":147940,"date":"2025-03-24T19:30:54","date_gmt":"2025-03-24T22:30:54","guid":{"rendered":"https:\/\/www.aarquiteta.com.br\/blog\/plantas-sol-resistentes-facil-cuidado\/"},"modified":"2025-03-24T09:20:02","modified_gmt":"2025-03-24T12:20:02","slug":"plantas-sol-resistentes-facil-cuidado","status":"publish","type":"post","link":"https:\/\/www.aarquiteta.com.br\/blog\/plantas-sol-resistentes-facil-cuidado\/","title":{"rendered":"5 plantas que sobrevivem ao sol forte: perfeitas para quem vive na correria"},"content":{"rendered":"<p><body><\/p><p><b>Se voc\u00ea vive na correria e esquece de regar as plantas, n\u00e3o se preocupe!<\/b> Algumas esp\u00e9cies resistem ao sol forte e longos per\u00edodos sem \u00e1gua. Veja as melhores op\u00e7\u00f5es!<\/p><h3>1. Plantas para quem n\u00e3o tem tempo<\/h3><figure style=\"width: 1024px\" class=\"wp-caption aligncenter\"><img decoding=\"async\" src=\"https:\/\/www.aarquiteta.com.br\/blog\/wp-content\/uploads\/2025\/03\/plantas-sol-resistentes-facil-cuidado04.jpg\" alt=\"5 plantas que sobrevivem ao sol forte e esquecimentos: perfeitas para quem vive na correria\" width=\"1024\" height=\"1024\" title=\"\"><figcaption class=\"wp-caption-text\">5 plantas que sobrevivem ao sol forte e esquecimentos: perfeitas para quem vive na correria<\/figcaption><\/figure><p>J\u00e1 tentou cultivar uma planta e, quando percebeu, ela estava seca e sem vida? <b>Calma, nem todas s\u00e3o assim t\u00e3o fr\u00e1geis.<\/b> Algumas esp\u00e9cies s\u00e3o verdadeiras guerreiras!<\/p><h3>2. Suculentas: pequenas, lindas e quase imortais<\/h3><figure style=\"width: 1024px\" class=\"wp-caption aligncenter\"><img decoding=\"async\" src=\"https:\/\/www.aarquiteta.com.br\/blog\/wp-content\/uploads\/2025\/03\/plantas-sol-resistentes-facil-cuidado03.jpg\" alt=\"5 plantas que sobrevivem ao sol forte e esquecimentos: perfeitas para quem vive na correria\" width=\"1024\" height=\"1024\" title=\"\"><figcaption class=\"wp-caption-text\">5 plantas que sobrevivem ao sol forte e esquecimentos: perfeitas para quem vive na correria<\/figcaption><\/figure><p><b>Se existe uma planta que sobrevive ao esquecimento, essa planta \u00e9 a <a href=\"https:\/\/www.aarquiteta.com.br\/blog\/?s=SUCULENTA\">suculenta<\/a>.<\/b> Elas armazenam \u00e1gua nas folhas e podem passar dias sem rega!<\/p><h3>3. Espada-de-s\u00e3o-jorge: poderosa e resistente<\/h3><figure style=\"width: 1024px\" class=\"wp-caption aligncenter\"><img decoding=\"async\" src=\"https:\/\/www.aarquiteta.com.br\/blog\/wp-content\/uploads\/2025\/03\/plantas-sol-resistentes-facil-cuidado02.jpg\" alt=\"5 plantas que sobrevivem ao sol forte e esquecimentos: perfeitas para quem vive na correria\" width=\"1024\" height=\"1024\" title=\"\"><figcaption class=\"wp-caption-text\">5 plantas que sobrevivem ao sol forte e esquecimentos: perfeitas para quem vive na correria<\/figcaption><\/figure><p>Se voc\u00ea precisa de uma planta <b>que aguenta sol forte e pouca \u00e1gua<\/b>, aposte na Espada-de-S\u00e3o-Jorge. Al\u00e9m disso, dizem que traz prote\u00e7\u00e3o para o ambiente!<\/p><h3>4. Cactos: sobreviventes do deserto<\/h3><figure style=\"width: 1024px\" class=\"wp-caption aligncenter\"><img decoding=\"async\" src=\"https:\/\/www.aarquiteta.com.br\/blog\/wp-content\/uploads\/2025\/03\/plantas-sol-resistentes-facil-cuidado01.jpg\" alt=\"5 plantas que sobrevivem ao sol forte e esquecimentos: perfeitas para quem vive na correria\" width=\"1024\" height=\"1024\" title=\"\"><figcaption class=\"wp-caption-text\">5 plantas que sobrevivem ao sol forte e esquecimentos: perfeitas para quem vive na correria<\/figcaption><\/figure><p>Se um cacto sobrevive no deserto, claro que ele vai sobreviver na sua <a href=\"https:\/\/www.aarquiteta.com.br\/blog\/casa-e-jardim\/\" class=\"ilj-generated-link\">casa<\/a>! <b>Quase n\u00e3o precisa de \u00e1gua<\/b> e ainda d\u00e1 aquele toque r\u00fastico na decora\u00e7\u00e3o.<\/p><h3>5. Zamioculca: beleza e resist\u00eancia juntas<\/h3><p>Agora, se voc\u00ea quer uma planta bonita e dif\u00edcil de matar, a zamioculca \u00e9 a escolha certa. <b>Ela tolera pouca luz, pouca \u00e1gua e ainda cresce lindamente.<\/b><\/p><h3>6. Clorofito: o purificador do ar<\/h3><h3>Assista agora a minha recomenda\u00e7\u00e3o de video abaixo sobre o tema que estamos tratando neste artigo: <\/h3><p><div class=\"youtube-embed\" data-video_id=\"OjmOQumsD4A\"><iframe title=\"5 Plantas de Sol  Forte f\u00e1cil de cuidar\" width=\"696\" height=\"392\" src=\"https:\/\/www.youtube.com\/embed\/OjmOQumsD4A?feature=oembed&#038;enablejsapi=1\" frameborder=\"0\" allow=\"accelerometer; autoplay; clipboard-write; encrypted-media; gyroscope; picture-in-picture; web-share\" referrerpolicy=\"strict-origin-when-cross-origin\" allowfullscreen><\/iframe><\/div><\/p><p>Quer uma planta que <b>sobrevive f\u00e1cil e ainda melhora a qualidade do ar?<\/b> O Clorofito faz isso com estilo e sem exigir muitos cuidados!<\/p><h3>Tabela com as principais caracter\u00edsticas<\/h3><table border=\"1\"><tr><th>Planta<\/th><th>Resist\u00eancia ao Sol<\/th><th>Necessidade de Rega<\/th><th>Benef\u00edcio Extra<\/th><\/tr><tr><td><a href=\"https:\/\/www.aarquiteta.com.br\/blog\/?s=SUCULENTA\">Suculentas<\/a><\/td><td>Alta<\/td><td>Baixa<\/td><td>Decora\u00e7\u00e3o charmosa<\/td><\/tr><tr><td>Espada-de-S\u00e3o-Jorge<\/td><td>Alta<\/td><td>Muito baixa<\/td><td>Prote\u00e7\u00e3o energ\u00e9tica<\/td><\/tr><tr><td>Cactos<\/td><td>Alt\u00edssima<\/td><td>Muito baixa<\/td><td>Estilo r\u00fastico<\/td><\/tr><tr><td>Zamioculca<\/td><td>M\u00e9dia<\/td><td>Baixa<\/td><td>Ideal para <a href=\"https:\/\/www.aarquiteta.com.br\/blog\/decoracao\/ambientes-na-decoracao\/\" class=\"ilj-generated-link\">ambientes<\/a> internos<\/td><\/tr><tr><td>Clorofito<\/td><td>M\u00e9dia<\/td><td>M\u00e9dia<\/td><td>Purifica o ar<\/td><\/tr><\/table><h3>7. Como cuidar sem complica\u00e7\u00e3o<\/h3><p>O segredo \u00e9 simples: <b>pouca \u00e1gua e luz adequada.<\/b> Nada de encharcar as ra\u00edzes! Deixe a terra secar antes de regar de novo.<\/p><h3>8. Escolha a melhor para o seu espa\u00e7o<\/h3><p>Agora que voc\u00ea j\u00e1 conhece essas plantas incr\u00edveis, escolha a que combina melhor com seu estilo de vida. <b>Cuidar de plantas nunca foi t\u00e3o f\u00e1cil!<\/b><\/p><p><\/body><\/p>","protected":false},"excerpt":{"rendered":"<p>Veja plantas lindas e resistentes que sobrevivem ao sol e pouca rega.<\/p>\n","protected":false},"author":102,"featured_media":147932,"comment_status":"open","ping_status":"closed","sticky":false,"template":"","format":"standard","meta":{"footnotes":""},"categories":[9612,18792,18794],"tags":[],"class_list":["post-147940","post","type-post","status-publish","format-standard","has-post-thumbnail","category-jardinagem","category-decoracao-de-apartamento","category-projetos-de-decoracao-de-casas"],"_wp_attached_file":null,"_wp_attachment_metadata":null,"_wp_attachment_context":null,"_wp_attachment_is_custom_header":null,"geo_longitude":null,"geo_public":null,"geo_latitude":null,"_publicize_done_external":null,"_wpas_done_3897181":null,"publicize_twitter_user":null,"_wpas_done_3897175":null,"_wpas_skip_3897181":null,"_wpas_skip_3897175":null,"_wpas_skip_3924723":null,"_wpas_mess":null,"_wpas_done_3924723":null,"wps_subtitle":"","_links":{"self":[{"href":"https:\/\/www.aarquiteta.com.br\/blog\/wp-json\/wp\/v2\/posts\/147940","targetHints":{"allow":["GET"]}}],"collection":[{"href":"https:\/\/www.aarquiteta.com.br\/blog\/wp-json\/wp\/v2\/posts"}],"about":[{"href":"https:\/\/www.aarquiteta.com.br\/blog\/wp-json\/wp\/v2\/types\/post"}],"author":[{"embeddable":true,"href":"https:\/\/www.aarquiteta.com.br\/blog\/wp-json\/wp\/v2\/users\/102"}],"replies":[{"embeddable":true,"href":"https:\/\/www.aarquiteta.com.br\/blog\/wp-json\/wp\/v2\/comments?post=147940"}],"version-history":[{"count":0,"href":"https:\/\/www.aarquiteta.com.br\/blog\/wp-json\/wp\/v2\/posts\/147940\/revisions"}],"wp:featuredmedia":[{"embeddable":true,"href":"https:\/\/www.aarquiteta.com.br\/blog\/wp-json\/wp\/v2\/media\/147932"}],"wp:attachment":[{"href":"https:\/\/www.aarquiteta.com.br\/blog\/wp-json\/wp\/v2\/media?parent=147940"}],"wp:term":[{"taxonomy":"category","embeddable":true,"href":"https:\/\/www.aarquiteta.com.br\/blog\/wp-json\/wp\/v2\/categories?post=147940"},{"taxonomy":"post_tag","embeddable":true,"href":"https:\/\/www.aarquiteta.com.br\/blog\/wp-json\/wp\/v2\/tags?post=147940"}],"curies":[{"name":"wp","href":"https:\/\/api.w.org\/{rel}","templated":true}]}}