{"id":147909,"date":"2025-03-23T07:30:38","date_gmt":"2025-03-23T10:30:38","guid":{"rendered":"https:\/\/www.aarquiteta.com.br\/blog\/fachadas-jardins-frontais-integracao\/"},"modified":"2025-03-22T12:16:58","modified_gmt":"2025-03-22T15:16:58","slug":"fachadas-jardins-frontais-integracao","status":"publish","type":"post","link":"https:\/\/www.aarquiteta.com.br\/blog\/fachadas-jardins-frontais-integracao\/","title":{"rendered":"Fachadas com jardins frontais: como integrar paisagismo com arquitetura"},"content":{"rendered":"<p>&nbsp;<\/p><p><b>J\u00e1 imaginou chegar em casa e sentir que est\u00e1 entrando num ref\u00fagio aconchegante?<\/b> Um jardim frontal bem planejado faz exatamente isso, unindo <b>paisagismo e <a href=\"https:\/\/www.aarquiteta.com.br\/blog\/?s=ARQUITETURA\">arquitetura<\/a><\/b> com eleg\u00e2ncia.<\/p><h3>Como um jardim frontal transforma a fachada?<\/h3><figure style=\"width: 1024px\" class=\"wp-caption aligncenter\"><img decoding=\"async\" src=\"https:\/\/www.aarquiteta.com.br\/blog\/wp-content\/uploads\/2025\/03\/fachadas-jardins-frontais-integracao04.jpg\" alt=\"Fachadas com jardins frontais: como integrar paisagismo com arquitetura\" width=\"1024\" height=\"1024\" title=\"\"><figcaption class=\"wp-caption-text\">Fachadas com jardins frontais: como integrar paisagismo com arquitetura<\/figcaption><\/figure><p>A fachada da casa vai al\u00e9m da est\u00e9tica, \u00e9 o <b>cart\u00e3o de visita<\/b>. Um jardim bem pensado adiciona sofistica\u00e7\u00e3o, acolhimento e at\u00e9 valoriza o im\u00f3vel.<\/p><p>Al\u00e9m disso, o verde transmite <b>sensa\u00e7\u00e3o de frescor<\/b> e bem-estar. Quem n\u00e3o gosta daquela brisa gostosa e a beleza natural logo na entrada?<\/p><h3>Escolha plantas que combinam com o estilo da casa<\/h3><figure style=\"width: 1024px\" class=\"wp-caption aligncenter\"><img decoding=\"async\" src=\"https:\/\/www.aarquiteta.com.br\/blog\/wp-content\/uploads\/2025\/03\/fachadas-jardins-frontais-integracao03.jpg\" alt=\"Fachadas com jardins frontais: como integrar paisagismo com arquitetura\" width=\"1024\" height=\"1024\" title=\"\"><figcaption class=\"wp-caption-text\">Fachadas com jardins frontais: como integrar paisagismo com arquitetura<\/figcaption><\/figure><p>O segredo para um lindo jardim est\u00e1 na <b>harmonia com a arquitetura<\/b>. Voc\u00ea tem uma casa moderna? Aposte em plantas minimalistas, como buxinhos e <a href=\"https:\/\/www.aarquiteta.com.br\/blog\/?s=SUCULENTA\">suculentas<\/a>.<\/p><p>Se sua casa segue um estilo r\u00fastico, ent\u00e3o palmeiras, lavandas e samambaias trazem um charme extra.<\/p><h3>O poder da ilumina\u00e7\u00e3o no paisagismo<\/h3><figure style=\"width: 1024px\" class=\"wp-caption aligncenter\"><img decoding=\"async\" src=\"https:\/\/www.aarquiteta.com.br\/blog\/wp-content\/uploads\/2025\/03\/fachadas-jardins-frontais-integracao02.jpg\" alt=\"Fachadas com jardins frontais: como integrar paisagismo com arquitetura\" width=\"1024\" height=\"1024\" title=\"\"><figcaption class=\"wp-caption-text\">Fachadas com jardins frontais: como integrar paisagismo com arquitetura<\/figcaption><\/figure><p>Se tem um truque que valoriza o jardim \u00e0 noite, \u00e9 a <b><a href=\"https:\/\/www.aarquiteta.com.br\/blog\/?s=ILUMINA%C3%87%C3%83O\">ilumina\u00e7\u00e3o<\/a> bem posicionada<\/b>. Pequenos pontos de LED criam um ambiente elegante e aconchegante.<\/p><p>Aposte em postes baixos, balizadores ou ilumina\u00e7\u00e3o indireta para destacar plantas e caminhos de forma sofisticada.<\/p><h3>Caminhos e pisos que fazem a diferen\u00e7a<\/h3><figure style=\"width: 1024px\" class=\"wp-caption aligncenter\"><img decoding=\"async\" src=\"https:\/\/www.aarquiteta.com.br\/blog\/wp-content\/uploads\/2025\/03\/fachadas-jardins-frontais-integracao01.jpg\" alt=\"Fachadas com jardins frontais: como integrar paisagismo com arquitetura\" width=\"1024\" height=\"1024\" title=\"\"><figcaption class=\"wp-caption-text\">Fachadas com jardins frontais: como integrar paisagismo com arquitetura<\/figcaption><\/figure><p>Um jardim n\u00e3o precisa ser s\u00f3 verde! Caminhos de pedra, decks de <a href=\"https:\/\/www.aarquiteta.com.br\/blog\/?s=MADEIRA\">madeira<\/a> ou at\u00e9 cascalho tornam a entrada <b>mais charmosa e funcional<\/b>.<\/p><p>Al\u00e9m de evitar lama em dias chuvosos, esses elementos trazem um toque de personalidade e requinte.<\/p><h3>Tabela r\u00e1pida com dicas essenciais<\/h3><table border=\"1\"><tbody><tr><th>Elemento<\/th><th>Impacto na Fachada<\/th><\/tr><tr><td>Plantas ornamentais<\/td><td>Adicionam cor e textura<\/td><\/tr><tr><td>Ilumina\u00e7\u00e3o<\/td><td>Valoriza o jardim \u00e0 noite<\/td><\/tr><tr><td>Caminhos e <a href=\"https:\/\/www.aarquiteta.com.br\/blog\/?s=PISO\">pisos<\/a><\/td><td>Tornam a entrada mais funcional<\/td><\/tr><tr><td>Vasos decorativos<\/td><td>Complementam o design<\/td><\/tr><\/tbody><\/table><h3>Vasos e elementos decorativos para um toque final<\/h3><h3>Assista agora a minha recomenda\u00e7\u00e3o de video abaixo sobre o tema que estamos tratando neste artigo:<\/h3><div class=\"youtube-embed\" data-video_id=\"xhddDiz4eKM\"><iframe title=\"Ilumina\u00e7\u00e3o para Paisagismo\" width=\"696\" height=\"392\" src=\"https:\/\/www.youtube.com\/embed\/xhddDiz4eKM?feature=oembed&#038;enablejsapi=1\" frameborder=\"0\" allow=\"accelerometer; autoplay; clipboard-write; encrypted-media; gyroscope; picture-in-picture; web-share\" referrerpolicy=\"strict-origin-when-cross-origin\" allowfullscreen><\/iframe><\/div><p>\u00c0s vezes, um simples <b>conjunto de vasos<\/b> faz toda a diferen\u00e7a. Vasos grandes e bem posicionados criam um visual impactante sem exigir muita manuten\u00e7\u00e3o.<\/p><p>Est\u00e1 sem espa\u00e7o? Um jardim vertical na fachada pode ser a solu\u00e7\u00e3o perfeita.<\/p><h3>Dicas para manuten\u00e7\u00e3o sem dor de cabe\u00e7a<\/h3><p>De nada adianta um lindo jardim se ele n\u00e3o for pr\u00e1tico. Escolha <b>plantas resistentes<\/b> e f\u00e1ceis de cuidar para evitar um cen\u00e1rio desarrumado.<\/p><p>Automatizar a rega com um sistema de irriga\u00e7\u00e3o tamb\u00e9m pode ser uma m\u00e3o na roda!<\/p><h3>Jardim frontal: um investimento para a beleza e valoriza\u00e7\u00e3o<\/h3><p>Integrar paisagismo \u00e0 fachada n\u00e3o s\u00f3 melhora a est\u00e9tica, mas tamb\u00e9m traz <b>conforto e bem-estar<\/b>.<\/p><p>Com os elementos certos, sua casa se destaca e se torna um lugar ainda mais acolhedor e elegante.<\/p><p>&nbsp;<\/p>","protected":false},"excerpt":{"rendered":"<p>Veja ideias de fachadas com jardim para valorizar a entrada da casa com harmonia e eleg\u00e2ncia.<\/p>\n","protected":false},"author":102,"featured_media":147906,"comment_status":"open","ping_status":"closed","sticky":false,"template":"","format":"standard","meta":{"footnotes":""},"categories":[1484,971,18792,18794],"tags":[],"class_list":["post-147909","post","type-post","status-publish","format-standard","has-post-thumbnail","category-decoracao","category-design-de-interiores","category-decoracao-de-apartamento","category-projetos-de-decoracao-de-casas"],"_wp_attached_file":null,"_wp_attachment_metadata":null,"_wp_attachment_context":null,"_wp_attachment_is_custom_header":null,"geo_longitude":null,"geo_public":null,"geo_latitude":null,"_publicize_done_external":null,"_wpas_done_3897181":null,"publicize_twitter_user":null,"_wpas_done_3897175":null,"_wpas_skip_3897181":null,"_wpas_skip_3897175":null,"_wpas_skip_3924723":null,"_wpas_mess":null,"_wpas_done_3924723":null,"wps_subtitle":"","_links":{"self":[{"href":"https:\/\/www.aarquiteta.com.br\/blog\/wp-json\/wp\/v2\/posts\/147909","targetHints":{"allow":["GET"]}}],"collection":[{"href":"https:\/\/www.aarquiteta.com.br\/blog\/wp-json\/wp\/v2\/posts"}],"about":[{"href":"https:\/\/www.aarquiteta.com.br\/blog\/wp-json\/wp\/v2\/types\/post"}],"author":[{"embeddable":true,"href":"https:\/\/www.aarquiteta.com.br\/blog\/wp-json\/wp\/v2\/users\/102"}],"replies":[{"embeddable":true,"href":"https:\/\/www.aarquiteta.com.br\/blog\/wp-json\/wp\/v2\/comments?post=147909"}],"version-history":[{"count":0,"href":"https:\/\/www.aarquiteta.com.br\/blog\/wp-json\/wp\/v2\/posts\/147909\/revisions"}],"wp:featuredmedia":[{"embeddable":true,"href":"https:\/\/www.aarquiteta.com.br\/blog\/wp-json\/wp\/v2\/media\/147906"}],"wp:attachment":[{"href":"https:\/\/www.aarquiteta.com.br\/blog\/wp-json\/wp\/v2\/media?parent=147909"}],"wp:term":[{"taxonomy":"category","embeddable":true,"href":"https:\/\/www.aarquiteta.com.br\/blog\/wp-json\/wp\/v2\/categories?post=147909"},{"taxonomy":"post_tag","embeddable":true,"href":"https:\/\/www.aarquiteta.com.br\/blog\/wp-json\/wp\/v2\/tags?post=147909"}],"curies":[{"name":"wp","href":"https:\/\/api.w.org\/{rel}","templated":true}]}}