{"id":147852,"date":"2025-03-21T11:58:59","date_gmt":"2025-03-21T14:58:59","guid":{"rendered":"https:\/\/www.aarquiteta.com.br\/blog\/tendencias-de-decoracao-sofisticada\/"},"modified":"2025-03-21T11:58:59","modified_gmt":"2025-03-21T14:58:59","slug":"tendencias-de-decoracao-sofisticada","status":"publish","type":"post","link":"https:\/\/www.aarquiteta.com.br\/blog\/tendencias-de-decoracao-sofisticada\/","title":{"rendered":"7 Tend\u00eancias de Decora\u00e7\u00e3o Sofisticada para Transformar Seu Ambiente"},"content":{"rendered":"<p><body><\/p>\n<p><b>Fique por dentro das tend\u00eancias que est\u00e3o moldando o futuro da decora\u00e7\u00e3o sofisticada<\/b>, unindo inova\u00e7\u00e3o e eleg\u00e2ncia em cada projeto de design de interiores.<\/p>\n<figure style=\"width: 1024px\" class=\"wp-caption aligncenter\"><img decoding=\"async\" src=\"https:\/\/www.aarquiteta.com.br\/blog\/wp-content\/uploads\/2025\/03\/tendencias-de-decoracao-sofisticada01.jpg\" alt=\"Tend\u00eancias de Decora\u00e7\u00e3o Sofisticada: O Futuro do Design de Interiores\" width=\"1024\" height=\"1024\" title=\"\"><figcaption class=\"wp-caption-text\">Tend\u00eancias de Decora\u00e7\u00e3o Sofisticada: O Futuro do Design de Interiores<\/figcaption><\/figure>\n<h3>O luxo est\u00e1 nos detalhes<\/h3>\n<p>Voc\u00ea j\u00e1 percebeu como um simples detalhe pode transformar completamente a decora\u00e7\u00e3o da sua sala?<\/p>\n<figure style=\"width: 1024px\" class=\"wp-caption aligncenter\"><img decoding=\"async\" src=\"https:\/\/www.aarquiteta.com.br\/blog\/wp-content\/uploads\/2025\/03\/tendencias-de-decoracao-sofisticada02.jpg\" alt=\"Tend\u00eancias de Decora\u00e7\u00e3o Sofisticada: O Futuro do Design de Interiores\" width=\"1024\" height=\"1024\" title=\"\"><figcaption class=\"wp-caption-text\">Tend\u00eancias de Decora\u00e7\u00e3o Sofisticada: O Futuro do Design de Interiores<\/figcaption><\/figure>\n<p>\u00c9 incr\u00edvel como <b>uma lumin\u00e1ria estrat\u00e9gica<\/b>, um quadro bem posicionado ou um sof\u00e1 com acabamento impec\u00e1vel podem elevar o ambiente a outro n\u00edvel.<\/p>\n<h3>Cores sofisticadas que dominam os espa\u00e7os<\/h3>\n<p>Antes, o branco reinava absoluto. Hoje, os tons terrosos, verde musgo e azul petr\u00f3leo trazem uma <b>sensa\u00e7\u00e3o de sofistica\u00e7\u00e3o e aconchego<\/b>.<\/p>\n<p>Se misturados com dourado ou cobre, criam uma composi\u00e7\u00e3o luxuosa sem exageros.<\/p>\n<figure style=\"width: 1024px\" class=\"wp-caption aligncenter\"><img decoding=\"async\" src=\"https:\/\/www.aarquiteta.com.br\/blog\/wp-content\/uploads\/2025\/03\/cc502f347746e4e1e033af1ef48766e1-675x1200.jpg\" alt=\"Tend\u00eancias de Decora\u00e7\u00e3o Sofisticada: O Futuro do Design de Interiores\" width=\"1024\" height=\"1024\" title=\"\"><figcaption class=\"wp-caption-text\">Fonte: Pinterest<\/figcaption><\/figure>\n<h3>Minimalismo elegante: menos \u00e9 mais<\/h3>\n<p>Esque\u00e7a a casa entulhada de m\u00f3veis e objetos.<\/p>\n<figure style=\"width: 1024px\" class=\"wp-caption aligncenter\"><img decoding=\"async\" src=\"https:\/\/www.aarquiteta.com.br\/blog\/wp-content\/uploads\/2025\/03\/242e3f4640c4bab8ddc4792d88f0e43a.jpg\" alt=\"Tend\u00eancias de Decora\u00e7\u00e3o Sofisticada: O Futuro do Design de Interiores\" width=\"1024\" height=\"1024\" title=\"\"><figcaption class=\"wp-caption-text\">Fonte: Pinterest<\/figcaption><\/figure>\n<p>A nova tend\u00eancia preza pela <b>simplicidade com personalidade<\/b>. Ambientes amplos, poucas pe\u00e7as, mas todas extremamente bem escolhidas.<\/p>\n<figure style=\"width: 1024px\" class=\"wp-caption aligncenter\"><img decoding=\"async\" src=\"https:\/\/www.aarquiteta.com.br\/blog\/wp-content\/uploads\/2025\/03\/32648bff438a48e642118ba0d5701e7d.jpg\" alt=\"Tend\u00eancias de Decora\u00e7\u00e3o Sofisticada: O Futuro do Design de Interiores\" width=\"1024\" height=\"1024\" title=\"\"><figcaption class=\"wp-caption-text\">Fonte: Pinterest<\/figcaption><\/figure>\n<h3>Materiais naturais e exclusivos<\/h3>\n<p>A madeira nobre, o m\u00e1rmore e os tecidos naturais como linho e algod\u00e3o ganham espa\u00e7o.<\/p>\n<figure style=\"width: 1024px\" class=\"wp-caption aligncenter\"><img decoding=\"async\" src=\"https:\/\/www.aarquiteta.com.br\/blog\/wp-content\/uploads\/2025\/03\/b39f5ea1dd9389575e97a10d647fe2cb.jpg\" alt=\"Tend\u00eancias de Decora\u00e7\u00e3o Sofisticada: O Futuro do Design de Interiores\" width=\"1024\" height=\"1024\" title=\"\"><figcaption class=\"wp-caption-text\">Fonte: Pinterest<\/figcaption><\/figure>\n<p>Esses materiais n\u00e3o s\u00f3 deixam o espa\u00e7o mais sofisticado, como tamb\u00e9m agregam um toque <b>de autenticidade e exclusividade<\/b>.<\/p>\n<figure style=\"width: 1024px\" class=\"wp-caption aligncenter\"><img decoding=\"async\" src=\"https:\/\/www.aarquiteta.com.br\/blog\/wp-content\/uploads\/2025\/03\/b13a5696dec917420a755f401ff91408-800x1200.jpg\" alt=\"Tend\u00eancias de Decora\u00e7\u00e3o Sofisticada: O Futuro do Design de Interiores\" width=\"1024\" height=\"1024\" title=\"\"><figcaption class=\"wp-caption-text\">Fonte: Pinterest<\/figcaption><\/figure>\n<h3>Ilumina\u00e7\u00e3o estrat\u00e9gica para valorizar o ambiente<\/h3>\n<p>Luzes indiretas, LEDs embutidos e pendentes imponentes.<\/p>\n<figure style=\"width: 1024px\" class=\"wp-caption aligncenter\"><img decoding=\"async\" src=\"https:\/\/i.pinimg.com\/originals\/18\/be\/30\/18be308a3ef75b2ea8b581fc0d84321d.jpg\" alt=\"Tend\u00eancias de Decora\u00e7\u00e3o Sofisticada: O Futuro do Design de Interiores\" width=\"1024\" height=\"1024\" title=\"\"><figcaption class=\"wp-caption-text\">Fonte: Pinterest<\/figcaption><\/figure>\n<p>Uma boa ilumina\u00e7\u00e3o pode transformar qualquer espa\u00e7o, criando uma atmosfera sofisticada e <b>envolvente<\/b>.<\/p>\n<h3>Ambientes integrados e funcionais<\/h3>\n<p>Antes, cada c\u00f4modo tinha sua fun\u00e7\u00e3o isolada. Agora, os ambientes s\u00e3o integrados, combinando est\u00e9tica impec\u00e1vel com praticidade.<\/p>\n<p><b>A sala se une \u00e0 cozinha<\/b>, o home office ganha espa\u00e7o no quarto e tudo flui melhor.<\/p>\n<h3>Tecnologia e inova\u00e7\u00e3o no design de interiores<\/h3>\n<p>Cortinas automatizadas, ilumina\u00e7\u00e3o controlada por aplicativos e m\u00f3veis inteligentes.<\/p>\n<p>A tecnologia, quando bem aplicada, traz mais <b>conforto e sofistica\u00e7\u00e3o<\/b> ao dia a dia.<\/p>\n<p><\/body><\/p>\n","protected":false},"excerpt":{"rendered":"<p>7 Tend\u00eancias de Decora\u00e7\u00e3o Sofisticada para Transformar Seu Ambiente<\/p>\n","protected":false},"author":102,"featured_media":147843,"comment_status":"open","ping_status":"","sticky":false,"template":"","format":"standard","meta":{"footnotes":""},"categories":[1484],"tags":[],"class_list":["post-147852","post","type-post","status-publish","format-standard","has-post-thumbnail","category-decoracao"],"_wp_attached_file":null,"_wp_attachment_metadata":null,"_wp_attachment_context":null,"_wp_attachment_is_custom_header":null,"geo_longitude":null,"geo_public":null,"geo_latitude":null,"_publicize_done_external":null,"_wpas_done_3897181":null,"publicize_twitter_user":null,"_wpas_done_3897175":null,"_wpas_skip_3897181":null,"_wpas_skip_3897175":null,"_wpas_skip_3924723":null,"_wpas_mess":null,"_wpas_done_3924723":null,"wps_subtitle":"","_links":{"self":[{"href":"https:\/\/www.aarquiteta.com.br\/blog\/wp-json\/wp\/v2\/posts\/147852","targetHints":{"allow":["GET"]}}],"collection":[{"href":"https:\/\/www.aarquiteta.com.br\/blog\/wp-json\/wp\/v2\/posts"}],"about":[{"href":"https:\/\/www.aarquiteta.com.br\/blog\/wp-json\/wp\/v2\/types\/post"}],"author":[{"embeddable":true,"href":"https:\/\/www.aarquiteta.com.br\/blog\/wp-json\/wp\/v2\/users\/102"}],"replies":[{"embeddable":true,"href":"https:\/\/www.aarquiteta.com.br\/blog\/wp-json\/wp\/v2\/comments?post=147852"}],"version-history":[{"count":0,"href":"https:\/\/www.aarquiteta.com.br\/blog\/wp-json\/wp\/v2\/posts\/147852\/revisions"}],"wp:featuredmedia":[{"embeddable":true,"href":"https:\/\/www.aarquiteta.com.br\/blog\/wp-json\/wp\/v2\/media\/147843"}],"wp:attachment":[{"href":"https:\/\/www.aarquiteta.com.br\/blog\/wp-json\/wp\/v2\/media?parent=147852"}],"wp:term":[{"taxonomy":"category","embeddable":true,"href":"https:\/\/www.aarquiteta.com.br\/blog\/wp-json\/wp\/v2\/categories?post=147852"},{"taxonomy":"post_tag","embeddable":true,"href":"https:\/\/www.aarquiteta.com.br\/blog\/wp-json\/wp\/v2\/tags?post=147852"}],"curies":[{"name":"wp","href":"https:\/\/api.w.org\/{rel}","templated":true}]}}