{"id":147821,"date":"2025-03-20T18:16:18","date_gmt":"2025-03-20T21:16:18","guid":{"rendered":"https:\/\/www.aarquiteta.com.br\/blog\/sala-escura-solucao\/"},"modified":"2025-03-20T18:16:18","modified_gmt":"2025-03-20T21:16:18","slug":"sala-escura-solucao","status":"publish","type":"post","link":"https:\/\/www.aarquiteta.com.br\/blog\/sala-escura-solucao\/","title":{"rendered":"Transforme sua Sala de Estar Escura com Estas Dicas que Voc\u00ea N\u00e3o Sabia!"},"content":{"rendered":"<p><b>Transformar uma sala de estar escura em um espa\u00e7o iluminado e acolhedor \u00e9 mais f\u00e1cil do que parece!<\/b> Vamos explorar dicas pr\u00e1ticas que voc\u00ea talvez n\u00e3o conhe\u00e7a.<\/p>\n<h3>O Que Causa a Escurid\u00e3o na Sua Sala<\/h3>\n<figure style=\"width: 1024px\" class=\"wp-caption aligncenter\"><img decoding=\"async\" src=\"https:\/\/www.aarquiteta.com.br\/blog\/wp-content\/uploads\/2025\/03\/espelhos-ampliando-luz-sala-escura-1024x563.jpg\" alt=\"Espelhos que ampliam a luz na sala.\" title=\"\"><figcaption class=\"wp-caption-text\">Espelhos que ampliam a luz na sala.<\/figcaption><\/figure>\n<p>A primeira coisa que precisamos entender \u00e9 <b>por que algumas salas s\u00e3o mais escuras<\/b>. Pode ser pela falta de janelas, cores escuras nas paredes ou pela m\u00e1 disposi\u00e7\u00e3o dos m\u00f3veis. Esses fatores podem fazer seu espa\u00e7o parecer opressivo e desconfort\u00e1vel.<\/p>\n<p>Em muitos casos, a aus\u00eancia de luz natural afeta nosso bem-estar. Uma sala escura pode trazer at\u00e9 alguns problemas, como mofo e um clima de tristeza.<\/p>\n<h3>Dicas Pr\u00e1ticas de Ilumina\u00e7\u00e3o<\/h3>\n<figure style=\"width: 1024px\" class=\"wp-caption aligncenter\"><img decoding=\"async\" src=\"https:\/\/www.aarquiteta.com.br\/blog\/wp-content\/uploads\/2025\/03\/sala-escura-solucao01.jpg\" alt=\"Dicas Pr\u00e1ticas para Iluminar uma Sala de Estar Escura\" width=\"1024\" height=\"1024\" title=\"\"><figcaption class=\"wp-caption-text\">Dicas Pr\u00e1ticas para Iluminar uma Sala de Estar Escura<\/figcaption><\/figure>\n<p>Vamos \u00e0s dicas <b>pr\u00e1ticas para iluminar sua sala de estar!<\/b> A ilumina\u00e7\u00e3o ambiente, de tarefa e de destaque s\u00e3o essenciais. Invista em l\u00e2mpadas LED que oferecem alto n\u00edvel de luz com baixo consumo.<\/p>\n<ul>\n<li><b>Use espelhos:<\/b> Eles fazem um milagre e aumentam a sensa\u00e7\u00e3o de espa\u00e7o.<\/li>\n<li><b>M\u00f3veis claros:<\/b> Opte por m\u00f3veis em tons claros que refletem luz.<\/li>\n<li><b>Cores nas paredes:<\/b> Essas s\u00e3o suas aliadas! Cores claras iluminam o ambiente.<\/li>\n<\/ul>\n<h3>Ilumina\u00e7\u00e3o Natural e Cortinas<\/h3>\n<figure style=\"width: 1024px\" class=\"wp-caption aligncenter\"><img decoding=\"async\" src=\"https:\/\/www.aarquiteta.com.br\/blog\/wp-content\/uploads\/2025\/03\/sala-de-estar-escura-1200x660.jpg\" alt=\"Sala de estar escura.\" title=\"\"><figcaption class=\"wp-caption-text\">Sala de estar escura.<\/figcaption><\/figure>\n<p>N\u00e3o se esque\u00e7a da <b>ilumina\u00e7\u00e3o natural!<\/b> Cortinas leves e abertas permitem que a luz do sol entre. Isso faz uma diferen\u00e7a imensa na energia do ambiente.<\/p>\n<p><b>Mantenha janelas limpas!<\/b> A sujeira pode obstruir a luz e, acredite, limpar \u00e9 meio caminho andado.<\/p>\n<h3>Espelhos e M\u00e1s Formas<\/h3>\n<figure style=\"width: 1024px\" class=\"wp-caption aligncenter\"><img decoding=\"async\" src=\"https:\/\/www.aarquiteta.com.br\/blog\/wp-content\/uploads\/2025\/03\/sala-escura-solucao02.jpg\" alt=\"Dicas Pr\u00e1ticas para Iluminar uma Sala de Estar Escura\" width=\"1024\" height=\"1024\" title=\"\"><figcaption class=\"wp-caption-text\">Dicas Pr\u00e1ticas para Iluminar uma Sala de Estar Escura<\/figcaption><\/figure>\n<p><b>Espelhos s\u00e3o uma \u00f3tima solu\u00e7\u00e3o!<\/b> Eles refletem e ampliam a luz, criando uma sensa\u00e7\u00e3o de amplitude. Pondere sua posi\u00e7\u00e3o em rela\u00e7\u00e3o a janelas para melhor efeito.<\/p>\n<h3>Uma Tabela R\u00e1pida de Dicas<\/h3>\n<figure style=\"width: 1024px\" class=\"wp-caption aligncenter\"><img decoding=\"async\" src=\"https:\/\/www.aarquiteta.com.br\/blog\/wp-content\/uploads\/2025\/03\/dicas-sala-escura-1024x563.jpg\" alt=\"Dicas para resolver uma sala de estar escura.\" title=\"\"><figcaption class=\"wp-caption-text\">Dicas para resolver uma sala de estar escura.<\/figcaption><\/figure>\n<table>\n<tr>\n<th>Dicas<\/th>\n<th>Benef\u00edcios<\/th>\n<\/tr>\n<tr>\n<td>Espelhos<\/td>\n<td>Refletem a luz, ampliando o ambiente.<\/td>\n<\/tr>\n<tr>\n<td>Cor clara nas paredes<\/td>\n<td>Aumenta a sensa\u00e7\u00e3o de luminosidade<\/td>\n<\/tr>\n<tr>\n<td>M\u00f3veis em tons claros<\/td>\n<td>Refletem luz e criam leveza.<\/td>\n<\/tr>\n<tr>\n<td>Cortinas leves<\/td>\n<td>Maximizam a entrada de luz natural.<\/td>\n<\/tr>\n<\/table>\n<h3>Explore a Ilumina\u00e7\u00e3o Artificial<\/h3>\n<figure style=\"width: 1024px\" class=\"wp-caption aligncenter\"><img decoding=\"async\" src=\"https:\/\/www.aarquiteta.com.br\/blog\/wp-content\/uploads\/2025\/03\/sala-escura-solucao03.jpg\" alt=\"Dicas Pr\u00e1ticas para Iluminar uma Sala de Estar Escura\" width=\"1024\" height=\"1024\" title=\"\"><figcaption class=\"wp-caption-text\">Dicas Pr\u00e1ticas para Iluminar uma Sala de Estar Escura<\/figcaption><\/figure>\n<p>A <b>ilumina\u00e7\u00e3o artificial<\/b> tamb\u00e9m \u00e9 importante! Invista em lumin\u00e1rias que criam um charme especial. L\u00e2mpadas com luz quente trazem conforto.<\/p>\n<h3>O Toque Final: Decorando com Estilo<\/h3>\n<figure style=\"width: 1024px\" class=\"wp-caption aligncenter\"><img decoding=\"async\" src=\"https:\/\/www.aarquiteta.com.br\/blog\/wp-content\/uploads\/2025\/03\/iluminacao-natural-1024x563.jpg\" alt=\"Ilumina\u00e7\u00e3o natural para ambientes.\" title=\"\"><figcaption class=\"wp-caption-text\">Ilumina\u00e7\u00e3o natural para ambientes.<\/figcaption><\/figure>\n<p>Por fim, capriche na <b>decora\u00e7\u00e3o!<\/b> Itens decorativos e t\u00eaxteis claros trazem frescor e sofistica\u00e7\u00e3o. Um ambiente alegre e convidativo melhora nossa qualidade de vida.<\/p>\n<p>Agora que voc\u00ea j\u00e1 possui as dicas, \u00e9 hora de transform\u00e1-las em a\u00e7\u00e3o. Sua sala de estar pode ser um espa\u00e7o iluminado e acolhedor. Vamos trabalhar nisso e mudar sua perspectiva!<\/p>\n<figure style=\"width: 1024px\" class=\"wp-caption aligncenter\"><img decoding=\"async\" src=\"https:\/\/www.aarquiteta.com.br\/blog\/wp-content\/uploads\/2025\/03\/sala-escura-solucao4.jpg\" alt=\"Dicas Pr\u00e1ticas para Iluminar uma Sala de Estar Escura\" width=\"1024\" height=\"1024\" title=\"\"><figcaption class=\"wp-caption-text\">Dicas Pr\u00e1ticas para Iluminar uma Sala de Estar Escura<\/figcaption><\/figure>\n<figure style=\"width: 1024px\" class=\"wp-caption aligncenter\"><img decoding=\"async\" src=\"https:\/\/www.aarquiteta.com.br\/blog\/wp-content\/uploads\/2025\/03\/moveis-para-sala-escura-1024x563.jpg\" alt=\"M\u00f3veis claros e leves para sala escura.\" title=\"\"><figcaption class=\"wp-caption-text\">M\u00f3veis claros e leves para sala escura.<\/figcaption><\/figure>\n<h3>Para se aprofundar mais sobre o tema, veja a minha recomenda\u00e7\u00e3o sobre o tema deste artigo no v\u00eddeo a seguir abaixo:<\/h3>\n<p><iframe title=\"YouTube video player\" src=\"https:\/\/www.youtube.com\/embed\/2Id9IJPDsXw\" width=\"560\" height=\"315\" frameborder=\"0\" allowfullscreen=\"allowfullscreen\"><\/iframe><\/p>\n<figure style=\"width: 1024px\" class=\"wp-caption aligncenter\"><img decoding=\"async\" src=\"https:\/\/www.aarquiteta.com.br\/blog\/wp-content\/uploads\/2025\/03\/decoracao-sala-escura-1024x563.jpg\" alt=\"Decora\u00e7\u00e3o de sala escura.\" title=\"\"><figcaption class=\"wp-caption-text\">Decora\u00e7\u00e3o de sala escura.<\/figcaption><\/figure>\n","protected":false},"excerpt":{"rendered":"<p>Solu\u00e7\u00f5es para iluminar e transformar uma sala de estar escura, tornando-a mais aconchegante.<\/p>\n","protected":false},"author":102,"featured_media":147813,"comment_status":"open","ping_status":"","sticky":false,"template":"","format":"standard","meta":{"footnotes":""},"categories":[1484],"tags":[],"class_list":["post-147821","post","type-post","status-publish","format-standard","has-post-thumbnail","category-decoracao"],"_wp_attached_file":null,"_wp_attachment_metadata":null,"_wp_attachment_context":null,"_wp_attachment_is_custom_header":null,"geo_longitude":null,"geo_public":null,"geo_latitude":null,"_publicize_done_external":null,"_wpas_done_3897181":null,"publicize_twitter_user":null,"_wpas_done_3897175":null,"_wpas_skip_3897181":null,"_wpas_skip_3897175":null,"_wpas_skip_3924723":null,"_wpas_mess":null,"_wpas_done_3924723":null,"wps_subtitle":"","_links":{"self":[{"href":"https:\/\/www.aarquiteta.com.br\/blog\/wp-json\/wp\/v2\/posts\/147821","targetHints":{"allow":["GET"]}}],"collection":[{"href":"https:\/\/www.aarquiteta.com.br\/blog\/wp-json\/wp\/v2\/posts"}],"about":[{"href":"https:\/\/www.aarquiteta.com.br\/blog\/wp-json\/wp\/v2\/types\/post"}],"author":[{"embeddable":true,"href":"https:\/\/www.aarquiteta.com.br\/blog\/wp-json\/wp\/v2\/users\/102"}],"replies":[{"embeddable":true,"href":"https:\/\/www.aarquiteta.com.br\/blog\/wp-json\/wp\/v2\/comments?post=147821"}],"version-history":[{"count":0,"href":"https:\/\/www.aarquiteta.com.br\/blog\/wp-json\/wp\/v2\/posts\/147821\/revisions"}],"wp:featuredmedia":[{"embeddable":true,"href":"https:\/\/www.aarquiteta.com.br\/blog\/wp-json\/wp\/v2\/media\/147813"}],"wp:attachment":[{"href":"https:\/\/www.aarquiteta.com.br\/blog\/wp-json\/wp\/v2\/media?parent=147821"}],"wp:term":[{"taxonomy":"category","embeddable":true,"href":"https:\/\/www.aarquiteta.com.br\/blog\/wp-json\/wp\/v2\/categories?post=147821"},{"taxonomy":"post_tag","embeddable":true,"href":"https:\/\/www.aarquiteta.com.br\/blog\/wp-json\/wp\/v2\/tags?post=147821"}],"curies":[{"name":"wp","href":"https:\/\/api.w.org\/{rel}","templated":true}]}}