{"id":147797,"date":"2025-03-20T12:48:58","date_gmt":"2025-03-20T15:48:58","guid":{"rendered":"https:\/\/www.aarquiteta.com.br\/blog\/arquitetura-residencial-exclusiva\/"},"modified":"2025-03-20T12:48:58","modified_gmt":"2025-03-20T15:48:58","slug":"arquitetura-residencial-exclusiva","status":"publish","type":"post","link":"https:\/\/www.aarquiteta.com.br\/blog\/arquitetura-residencial-exclusiva\/","title":{"rendered":"7 Inova\u00e7\u00f5es em Arquitetura Residencial Exclusiva que Voc\u00ea Precisa Conhecer"},"content":{"rendered":"<p><body><\/p>\n<p><b>Arquitetura residencial exclusiva<\/b> est\u00e1 redefinindo o conceito de luxo e inova\u00e7\u00e3o. Projetos sofisticados unem design arrojado, tecnologia e personaliza\u00e7\u00e3o, criando resid\u00eancias que s\u00e3o verdadeiras obras-primas.<\/p>\n<figure style=\"width: 1024px\" class=\"wp-caption aligncenter\"><img decoding=\"async\" src=\"https:\/\/www.aarquiteta.com.br\/blog\/wp-content\/uploads\/2025\/03\/arquitetura-residencial-exclusiva01.jpg\" alt=\"Arquitetura Residencial Exclusiva: Projetos que Definem o Novo Padr\u00e3o\" width=\"1024\" height=\"1024\" title=\"\"><figcaption class=\"wp-caption-text\">Arquitetura Residencial Exclusiva: Projetos que Definem o Novo Padr\u00e3o<\/figcaption><\/figure>\n<h3>O que define uma arquitetura residencial exclusiva?<\/h3>\n<p>Cada detalhe conta. Desde <b>materiais nobres<\/b> at\u00e9 solu\u00e7\u00f5es arquitet\u00f4nicas personalizadas, a exclusividade vem da harmonia entre est\u00e9tica e funcionalidade.<\/p>\n<figure style=\"width: 1024px\" class=\"wp-caption aligncenter\"><img decoding=\"async\" src=\"https:\/\/www.aarquiteta.com.br\/blog\/wp-content\/uploads\/2025\/03\/arquitetura-residencial-exclusiva02.jpg\" alt=\"Arquitetura Residencial Exclusiva: Projetos que Definem o Novo Padr\u00e3o\" width=\"1024\" height=\"1024\" title=\"\"><figcaption class=\"wp-caption-text\">Arquitetura Residencial Exclusiva: Projetos que Definem o Novo Padr\u00e3o<\/figcaption><\/figure>\n<h3>Design inovador: o cora\u00e7\u00e3o do novo padr\u00e3o<\/h3>\n<p>N\u00e3o \u00e9 s\u00f3 beleza, \u00e9 <b>intelig\u00eancia arquitet\u00f4nica<\/b>. Linhas arrojadas, integra\u00e7\u00e3o com a natureza e espa\u00e7os fluidos tornam esses projetos \u00fanicos.<\/p>\n<h3>A tecnologia como aliada no luxo<\/h3>\n<p>Casas que \u201cpensam\u201d por voc\u00ea. Automa\u00e7\u00e3o, intelig\u00eancia artificial e solu\u00e7\u00f5es sustent\u00e1veis elevam a experi\u00eancia de morar para outro n\u00edvel.<\/p>\n<h3>Materiais nobres: a ess\u00eancia da sofistica\u00e7\u00e3o<\/h3>\n<p>N\u00e3o \u00e9 qualquer pedra, \u00e9 <b>m\u00e1rmore importado<\/b>. N\u00e3o \u00e9 qualquer madeira, \u00e9 carvalho europeu. Escolhas sofisticadas fazem toda a diferen\u00e7a.<\/p>\n<figure style=\"width: 1024px\" class=\"wp-caption aligncenter\"><img decoding=\"async\" src=\"https:\/\/www.aarquiteta.com.br\/blog\/wp-content\/uploads\/2025\/03\/0b8003faa8bf3374fccec8a6efdd641d-1200x1200.jpg\" alt=\"Arquitetura Residencial Exclusiva: Projetos que Definem o Novo Padr\u00e3o\" width=\"1024\" height=\"1024\" title=\"\"><figcaption class=\"wp-caption-text\">Fonte: Pinterest<\/figcaption><\/figure>\n<h3>Personaliza\u00e7\u00e3o: nada de projetos em s\u00e9rie<\/h3>\n<p>Cada casa \u00e9 uma assinatura. Personalizar espa\u00e7os significa transformar <b>desejos em realidade<\/b>, criando um ref\u00fagio sob medida.<\/p>\n<figure style=\"width: 1024px\" class=\"wp-caption aligncenter\"><img decoding=\"async\" src=\"https:\/\/www.aarquiteta.com.br\/blog\/wp-content\/uploads\/2025\/03\/f70215f903cb6b10b3900fb7691c2ed6.jpg\" alt=\"Arquitetura Residencial Exclusiva: Projetos que Definem o Novo Padr\u00e3o\" width=\"1024\" height=\"1024\" title=\"\"><figcaption class=\"wp-caption-text\">Fonte: Pinterest<\/figcaption><\/figure>\n<h3>Integra\u00e7\u00e3o entre interior e exterior<\/h3>\n<p>Esconder a vista? Jamais! Grandes aberturas, jardins internos e <b>piscinas sinuosas<\/b> conectam a casa ao ambiente externo.<\/p>\n<figure style=\"width: 1024px\" class=\"wp-caption aligncenter\"><img decoding=\"async\" src=\"https:\/\/www.aarquiteta.com.br\/blog\/wp-content\/uploads\/2025\/03\/b2ba3970bfe6df97a0554ed9d1a15ba3-1200x1200.jpg\" alt=\"Arquitetura Residencial Exclusiva: Projetos que Definem o Novo Padr\u00e3o\" width=\"1024\" height=\"1024\" title=\"\"><figcaption class=\"wp-caption-text\">Fonte: Pinterest<\/figcaption><\/figure>\n<h3>A import\u00e2ncia do paisagismo exclusivo<\/h3>\n<p>N\u00e3o basta uma casa incr\u00edvel, o entorno precisa estar \u00e0 altura. O paisagismo cria <b>cen\u00e1rios naturais<\/b> que valorizam ainda mais o projeto.<\/p>\n<figure style=\"width: 1024px\" class=\"wp-caption aligncenter\"><img decoding=\"async\" src=\"https:\/\/www.aarquiteta.com.br\/blog\/wp-content\/uploads\/2025\/03\/4572095007e4d2db3b28d393ea9be9d1.jpg\" alt=\"Arquitetura Residencial Exclusiva: Projetos que Definem o Novo Padr\u00e3o\" width=\"1024\" height=\"1024\" title=\"\"><figcaption class=\"wp-caption-text\">Fonte: Pinterest<\/figcaption><\/figure>\n<h3>O futuro da arquitetura residencial exclusiva<\/h3>\n<p>As tend\u00eancias apontam para casas cada vez mais <b>inteligentes, sustent\u00e1veis e ousadas<\/b>. E a\u00ed, qual ser\u00e1 o novo padr\u00e3o que vai te conquistar?<\/p>\n<figure style=\"width: 1024px\" class=\"wp-caption aligncenter\"><img decoding=\"async\" src=\"https:\/\/www.aarquiteta.com.br\/blog\/wp-content\/uploads\/2025\/03\/4beb01358f49161daff245828228a3c2.jpg\" alt=\"Arquitetura Residencial Exclusiva: Projetos que Definem o Novo Padr\u00e3o\" width=\"1024\" height=\"1024\" title=\"\"><figcaption class=\"wp-caption-text\">Fonte: Pinterest<\/figcaption><\/figure>\n<\/body><br \/>\n<figure style=\"width: 1024px\" class=\"wp-caption aligncenter\"><img decoding=\"async\" src=\"https:\/\/i.pinimg.com\/originals\/c9\/ac\/e0\/c9ace0ee196ff8bdc7ef9e4bc7520d3e.jpg\" alt=\"Arquitetura Residencial Exclusiva: Projetos que Definem o Novo Padr\u00e3o\" width=\"1024\" height=\"1024\" title=\"\"><figcaption class=\"wp-caption-text\">Fonte: Pinterest<\/figcaption><\/figure>\n","protected":false},"excerpt":{"rendered":"<p>7 Inova\u00e7\u00f5es em Arquitetura Residencial Exclusiva que Voc\u00ea Precisa Conhecer<\/p>\n","protected":false},"author":102,"featured_media":147788,"comment_status":"open","ping_status":"","sticky":false,"template":"","format":"standard","meta":{"footnotes":""},"categories":[1484],"tags":[],"class_list":["post-147797","post","type-post","status-publish","format-standard","has-post-thumbnail","category-decoracao"],"_wp_attached_file":null,"_wp_attachment_metadata":null,"_wp_attachment_context":null,"_wp_attachment_is_custom_header":null,"geo_longitude":null,"geo_public":null,"geo_latitude":null,"_publicize_done_external":null,"_wpas_done_3897181":null,"publicize_twitter_user":null,"_wpas_done_3897175":null,"_wpas_skip_3897181":null,"_wpas_skip_3897175":null,"_wpas_skip_3924723":null,"_wpas_mess":null,"_wpas_done_3924723":null,"wps_subtitle":"","_links":{"self":[{"href":"https:\/\/www.aarquiteta.com.br\/blog\/wp-json\/wp\/v2\/posts\/147797","targetHints":{"allow":["GET"]}}],"collection":[{"href":"https:\/\/www.aarquiteta.com.br\/blog\/wp-json\/wp\/v2\/posts"}],"about":[{"href":"https:\/\/www.aarquiteta.com.br\/blog\/wp-json\/wp\/v2\/types\/post"}],"author":[{"embeddable":true,"href":"https:\/\/www.aarquiteta.com.br\/blog\/wp-json\/wp\/v2\/users\/102"}],"replies":[{"embeddable":true,"href":"https:\/\/www.aarquiteta.com.br\/blog\/wp-json\/wp\/v2\/comments?post=147797"}],"version-history":[{"count":0,"href":"https:\/\/www.aarquiteta.com.br\/blog\/wp-json\/wp\/v2\/posts\/147797\/revisions"}],"wp:featuredmedia":[{"embeddable":true,"href":"https:\/\/www.aarquiteta.com.br\/blog\/wp-json\/wp\/v2\/media\/147788"}],"wp:attachment":[{"href":"https:\/\/www.aarquiteta.com.br\/blog\/wp-json\/wp\/v2\/media?parent=147797"}],"wp:term":[{"taxonomy":"category","embeddable":true,"href":"https:\/\/www.aarquiteta.com.br\/blog\/wp-json\/wp\/v2\/categories?post=147797"},{"taxonomy":"post_tag","embeddable":true,"href":"https:\/\/www.aarquiteta.com.br\/blog\/wp-json\/wp\/v2\/tags?post=147797"}],"curies":[{"name":"wp","href":"https:\/\/api.w.org\/{rel}","templated":true}]}}