{"id":147767,"date":"2025-03-19T19:42:14","date_gmt":"2025-03-19T22:42:14","guid":{"rendered":"https:\/\/www.aarquiteta.com.br\/blog\/fachada-de-casa-colonial\/"},"modified":"2025-03-19T19:42:14","modified_gmt":"2025-03-19T22:42:14","slug":"fachada-de-casa-colonial","status":"publish","type":"post","link":"https:\/\/www.aarquiteta.com.br\/blog\/fachada-de-casa-colonial\/","title":{"rendered":"Segredos dos Designers: Transforme Qualquer Espa\u00e7o com Essas Dicas!"},"content":{"rendered":"<p>Quer transformar seu espa\u00e7o? Vou te dar dicas valiosas que os designers usam para deixar qualquer ambiente incr\u00edvel!<\/p>\n<h3>Voc\u00ea j\u00e1 percebeu como pequenos detalhes fazem diferen\u00e7a?<\/h3>\n<figure style=\"width: 1024px\" class=\"wp-caption aligncenter\"><img decoding=\"async\" src=\"https:\/\/www.aarquiteta.com.br\/blog\/wp-content\/uploads\/2025\/03\/img2011-204.webp\" alt=\"Casa Colonial Fachada: Fotos Lindas desse Estilo Encantador!\" title=\"\"><figcaption class=\"wp-caption-text\">Casa Colonial Fachada: Fotos Lindas desse Estilo Encantador!<\/figcaption><\/figure>\n<p>Muita gente sonha com um ambiente <b>sofisticado<\/b>, mas tem medo de errar na escolha dos elementos decorativos.<\/p>\n<p>Por isso, hoje vou te mostrar como escolher decora\u00e7\u00e3o sem medo e com muito estilo! Vamos falar sobre cores, ilumina\u00e7\u00e3o e disposi\u00e7\u00e3o de m\u00f3veis para um resultado impressionante.<\/p>\n<h3>Use Cores para Transformar o Ambiente<\/h3>\n<img decoding=\"async\" src=\"https:\/\/www.aarquiteta.com.br\/blog\/wp-content\/uploads\/2025\/03\/fachada-de-casa-colonial01.jpg\" alt=\"\" width=\"1024\" height=\"1024\" title=\"\">\n<p>As cores t\u00eam um poder <b>incr\u00edvel<\/b> na decora\u00e7\u00e3o. Escolha tons que combinem com sua personalidade!<\/p>\n<p>Se quiser um espa\u00e7o tranquilo, opte por <b>tons neutros<\/b>. Quer algo mais vibrante? Aposte em cores fortes nas paredes ou na decora\u00e7\u00e3o!<\/p>\n<h3>A Ilumina\u00e7\u00e3o Muda Tudo<\/h3>\n<figure style=\"width: 1024px\" class=\"wp-caption aligncenter\"><img decoding=\"async\" src=\"https:\/\/www.aarquiteta.com.br\/blog\/wp-content\/uploads\/2025\/03\/img2011-207-1200x658.webp\" alt=\"Casa Colonial Fachada: Fotos Lindas desse Estilo Encantador!\" title=\"\"><figcaption class=\"wp-caption-text\">Casa Colonial Fachada: Fotos Lindas desse Estilo Encantador!<\/figcaption><\/figure>\n<p>Uma boa luz pode fazer seu ambiente brilhar! Invista em <b>fontes de ilumina\u00e7\u00e3o<\/b> variadas: abajures, pendentes e ilumina\u00e7\u00e3o indireta.<\/p>\n<p>Iluminar bem um canto pode deix\u00e1-lo mais aconchegante e acolhedor. Uma lumin\u00e1ria poderosa \u00e9 a alma do neg\u00f3cio!<\/p>\n<h3>Disposi\u00e7\u00e3o dos M\u00f3veis \u00e9 Fundamental<\/h3>\n<img decoding=\"async\" src=\"https:\/\/www.aarquiteta.com.br\/blog\/wp-content\/uploads\/2025\/03\/fachada-de-casa-colonial02.jpg\" alt=\"\" width=\"1024\" height=\"1024\" title=\"\">\n<p>Voc\u00ea sabia que a forma como voc\u00ea <b>organiza os m\u00f3veis<\/b> pode mudar a sensa\u00e7\u00e3o de espa\u00e7o?<\/p>\n<p>Experimente distribuir os m\u00f3veis de forma mais aberta. Isso gera a sensa\u00e7\u00e3o de amplitude! Pode parecer um pouco confuso no come\u00e7o, mas a mudan\u00e7a vale a pena!<\/p>\n<h3>Invista em Plantas para Vida e Cor<\/h3>\n<figure style=\"width: 1024px\" class=\"wp-caption aligncenter\"><img decoding=\"async\" src=\"https:\/\/www.aarquiteta.com.br\/blog\/wp-content\/uploads\/2025\/03\/img2011-206-1200x658.webp\" alt=\"Casa Colonial Fachada: Fotos Lindas desse Estilo Encantador!\" title=\"\"><figcaption class=\"wp-caption-text\">Casa Colonial Fachada: Fotos Lindas desse Estilo Encantador!<\/figcaption><\/figure>\n<p>Adicionar plantas \u00e0 sua decora\u00e7\u00e3o traz vida e frescor! Elas <b>alegram<\/b> qualquer ambiente e purificam o ar.<\/p>\n<p>Escolha plantas que se adequem \u00e0 luz do seu espa\u00e7o. Pensa em um canto verde como um verdadeiro aliado na decora\u00e7\u00e3o!<\/p>\n<h3>Personaliza\u00e7\u00e3o: O Toque Final<\/h3>\n<img decoding=\"async\" src=\"https:\/\/www.aarquiteta.com.br\/blog\/wp-content\/uploads\/2025\/03\/fachada-de-casa-colonial03.jpg\" alt=\"\" width=\"1024\" height=\"1024\" title=\"\">\n<p>Por \u00faltimo, n\u00e3o se esque\u00e7a de adicionar elementos que refletem sua <b>personalidade<\/b>.<\/p>\n<p>Quadros com fotos, objetos \u00fanicos e lembran\u00e7as podem contar hist\u00f3rias e dar um charme especial ao ambiente.<\/p>\n<h3>Vamos Colocar em Pr\u00e1tica?<\/h3>\n<figure style=\"width: 1024px\" class=\"wp-caption aligncenter\"><img decoding=\"async\" src=\"https:\/\/www.aarquiteta.com.br\/blog\/wp-content\/uploads\/2025\/03\/img2011-205.webp\" alt=\"Casa Colonial Fachada: Fotos Lindas desse Estilo Encantador!\" title=\"\"><figcaption class=\"wp-caption-text\">Casa Colonial Fachada: Fotos Lindas desse Estilo Encantador!<\/figcaption><\/figure>\n<p>Ao aplicar essas dicas que os designers adoram, voc\u00ea vai perceber que transformar qualquer espa\u00e7o \u00e9 poss\u00edvel e <b>divertido<\/b>.<\/p>\n<p>Acredite, a beleza da decora\u00e7\u00e3o est\u00e1 nas pequenas escolhas! Agora, \u00e9 a sua vez de brilhar e colocar essas dicas em pr\u00e1tica!<\/p>\n<img decoding=\"async\" src=\"https:\/\/www.aarquiteta.com.br\/blog\/wp-content\/uploads\/2025\/03\/fachada-de-casa-colonial4.jpg\" alt=\"\" width=\"1024\" height=\"1024\" title=\"\">\n<figure style=\"width: 1024px\" class=\"wp-caption aligncenter\"><img decoding=\"async\" src=\"https:\/\/www.aarquiteta.com.br\/blog\/wp-content\/uploads\/2025\/03\/img2011-203.webp\" alt=\"Casa Colonial Fachada: Fotos Lindas desse Estilo Encantador!\" title=\"\"><figcaption class=\"wp-caption-text\">Casa Colonial Fachada: Fotos Lindas desse Estilo Encantador!<\/figcaption><\/figure>\n<h3>Para se aprofundar mais sobre o tema, veja a minha recomenda\u00e7\u00e3o sobre o tema deste artigo no v\u00eddeo a seguir abaixo:<\/h3>\n<p><iframe title=\"YouTube video player\" src=\"https:\/\/www.youtube.com\/embed\/\" width=\"560\" height=\"315\" frameborder=\"0\" allowfullscreen=\"allowfullscreen\"><\/iframe><\/p>\n<figure style=\"width: 1024px\" class=\"wp-caption aligncenter\"><img decoding=\"async\" src=\"https:\/\/www.aarquiteta.com.br\/blog\/wp-content\/uploads\/2025\/03\/image-5-1024x562.webp\" alt=\"Casa Colonial Fachada: Fotos Lindas desse Estilo Encantador!\" title=\"\"><figcaption class=\"wp-caption-text\">Casa Colonial Fachada: Fotos Lindas desse Estilo Encantador!<\/figcaption><\/figure>\n","protected":false},"excerpt":{"rendered":"<p>O que \u00e9 uma fachada de casa estilo colonial e inspira\u00e7\u00f5es para se inspirar.<\/p>\n","protected":false},"author":102,"featured_media":147758,"comment_status":"open","ping_status":"","sticky":false,"template":"","format":"standard","meta":{"footnotes":""},"categories":[1484],"tags":[],"class_list":["post-147767","post","type-post","status-publish","format-standard","has-post-thumbnail","category-decoracao"],"_wp_attached_file":null,"_wp_attachment_metadata":null,"_wp_attachment_context":null,"_wp_attachment_is_custom_header":null,"geo_longitude":null,"geo_public":null,"geo_latitude":null,"_publicize_done_external":null,"_wpas_done_3897181":null,"publicize_twitter_user":null,"_wpas_done_3897175":null,"_wpas_skip_3897181":null,"_wpas_skip_3897175":null,"_wpas_skip_3924723":null,"_wpas_mess":null,"_wpas_done_3924723":null,"wps_subtitle":"","_links":{"self":[{"href":"https:\/\/www.aarquiteta.com.br\/blog\/wp-json\/wp\/v2\/posts\/147767","targetHints":{"allow":["GET"]}}],"collection":[{"href":"https:\/\/www.aarquiteta.com.br\/blog\/wp-json\/wp\/v2\/posts"}],"about":[{"href":"https:\/\/www.aarquiteta.com.br\/blog\/wp-json\/wp\/v2\/types\/post"}],"author":[{"embeddable":true,"href":"https:\/\/www.aarquiteta.com.br\/blog\/wp-json\/wp\/v2\/users\/102"}],"replies":[{"embeddable":true,"href":"https:\/\/www.aarquiteta.com.br\/blog\/wp-json\/wp\/v2\/comments?post=147767"}],"version-history":[{"count":0,"href":"https:\/\/www.aarquiteta.com.br\/blog\/wp-json\/wp\/v2\/posts\/147767\/revisions"}],"wp:featuredmedia":[{"embeddable":true,"href":"https:\/\/www.aarquiteta.com.br\/blog\/wp-json\/wp\/v2\/media\/147758"}],"wp:attachment":[{"href":"https:\/\/www.aarquiteta.com.br\/blog\/wp-json\/wp\/v2\/media?parent=147767"}],"wp:term":[{"taxonomy":"category","embeddable":true,"href":"https:\/\/www.aarquiteta.com.br\/blog\/wp-json\/wp\/v2\/categories?post=147767"},{"taxonomy":"post_tag","embeddable":true,"href":"https:\/\/www.aarquiteta.com.br\/blog\/wp-json\/wp\/v2\/tags?post=147767"}],"curies":[{"name":"wp","href":"https:\/\/api.w.org\/{rel}","templated":true}]}}