{"id":147753,"date":"2025-03-19T18:58:02","date_gmt":"2025-03-19T21:58:02","guid":{"rendered":"https:\/\/www.aarquiteta.com.br\/blog\/casa-fachada-preta\/"},"modified":"2025-03-19T18:58:02","modified_gmt":"2025-03-19T21:58:02","slug":"casa-fachada-preta","status":"publish","type":"post","link":"https:\/\/www.aarquiteta.com.br\/blog\/casa-fachada-preta\/","title":{"rendered":"Transforme sua Casa com Fachada Preta: Segredos do Estilo Moderno que Voc\u00ea Precisa Conhecer!"},"content":{"rendered":"<p>Transformar sua casa com uma <b>fachada preta<\/b> pode ser mais simples do que parece! Neste artigo, voc\u00ea vai descobrir como.<\/p>\n<h3>Por que Investir na Fachada Preta?<\/h3>\n<figure style=\"width: 1024px\" class=\"wp-caption aligncenter\"><img decoding=\"async\" src=\"https:\/\/www.aarquiteta.com.br\/blog\/wp-content\/uploads\/2025\/03\/img2011-223-1200x658.webp\" alt=\"Imagem que mostra acess\u00f3rios decorativos em harmonia com a fachada preta.\" title=\"\"><figcaption class=\"wp-caption-text\">Imagem que mostra acess\u00f3rios decorativos em harmonia com a fachada preta.<\/figcaption><\/figure>\n<p>Voc\u00ea j\u00e1 pensou em como uma <b>fachada preta<\/b> pode mudar a cara da sua casa? Essa cor traz um toque de <b>modernidade<\/b> e eleg\u00e2ncia que n\u00e3o passa despercebido.<\/p>\n<h3>Impacto Visual e Percep\u00e7\u00e3o<\/h3>\n<figure style=\"width: 1024px\" class=\"wp-caption aligncenter\"><img decoding=\"async\" src=\"https:\/\/www.aarquiteta.com.br\/blog\/wp-content\/uploads\/2025\/03\/casa-fachada-preta01.jpg\" alt=\"Casa com Fachada Preta: Estilo Moderno e Dicas Imperd\u00edveis!\" width=\"1024\" height=\"1024\" title=\"\"><figcaption class=\"wp-caption-text\">Casa com Fachada Preta: Estilo Moderno e Dicas Imperd\u00edveis!<\/figcaption><\/figure>\n<p>O preto n\u00e3o s\u00f3 destaca sua casa como tamb\u00e9m real\u00e7a os detalhes. Um jardim florido na frente? \u00c9 um <b>contraste<\/b> que encanta!<\/p>\n<h3>Materiais Ideais<\/h3>\n<figure style=\"width: 1024px\" class=\"wp-caption aligncenter\"><img decoding=\"async\" src=\"https:\/\/www.aarquiteta.com.br\/blog\/wp-content\/uploads\/2025\/03\/image-4-1200x658.webp\" alt=\"Imagem da casa com fachada preta, destacando a est\u00e9tica moderna.\" title=\"\"><figcaption class=\"wp-caption-text\">Imagem da casa com fachada preta, destacando a est\u00e9tica moderna.<\/figcaption><\/figure>\n<p>Escolher os <b>materiais certos<\/b> faz toda a diferen\u00e7a. Tintas de qualidade e revestimentos dur\u00e1veis v\u00e3o garantir a beleza da sua fachada.<\/p>\n<h3>Elementos que Complementam<\/h3>\n<figure style=\"width: 1024px\" class=\"wp-caption aligncenter\"><img decoding=\"async\" src=\"https:\/\/www.aarquiteta.com.br\/blog\/wp-content\/uploads\/2025\/03\/casa-fachada-preta02.jpg\" alt=\"Casa com Fachada Preta: Estilo Moderno e Dicas Imperd\u00edveis!\" width=\"1024\" height=\"1024\" title=\"\"><figcaption class=\"wp-caption-text\">Casa com Fachada Preta: Estilo Moderno e Dicas Imperd\u00edveis!<\/figcaption><\/figure>\n<p>Para suavizar a rigidez do preto, adicionar <b>madeira<\/b> e <b>vidro<\/b> \u00e9 uma \u00f3tima ideia. Eles criam um ambiente mais acolhedor e atraente.<\/p>\n<h3>Ilumina\u00e7\u00e3o Perfeita<\/h3>\n<figure style=\"width: 1024px\" class=\"wp-caption aligncenter\"><img decoding=\"async\" src=\"https:\/\/www.aarquiteta.com.br\/blog\/wp-content\/uploads\/2025\/03\/img2011-218.webp\" alt=\"Outra imagem da casa com torre e fachada escura, que traz um visual impactante.\" title=\"\"><figcaption class=\"wp-caption-text\">Outra imagem da casa com torre e fachada escura, que traz um visual impactante.<\/figcaption><\/figure>\n<p>Cuidar da <b>ilumina\u00e7\u00e3o<\/b> \u00e9 essencial. Uma boa luz pode transformar a estrutura, destacando a fachada mesmo \u00e0 noite. Que tal um projeto bem pensado?<\/p>\n<h3>Detalhes que Fazem a Diferen\u00e7a<\/h3>\n<figure style=\"width: 1024px\" class=\"wp-caption aligncenter\"><img decoding=\"async\" src=\"https:\/\/www.aarquiteta.com.br\/blog\/wp-content\/uploads\/2025\/03\/casa-fachada-preta03.jpg\" alt=\"Casa com Fachada Preta: Estilo Moderno e Dicas Imperd\u00edveis!\" width=\"1024\" height=\"1024\" title=\"\"><figcaption class=\"wp-caption-text\">Casa com Fachada Preta: Estilo Moderno e Dicas Imperd\u00edveis!<\/figcaption><\/figure>\n<p>Pequenos <b>detalhes<\/b> podem personalizar a fachada. Uma porta colorida ou vasos de plantas s\u00e3o toques simples e incr\u00edveis!<\/p>\n<h3>Sustentabilidade em Alta<\/h3>\n<figure style=\"width: 1024px\" class=\"wp-caption aligncenter\"><img decoding=\"async\" src=\"https:\/\/www.aarquiteta.com.br\/blog\/wp-content\/uploads\/2025\/03\/img2011-219.webp\" alt=\"Terceira imagem de casa com detalhe na fachada preta, mostrando o contraste com janelas claras.\" title=\"\"><figcaption class=\"wp-caption-text\">Terceira imagem de casa com detalhe na fachada preta, mostrando o contraste com janelas claras.<\/figcaption><\/figure>\n<p>Optar por materiais recicl\u00e1veis e solu\u00e7\u00f5es que melhorem a <b>efici\u00eancia energ\u00e9tica<\/b> \u00e9 uma forma de manter a eleg\u00e2ncia, com consci\u00eancia ambiental.<\/p>\n<h3>Cuidados e Manuten\u00e7\u00e3o<\/h3>\n<figure style=\"width: 1024px\" class=\"wp-caption aligncenter\"><img decoding=\"async\" src=\"https:\/\/www.aarquiteta.com.br\/blog\/wp-content\/uploads\/2025\/03\/casa-fachada-preta4.jpg\" alt=\"Casa com Fachada Preta: Estilo Moderno e Dicas Imperd\u00edveis!\" width=\"1024\" height=\"1024\" title=\"\"><figcaption class=\"wp-caption-text\">Casa com Fachada Preta: Estilo Moderno e Dicas Imperd\u00edveis!<\/figcaption><\/figure>\n<p>Manter sua fachada preta sempre bonita requer <b>cuidado<\/b>. Limpeza regular e inspe\u00e7\u00f5es peri\u00f3dicas ajudam a evitar desgastes.<\/p>\n<p>Em resumo, uma <b>fachada preta<\/b> \u00e9 uma escolha cheia de estilo e personalidade. Se voc\u00ea aposta em materiais adequados, ilumina\u00e7\u00e3o caprichada e toques decorativos, ter\u00e1 um espa\u00e7o que reflete sua ess\u00eancia. Aposte e surpreenda-se!<\/p>\n<figure style=\"width: 1024px\" class=\"wp-caption aligncenter\"><img decoding=\"async\" src=\"https:\/\/www.aarquiteta.com.br\/blog\/wp-content\/uploads\/2025\/03\/img2011-221.webp\" alt=\"Imagem representando materiais e acabamentos que valorizam a fachada preta.\" title=\"\"><figcaption class=\"wp-caption-text\">Imagem representando materiais e acabamentos que valorizam a fachada preta.<\/figcaption><\/figure>\n<h3>Para se aprofundar mais sobre o tema, veja a minha recomenda\u00e7\u00e3o sobre o tema deste artigo no v\u00eddeo a seguir abaixo:<\/h3>\n<p><iframe title=\"YouTube video player\" src=\"https:\/\/www.youtube.com\/embed\/vIo-UQwcBjo\" width=\"560\" height=\"315\" frameborder=\"0\" allowfullscreen=\"allowfullscreen\"><\/iframe><\/p>\n<figure style=\"width: 1024px\" class=\"wp-caption aligncenter\"><img decoding=\"async\" src=\"https:\/\/www.aarquiteta.com.br\/blog\/wp-content\/uploads\/2025\/03\/img2011-220.webp\" alt=\"V\u00eddeo com a integra\u00e7\u00e3o de madeira e vidro em uma casa com fachada escura.\" title=\"\"><figcaption class=\"wp-caption-text\">V\u00eddeo com a integra\u00e7\u00e3o de madeira e vidro em uma casa com fachada escura.<\/figcaption><\/figure>\n","protected":false},"excerpt":{"rendered":"<p>Veja ideias e inspira\u00e7\u00f5es para casas modernas com fachadas pretas<\/p>\n","protected":false},"author":102,"featured_media":147743,"comment_status":"open","ping_status":"","sticky":false,"template":"","format":"standard","meta":{"footnotes":""},"categories":[1484],"tags":[],"class_list":["post-147753","post","type-post","status-publish","format-standard","has-post-thumbnail","category-decoracao"],"_wp_attached_file":null,"_wp_attachment_metadata":null,"_wp_attachment_context":null,"_wp_attachment_is_custom_header":null,"geo_longitude":null,"geo_public":null,"geo_latitude":null,"_publicize_done_external":null,"_wpas_done_3897181":null,"publicize_twitter_user":null,"_wpas_done_3897175":null,"_wpas_skip_3897181":null,"_wpas_skip_3897175":null,"_wpas_skip_3924723":null,"_wpas_mess":null,"_wpas_done_3924723":null,"wps_subtitle":"","_links":{"self":[{"href":"https:\/\/www.aarquiteta.com.br\/blog\/wp-json\/wp\/v2\/posts\/147753","targetHints":{"allow":["GET"]}}],"collection":[{"href":"https:\/\/www.aarquiteta.com.br\/blog\/wp-json\/wp\/v2\/posts"}],"about":[{"href":"https:\/\/www.aarquiteta.com.br\/blog\/wp-json\/wp\/v2\/types\/post"}],"author":[{"embeddable":true,"href":"https:\/\/www.aarquiteta.com.br\/blog\/wp-json\/wp\/v2\/users\/102"}],"replies":[{"embeddable":true,"href":"https:\/\/www.aarquiteta.com.br\/blog\/wp-json\/wp\/v2\/comments?post=147753"}],"version-history":[{"count":0,"href":"https:\/\/www.aarquiteta.com.br\/blog\/wp-json\/wp\/v2\/posts\/147753\/revisions"}],"wp:featuredmedia":[{"embeddable":true,"href":"https:\/\/www.aarquiteta.com.br\/blog\/wp-json\/wp\/v2\/media\/147743"}],"wp:attachment":[{"href":"https:\/\/www.aarquiteta.com.br\/blog\/wp-json\/wp\/v2\/media?parent=147753"}],"wp:term":[{"taxonomy":"category","embeddable":true,"href":"https:\/\/www.aarquiteta.com.br\/blog\/wp-json\/wp\/v2\/categories?post=147753"},{"taxonomy":"post_tag","embeddable":true,"href":"https:\/\/www.aarquiteta.com.br\/blog\/wp-json\/wp\/v2\/tags?post=147753"}],"curies":[{"name":"wp","href":"https:\/\/api.w.org\/{rel}","templated":true}]}}