{"id":147647,"date":"2025-03-18T18:51:30","date_gmt":"2025-03-18T21:51:30","guid":{"rendered":"https:\/\/www.aarquiteta.com.br\/blog\/casa-sem-sala-solucao\/"},"modified":"2025-03-18T18:51:30","modified_gmt":"2025-03-18T21:51:30","slug":"casa-sem-sala-solucao","status":"publish","type":"post","link":"https:\/\/www.aarquiteta.com.br\/blog\/casa-sem-sala-solucao\/","title":{"rendered":"Transforme Seu Espa\u00e7o: Descubra Solu\u00e7\u00f5es Inovadoras para Casas Sem Sala de Estar!"},"content":{"rendered":"<p>Transforme seu espa\u00e7o e descubra como criar solu\u00e7\u00f5es inovadoras para uma casa sem sala de estar que seja pr\u00e1tica e estilosa!<\/p>\n<h3>O que \u00e9 uma Casa Sem Sala de Estar<\/h3>\n<figure style=\"width: 1024px\" class=\"wp-caption aligncenter\"><img decoding=\"async\" src=\"https:\/\/www.aarquiteta.com.br\/blog\/wp-content\/uploads\/2025\/03\/dicas-de-decoracao-para-casa-sem-ambiente-de-estar-1024x563.jpg\" alt=\"dicas de decora\u00e7\u00e3o para casa sem ambiente de estar\" title=\"\"><figcaption class=\"wp-caption-text\">dicas de decora\u00e7\u00e3o para casa sem ambiente de estar<\/figcaption><\/figure>\n<p>Voc\u00ea j\u00e1 parou pra pensar no que caracteriza uma <b>casa sem sala de estar<\/b>? Este conceito moderno elimina a sala tradicional e integra os ambientes.<\/p>\n<p>As \u00e1reas se fundem, criando um espa\u00e7o mais amplo e fluido. Essa configura\u00e7\u00e3o valoriza a <b>socializa\u00e7\u00e3o<\/b> e a luz natural. Al\u00e9m disso, \u00e9 uma \u00f3tima op\u00e7\u00e3o para quem adora receber amigos!<\/p>\n<h3>Vantagens de N\u00e3o Ter uma Sala de Estar<\/h3>\n<figure style=\"width: 1024px\" class=\"wp-caption aligncenter\"><img decoding=\"async\" src=\"https:\/\/www.aarquiteta.com.br\/blog\/wp-content\/uploads\/2025\/03\/casa-sem-sala-solucao01.jpg\" alt=\"Casa sem Sala de Estar: Solu\u00e7\u00f5es Criativas e Modernas\" width=\"1024\" height=\"1024\" title=\"\"><figcaption class=\"wp-caption-text\">Casa sem Sala de Estar: Solu\u00e7\u00f5es Criativas e Modernas<\/figcaption><\/figure>\n<p>As vantagens de optar por um projeto assim s\u00e3o in\u00fameras. Um espa\u00e7o aberto oferece sensa\u00e7\u00e3o de <b>amplitude<\/b>, tornando seu lar muito mais convidativo.<\/p>\n<p>Voc\u00ea vai notar como \u00e9 mais f\u00e1cil interagir com fam\u00edlia e amigos! E h\u00e1 tamb\u00e9m a <b>personaliza\u00e7\u00e3o<\/b> que essa ideia permite, adaptando ambientes \u00e0s suas necessidades.<\/p>\n<h3>Espa\u00e7os Multifuncionais<\/h3>\n<figure style=\"width: 1024px\" class=\"wp-caption aligncenter\"><img decoding=\"async\" src=\"https:\/\/www.aarquiteta.com.br\/blog\/wp-content\/uploads\/2025\/03\/layout-inteligente-casa-sem-living-1200x660.jpg\" alt=\"layout inteligente em ambientes integrados\" title=\"\"><figcaption class=\"wp-caption-text\">layout inteligente em ambientes integrados<\/figcaption><\/figure>\n<p>Imagine ter um home office que vira sala de entretenimento no fim do dia. Isso \u00e9 poss\u00edvel com os <b>espa\u00e7os multifuncionais<\/b>.<\/p>\n<p>Os m\u00f3veis vers\u00e1teis s\u00e3o grandes aliados nessa transforma\u00e7\u00e3o. Eles ajudam a organizar tudo, mantendo a funcionalidade e o estilo!<\/p>\n<h3>Decora\u00e7\u00e3o Inteligente<\/h3>\n<figure style=\"width: 1024px\" class=\"wp-caption aligncenter\"><img decoding=\"async\" src=\"https:\/\/www.aarquiteta.com.br\/blog\/wp-content\/uploads\/2025\/03\/casa-sem-sala-solucao02.jpg\" alt=\"Casa sem Sala de Estar: Solu\u00e7\u00f5es Criativas e Modernas\" width=\"1024\" height=\"1024\" title=\"\"><figcaption class=\"wp-caption-text\">Casa sem Sala de Estar: Solu\u00e7\u00f5es Criativas e Modernas<\/figcaption><\/figure>\n<p>Decorar uma casa sem sala de estar requer <b>criatividade<\/b> e planejamento. Use m\u00f3veis modulados e tons claros nas paredes para garantir uma sensa\u00e7\u00e3o de bem-estar.<\/p>\n<p>Um toque especial de cor com almofadas e plantas pode fazer toda a diferen\u00e7a no ambiente!<\/p>\n<h3>Ambientes Confort\u00e1veis<\/h3>\n<figure style=\"width: 1024px\" class=\"wp-caption aligncenter\"><img decoding=\"async\" src=\"https:\/\/www.aarquiteta.com.br\/blog\/wp-content\/uploads\/2025\/03\/vantagens-de-apostar-em-casa-sem-ambiente-de-estar-1024x563.jpg\" alt=\"vantagens de optar por projetos sem sala de estar\" title=\"\"><figcaption class=\"wp-caption-text\">vantagens de optar por projetos sem sala de estar<\/figcaption><\/figure>\n<p>Para criar um ambiente confort\u00e1veis, priorize a <b>ilumina\u00e7\u00e3o natural<\/b> e escolha acess\u00f3rios que elevem o aconchego, como mantas e tapetes.<\/p>\n<p>Uma casa sem sala de estar pode ser um verdadeiro lar, cheio de boas mem\u00f3rias e encontros especiais!<\/p>\n<h3>Espa\u00e7os Externos como Extens\u00e3o do Lar<\/h3>\n<figure style=\"width: 1024px\" class=\"wp-caption aligncenter\"><img decoding=\"async\" src=\"https:\/\/www.aarquiteta.com.br\/blog\/wp-content\/uploads\/2025\/03\/casa-sem-sala-solucao03.jpg\" alt=\"Casa sem Sala de Estar: Solu\u00e7\u00f5es Criativas e Modernas\" width=\"1024\" height=\"1024\" title=\"\"><figcaption class=\"wp-caption-text\">Casa sem Sala de Estar: Solu\u00e7\u00f5es Criativas e Modernas<\/figcaption><\/figure>\n<p>Por fim, n\u00e3o se esque\u00e7a dos <b>espa\u00e7os externos<\/b>. Varandas e pequenos jardins podem ser \u00f3timos lugares para relaxar e socializar. Eles trazem a natureza para dentro de casa!<\/p>\n<p>Ao optar por solu\u00e7\u00f5es inovadoras, sua casa sem sala de estar pode se transformar em um verdadeiro ref\u00fagio. Vamos testar essas ideias e ver como \u00e9 poss\u00edvel viver com estilo e funcionalidade?<\/p>\n<figure style=\"width: 1024px\" class=\"wp-caption aligncenter\"><img decoding=\"async\" src=\"https:\/\/www.aarquiteta.com.br\/blog\/wp-content\/uploads\/2025\/03\/solucoes-de-design-para-casa-sem-sala-de-estar-1024x563.jpg\" alt=\"solu\u00e7\u00f5es de design para casas sem sala de estar\" title=\"\"><figcaption class=\"wp-caption-text\">solu\u00e7\u00f5es de design para casas sem sala de estar<\/figcaption><\/figure>\n<figure style=\"width: 1024px\" class=\"wp-caption aligncenter\"><img decoding=\"async\" src=\"https:\/\/www.aarquiteta.com.br\/blog\/wp-content\/uploads\/2025\/03\/casa-sem-sala-solucao4.jpg\" alt=\"Casa sem Sala de Estar: Solu\u00e7\u00f5es Criativas e Modernas\" width=\"1024\" height=\"1024\" title=\"\"><figcaption class=\"wp-caption-text\">Casa sem Sala de Estar: Solu\u00e7\u00f5es Criativas e Modernas<\/figcaption><\/figure>\n<figure style=\"width: 1024px\" class=\"wp-caption aligncenter\"><img decoding=\"async\" src=\"https:\/\/www.aarquiteta.com.br\/blog\/wp-content\/uploads\/2025\/03\/design-de-interiores-para-casas-sem-sala-de-estar-1024x563.jpg\" alt=\"design de interiores para resid\u00eancias sem sala de estar\" title=\"\"><figcaption class=\"wp-caption-text\">design de interiores para resid\u00eancias sem sala de estar<\/figcaption><\/figure>\n<h3>Para se aprofundar mais sobre o tema, veja a minha recomenda\u00e7\u00e3o sobre o tema deste artigo no v\u00eddeo a seguir abaixo:<\/h3>\n<p><iframe title=\"YouTube video player\" src=\"https:\/\/www.youtube.com\/embed\/4Pl7C55xYaY\" width=\"560\" height=\"315\" frameborder=\"0\" allowfullscreen=\"allowfullscreen\"><\/iframe><\/p>\n<figure style=\"width: 1024px\" class=\"wp-caption aligncenter\"><img decoding=\"async\" src=\"https:\/\/www.aarquiteta.com.br\/blog\/wp-content\/uploads\/2025\/03\/layout-inteligente-casa-sem-living-1024x563.jpg\" alt=\"layout inteligente que integra diferentes ambientes\" title=\"\"><figcaption class=\"wp-caption-text\">layout inteligente que integra diferentes ambientes<\/figcaption><\/figure>\n","protected":false},"excerpt":{"rendered":"<p>Solu\u00e7\u00f5es criativas para ambientes sem sala de estar: transforme sua casa com ideias modernas.<\/p>\n","protected":false},"author":102,"featured_media":147639,"comment_status":"open","ping_status":"","sticky":false,"template":"","format":"standard","meta":{"footnotes":""},"categories":[1484],"tags":[],"class_list":["post-147647","post","type-post","status-publish","format-standard","has-post-thumbnail","category-decoracao"],"_wp_attached_file":null,"_wp_attachment_metadata":null,"_wp_attachment_context":null,"_wp_attachment_is_custom_header":null,"geo_longitude":null,"geo_public":null,"geo_latitude":null,"_publicize_done_external":null,"_wpas_done_3897181":null,"publicize_twitter_user":null,"_wpas_done_3897175":null,"_wpas_skip_3897181":null,"_wpas_skip_3897175":null,"_wpas_skip_3924723":null,"_wpas_mess":null,"_wpas_done_3924723":null,"wps_subtitle":"","_links":{"self":[{"href":"https:\/\/www.aarquiteta.com.br\/blog\/wp-json\/wp\/v2\/posts\/147647","targetHints":{"allow":["GET"]}}],"collection":[{"href":"https:\/\/www.aarquiteta.com.br\/blog\/wp-json\/wp\/v2\/posts"}],"about":[{"href":"https:\/\/www.aarquiteta.com.br\/blog\/wp-json\/wp\/v2\/types\/post"}],"author":[{"embeddable":true,"href":"https:\/\/www.aarquiteta.com.br\/blog\/wp-json\/wp\/v2\/users\/102"}],"replies":[{"embeddable":true,"href":"https:\/\/www.aarquiteta.com.br\/blog\/wp-json\/wp\/v2\/comments?post=147647"}],"version-history":[{"count":0,"href":"https:\/\/www.aarquiteta.com.br\/blog\/wp-json\/wp\/v2\/posts\/147647\/revisions"}],"wp:featuredmedia":[{"embeddable":true,"href":"https:\/\/www.aarquiteta.com.br\/blog\/wp-json\/wp\/v2\/media\/147639"}],"wp:attachment":[{"href":"https:\/\/www.aarquiteta.com.br\/blog\/wp-json\/wp\/v2\/media?parent=147647"}],"wp:term":[{"taxonomy":"category","embeddable":true,"href":"https:\/\/www.aarquiteta.com.br\/blog\/wp-json\/wp\/v2\/categories?post=147647"},{"taxonomy":"post_tag","embeddable":true,"href":"https:\/\/www.aarquiteta.com.br\/blog\/wp-json\/wp\/v2\/tags?post=147647"}],"curies":[{"name":"wp","href":"https:\/\/api.w.org\/{rel}","templated":true}]}}