{"id":147624,"date":"2025-03-18T17:37:42","date_gmt":"2025-03-18T20:37:42","guid":{"rendered":"https:\/\/www.aarquiteta.com.br\/blog\/armarios-embutidos\/"},"modified":"2025-03-18T17:37:42","modified_gmt":"2025-03-18T20:37:42","slug":"armarios-embutidos","status":"publish","type":"post","link":"https:\/\/www.aarquiteta.com.br\/blog\/armarios-embutidos\/","title":{"rendered":"Transforme seu espa\u00e7o: descubra se arm\u00e1rios embutidos s\u00e3o o investimento ideal!"},"content":{"rendered":"<p>Voc\u00ea j\u00e1 pensou em como arm\u00e1rios embutidos podem transformar seu espa\u00e7o e agregar valor \u00e0 sua casa? Vamos descobrir juntos!<\/p>\n<h3>Arm\u00e1rios Embutidos: O Que S\u00e3o?<\/h3>\n<figure style=\"width: 1024px\" class=\"wp-caption aligncenter\"><img decoding=\"async\" src=\"https:\/\/www.aarquiteta.com.br\/blog\/wp-content\/uploads\/2025\/03\/img2011-52-1200x658.webp\" alt=\"Arm\u00e1rios embutidos: vale a pena investir? Descubra agora!\" title=\"\"><figcaption class=\"wp-caption-text\">Arm\u00e1rios embutidos: vale a pena investir? Descubra agora!<\/figcaption><\/figure>\n<p>Quando falamos de <b>arm\u00e1rios embutidos<\/b>, estamos nos referindo a m\u00f3veis planejados que aproveitam o espa\u00e7o de forma inteligente, gerando uma decora\u00e7\u00e3o mais clean e organizada.<\/p>\n<h3>Como Eles Podem Transformar Seu Espa\u00e7o?<\/h3>\n<figure style=\"width: 1024px\" class=\"wp-caption aligncenter\"><img decoding=\"async\" src=\"https:\/\/www.aarquiteta.com.br\/blog\/wp-content\/uploads\/2025\/03\/armarios-embutidos01.jpg\" alt=\"Arm\u00e1rios embutidos: Vale a pena o investimento?\" width=\"1024\" height=\"1024\" title=\"\"><figcaption class=\"wp-caption-text\">Arm\u00e1rios embutidos: Vale a pena o investimento?<\/figcaption><\/figure>\n<p>Os arm\u00e1rios embutidos s\u00e3o uma solu\u00e7\u00e3o incr\u00edvel para quem quer otimizar o espa\u00e7o. Imagine um pequeno <b>quarto<\/b> onde cada cent\u00edmetro conta! Um arm\u00e1rio embutido se encaixa perfeitamente, tornando o ambiente mais funcional.<\/p>\n<h3>Personaliza\u00e7\u00e3o \u00e9 Tudo!<\/h3>\n<figure style=\"width: 1024px\" class=\"wp-caption aligncenter\"><img decoding=\"async\" src=\"https:\/\/www.aarquiteta.com.br\/blog\/wp-content\/uploads\/2025\/03\/img2011-51-1200x658.webp\" alt=\"Arm\u00e1rios embutidos: vale a pena investir? Descubra agora!\" title=\"\"><figcaption class=\"wp-caption-text\">Arm\u00e1rios embutidos: vale a pena investir? Descubra agora!<\/figcaption><\/figure>\n<p>Outro ponto que adoro nos arm\u00e1rios embutidos \u00e9 a <b>personaliza\u00e7\u00e3o<\/b>. Voc\u00ea pode escolher cores, acabamentos e at\u00e9 a distribui\u00e7\u00e3o interna. Que tal um arm\u00e1rio que combine com suas roupas e a decora\u00e7\u00e3o da sua casa?<\/p>\n<h3>Vantagens em Foco<\/h3>\n<figure style=\"width: 1024px\" class=\"wp-caption aligncenter\"><img decoding=\"async\" src=\"https:\/\/www.aarquiteta.com.br\/blog\/wp-content\/uploads\/2025\/03\/armarios-embutidos02.jpg\" alt=\"Arm\u00e1rios embutidos: Vale a pena o investimento?\" width=\"1024\" height=\"1024\" title=\"\"><figcaption class=\"wp-caption-text\">Arm\u00e1rios embutidos: Vale a pena o investimento?<\/figcaption><\/figure>\n<ul>\n<li><b>Maximiza\u00e7\u00e3o do espa\u00e7o<\/b>: Aproveita cada cantinho da sua casa.<\/li>\n<li><b>Est\u00e9tica incr\u00edvel<\/b>: Transforma qualquer ambiente, trazendo um ar de sofistica\u00e7\u00e3o.<\/li>\n<li><b>Valoriza o im\u00f3vel<\/b>: Um bom arm\u00e1rio embutido pode aumentar o valor da sua casa.<\/li>\n<\/ul>\n<h3>Desvantagens: \u00c9 Pra Ficar Atento!<\/h3>\n<figure style=\"width: 1024px\" class=\"wp-caption aligncenter\"><img decoding=\"async\" src=\"https:\/\/www.aarquiteta.com.br\/blog\/wp-content\/uploads\/2025\/03\/img2011-46.webp\" alt=\"Arm\u00e1rios embutidos: vale a pena investir? Descubra agora!\" title=\"\"><figcaption class=\"wp-caption-text\">Arm\u00e1rios embutidos: vale a pena investir? Descubra agora!<\/figcaption><\/figure>\n<p><b>Falta de flexibilidade<\/b> \u00e9 uma quest\u00e3o que preocupa. Uma vez instalado, \u00e9 dif\u00edcil mudar de lugar. Por isso, pense bem na sua necessidade antes de investir.<\/p>\n<h3>Alternativas que Funcionam<\/h3>\n<figure style=\"width: 1024px\" class=\"wp-caption aligncenter\"><img decoding=\"async\" src=\"https:\/\/www.aarquiteta.com.br\/blog\/wp-content\/uploads\/2025\/03\/armarios-embutidos03.jpg\" alt=\"Arm\u00e1rios embutidos: Vale a pena o investimento?\" width=\"1024\" height=\"1024\" title=\"\"><figcaption class=\"wp-caption-text\">Arm\u00e1rios embutidos: Vale a pena o investimento?<\/figcaption><\/figure>\n<p>Caso tenha receio dos arm\u00e1rios embutidos, <b>misturar<\/b> com m\u00f3veis modulares \u00e9 uma escolha inteligente. Dessa forma, voc\u00ea consegue o melhor dos dois mundos!<\/p>\n<h3>Materiais Certos Fazem a Diferen\u00e7a<\/h3>\n<figure style=\"width: 1024px\" class=\"wp-caption aligncenter\"><img decoding=\"async\" src=\"https:\/\/www.aarquiteta.com.br\/blog\/wp-content\/uploads\/2025\/03\/img2011-47.webp\" alt=\"Arm\u00e1rios embutidos: vale a pena investir? Descubra agora!\" title=\"\"><figcaption class=\"wp-caption-text\">Arm\u00e1rios embutidos: vale a pena investir? Descubra agora!<\/figcaption><\/figure>\n<p>Ao escolher seu arm\u00e1rio embutido, preste aten\u00e7\u00e3o nos <b>materiais<\/b>. A madeira de qualidade pode garantir a durabilidade do m\u00f3vel e trazer beleza ao ambiente.<\/p>\n<h3>Como Tomar a Decis\u00e3o Certa?<\/h3>\n<figure style=\"width: 1024px\" class=\"wp-caption aligncenter\"><img decoding=\"async\" src=\"https:\/\/www.aarquiteta.com.br\/blog\/wp-content\/uploads\/2025\/03\/armarios-embutidos4.jpg\" alt=\"Arm\u00e1rios embutidos: Vale a pena o investimento?\" width=\"1024\" height=\"1024\" title=\"\"><figcaption class=\"wp-caption-text\">Arm\u00e1rios embutidos: Vale a pena o investimento?<\/figcaption><\/figure>\n<p>Se voc\u00ea est\u00e1 se perguntando se vale a pena, a resposta \u00e9: <b>depende!<\/b> Se voc\u00ea busca funcionalidade e est\u00e9tica, arm\u00e1rios embutidos s\u00e3o uma excelente op\u00e7\u00e3o. Pesquise e converse com profissionais para encontrar a melhor solu\u00e7\u00e3o!<\/p>\n<p>No final das contas, arm\u00e1rios embutidos t\u00eam <b>grande potencial<\/b> de transformar o seu espa\u00e7o, trazendo beleza e organiza\u00e7\u00e3o. Ent\u00e3o, que tal considerar essa op\u00e7\u00e3o para sua casa?<\/p>\n<figure style=\"width: 1024px\" class=\"wp-caption aligncenter\"><img decoding=\"async\" src=\"https:\/\/www.aarquiteta.com.br\/blog\/wp-content\/uploads\/2025\/03\/img2011-49.webp\" alt=\"Arm\u00e1rios embutidos: vale a pena investir? Descubra agora!\" title=\"\"><figcaption class=\"wp-caption-text\">Arm\u00e1rios embutidos: vale a pena investir? Descubra agora!<\/figcaption><\/figure>\n<h3>Para se aprofundar mais sobre o tema, veja a minha recomenda\u00e7\u00e3o sobre o tema deste artigo no v\u00eddeo a seguir abaixo:<\/h3>\n<p><iframe title=\"YouTube video player\" src=\"https:\/\/www.youtube.com\/embed\/wf-MdV10Y2E\" width=\"560\" height=\"315\" frameborder=\"0\" allowfullscreen=\"allowfullscreen\"><\/iframe><\/p>\n<figure style=\"width: 1024px\" class=\"wp-caption aligncenter\"><img decoding=\"async\" src=\"https:\/\/www.aarquiteta.com.br\/blog\/wp-content\/uploads\/2025\/03\/img2011-48.webp\" alt=\"Arm\u00e1rios embutidos: vale a pena investir? Descubra agora!\" title=\"\"><figcaption class=\"wp-caption-text\">Arm\u00e1rios embutidos: vale a pena investir? Descubra agora!<\/figcaption><\/figure>\n","protected":false},"excerpt":{"rendered":"<p>Descubra as vantagens dos arm\u00e1rios embutidos e otimize seu espa\u00e7o com solu\u00e7\u00f5es modernas.<\/p>\n","protected":false},"author":102,"featured_media":147615,"comment_status":"open","ping_status":"","sticky":false,"template":"","format":"standard","meta":{"footnotes":""},"categories":[1484],"tags":[],"class_list":["post-147624","post","type-post","status-publish","format-standard","has-post-thumbnail","category-decoracao"],"_wp_attached_file":null,"_wp_attachment_metadata":null,"_wp_attachment_context":null,"_wp_attachment_is_custom_header":null,"geo_longitude":null,"geo_public":null,"geo_latitude":null,"_publicize_done_external":null,"_wpas_done_3897181":null,"publicize_twitter_user":null,"_wpas_done_3897175":null,"_wpas_skip_3897181":null,"_wpas_skip_3897175":null,"_wpas_skip_3924723":null,"_wpas_mess":null,"_wpas_done_3924723":null,"wps_subtitle":"","_links":{"self":[{"href":"https:\/\/www.aarquiteta.com.br\/blog\/wp-json\/wp\/v2\/posts\/147624","targetHints":{"allow":["GET"]}}],"collection":[{"href":"https:\/\/www.aarquiteta.com.br\/blog\/wp-json\/wp\/v2\/posts"}],"about":[{"href":"https:\/\/www.aarquiteta.com.br\/blog\/wp-json\/wp\/v2\/types\/post"}],"author":[{"embeddable":true,"href":"https:\/\/www.aarquiteta.com.br\/blog\/wp-json\/wp\/v2\/users\/102"}],"replies":[{"embeddable":true,"href":"https:\/\/www.aarquiteta.com.br\/blog\/wp-json\/wp\/v2\/comments?post=147624"}],"version-history":[{"count":0,"href":"https:\/\/www.aarquiteta.com.br\/blog\/wp-json\/wp\/v2\/posts\/147624\/revisions"}],"wp:featuredmedia":[{"embeddable":true,"href":"https:\/\/www.aarquiteta.com.br\/blog\/wp-json\/wp\/v2\/media\/147615"}],"wp:attachment":[{"href":"https:\/\/www.aarquiteta.com.br\/blog\/wp-json\/wp\/v2\/media?parent=147624"}],"wp:term":[{"taxonomy":"category","embeddable":true,"href":"https:\/\/www.aarquiteta.com.br\/blog\/wp-json\/wp\/v2\/categories?post=147624"},{"taxonomy":"post_tag","embeddable":true,"href":"https:\/\/www.aarquiteta.com.br\/blog\/wp-json\/wp\/v2\/tags?post=147624"}],"curies":[{"name":"wp","href":"https:\/\/api.w.org\/{rel}","templated":true}]}}