{"id":147602,"date":"2025-03-18T12:49:34","date_gmt":"2025-03-18T15:49:34","guid":{"rendered":"https:\/\/www.aarquiteta.com.br\/blog\/piso-area-externa\/"},"modified":"2025-03-18T12:49:34","modified_gmt":"2025-03-18T15:49:34","slug":"piso-area-externa","status":"publish","type":"post","link":"https:\/\/www.aarquiteta.com.br\/blog\/piso-area-externa\/","title":{"rendered":"Transforme sua \u00c1rea Externa: Revelamos as Melhores Op\u00e7\u00f5es para Dar Vida ao Seu Espa\u00e7o!"},"content":{"rendered":"<p>Quer ter uma \u00e1rea externa linda e segura? Ent\u00e3o venha comigo, que eu vou te contar tudo sobre os <b>pisos para \u00e1rea externa<\/b>.<\/p>\n<h3>Por que o piso certo \u00e9 importante?<\/h3>\n<figure style=\"width: 1024px\" class=\"wp-caption aligncenter\"><img decoding=\"async\" src=\"https:\/\/www.aarquiteta.com.br\/blog\/wp-content\/uploads\/2025\/03\/piso-area-externa-01.jpg\" alt=\"Piso \u00e1rea externa: conhe\u00e7a as melhores op\u00e7\u00f5es\" width=\"1024\" height=\"1024\" title=\"\"><figcaption class=\"wp-caption-text\">Piso \u00e1rea externa: conhe\u00e7a as melhores op\u00e7\u00f5es<\/figcaption><\/figure>\n<p>Quando se trata de <b>piso para \u00e1reas externas<\/b>, a escolha errada pode causar estresse. Um piso adequado traz seguran\u00e7a e beleza. <b>Investir em um bom piso<\/b> valoriza o ambiente l\u00e1 fora, sabia?<\/p>\n<h3>As melhores op\u00e7\u00f5es de pisos<\/h3>\n<figure style=\"width: 1024px\" class=\"wp-caption aligncenter\"><img decoding=\"async\" src=\"https:\/\/www.aarquiteta.com.br\/blog\/wp-content\/uploads\/2025\/03\/16980137107267246-1120x745.jpg\" alt=\"Cobertura com \u00e1rea externa e piscina, porcelanato EXT, vista com p\u00f4r do sol\" title=\"\"><figcaption class=\"wp-caption-text\">Cobertura com \u00e1rea externa e piscina, porcelanato EXT, vista com p\u00f4r do sol<\/figcaption><\/figure>\n<p>Eu sempre digo que as op\u00e7\u00f5es s\u00e3o muitas. Voc\u00ea pode optar por <b>pisos cer\u00e2micos<\/b>, que s\u00e3o conhecidos pela resist\u00eancia. Ou quem sabe, <b>piso de madeira<\/b>, para um ar mais natural. Voc\u00ea sabia que existem at\u00e9 <b>pavimentos intertravados<\/b>? Eles s\u00e3o \u00f3timos para a drenagem da \u00e1gua.<\/p>\n<h3>Dicas de seguran\u00e7a<\/h3>\n<figure style=\"width: 1024px\" class=\"wp-caption aligncenter\"><img decoding=\"async\" src=\"https:\/\/www.aarquiteta.com.br\/blog\/wp-content\/uploads\/2025\/03\/16980096691864083-896x1120.jpg\" alt=\"Imagem de borda de piscina, piso at\u00e9rmico na cor grafite, cadeiras e vegeta\u00e7\u00e3o ao fundo\" title=\"\"><figcaption class=\"wp-caption-text\">Imagem de borda de piscina, piso at\u00e9rmico na cor grafite, cadeiras e vegeta\u00e7\u00e3o ao fundo<\/figcaption><\/figure>\n<p>Garantir a <b>seguran\u00e7a<\/b> tamb\u00e9m \u00e9 fundamental. Pisos antiderrapantes s\u00e3o essenciais. E olha, isso pode evitar muitos acidentes, principalmente em dias de chuva. <b>Cuidado!<\/b> Muitas vezes, o b\u00e1sico j\u00e1 faz toda a diferen\u00e7a.<\/p>\n<h3>Resist\u00eancia ao tempo<\/h3>\n<figure style=\"width: 1024px\" class=\"wp-caption aligncenter\"><img decoding=\"async\" src=\"https:\/\/www.aarquiteta.com.br\/blog\/wp-content\/uploads\/2025\/03\/piso-area-externa-02.jpg\" alt=\"Piso \u00e1rea externa: conhe\u00e7a as melhores op\u00e7\u00f5es\" width=\"1024\" height=\"1024\" title=\"\"><figcaption class=\"wp-caption-text\">Piso \u00e1rea externa: conhe\u00e7a as melhores op\u00e7\u00f5es<\/figcaption><\/figure>\n<p>Outro ponto a considerar \u00e9 a <b>resist\u00eancia<\/b>. Como voc\u00ea sabe, as \u00e1reas externas est\u00e3o expostas \u00e0s intemp\u00e9ries. Por isso, um piso resistente a raios UV e \u00e1gua \u00e9 ideal. N\u00e3o esque\u00e7a de verificar as especifica\u00e7\u00f5es do material, ok?<\/p>\n<h3>Como escolher o piso ideal?<\/h3>\n<figure style=\"width: 1024px\" class=\"wp-caption aligncenter\"><img decoding=\"async\" src=\"https:\/\/www.aarquiteta.com.br\/blog\/wp-content\/uploads\/2025\/03\/1698013845288462-1120x933.jpg\" alt=\"Varanda integrada com porcelanato, parede com tons terrosos e vegeta\u00e7\u00e3o abundante, m\u00f3veis contempor\u00e2neos e design minimalista\" title=\"\"><figcaption class=\"wp-caption-text\">Varanda integrada com porcelanato, parede com tons terrosos e vegeta\u00e7\u00e3o abundante, m\u00f3veis contempor\u00e2neos e design minimalista<\/figcaption><\/figure>\n<p>A escolha deve levar em conta o estilo do ambiente e suas necessidades espec\u00edficas. Pense na <b>est\u00e9tica<\/b> e como cada piso se encaixa na decora\u00e7\u00e3o geral. Vai receber bastante gente? Prefira op\u00e7\u00f5es mais resistentes e f\u00e1ceis de limpar.<\/p>\n<h3>Est\u00e9tica e harmonia<\/h3>\n<figure style=\"width: 1024px\" class=\"wp-caption aligncenter\"><img decoding=\"async\" src=\"https:\/\/www.aarquiteta.com.br\/blog\/wp-content\/uploads\/2025\/03\/piso-area-externa-03.jpg\" alt=\"Piso \u00e1rea externa: conhe\u00e7a as melhores op\u00e7\u00f5es\" width=\"1024\" height=\"1024\" title=\"\"><figcaption class=\"wp-caption-text\">Piso \u00e1rea externa: conhe\u00e7a as melhores op\u00e7\u00f5es<\/figcaption><\/figure>\n<p>Um fato interessante \u00e9 que a <b>est\u00e9tica<\/b> n\u00e3o deve ser deixada de lado. A escolha da cor e textura pode transformar completamente o espa\u00e7o. Que tal um piso claro para iluminar a \u00e1rea e dar uma sensa\u00e7\u00e3o de amplitude?<\/p>\n<h3>Orienta\u00e7\u00f5es finais<\/h3>\n<figure style=\"width: 1024px\" class=\"wp-caption aligncenter\"><img decoding=\"async\" src=\"https:\/\/www.aarquiteta.com.br\/blog\/wp-content\/uploads\/2025\/03\/16980131401130643-1120x706.jpg\" alt=\"bicicleta em cima do piso resistente\" title=\"\"><figcaption class=\"wp-caption-text\">bicicleta em cima do piso resistente<\/figcaption><\/figure>\n<p>Na minha experi\u00eancia, se voc\u00ea planejar com calma e pesquisar, a escolha do piso ideal para a sua \u00e1rea externa pode ser divertida! Avalie todas as op\u00e7\u00f5es com carinho e n\u00e3o hesite em pedir ajuda a um especialista. <b>A tranquilidade na escolha vale ouro!<\/b><\/p>\n<p>As dicas de seguran\u00e7a, resist\u00eancia e est\u00e9tica ajudam muito a criar um ambiente perfeito. Lembre-se, fazer a escolha certa d\u00e1 prazer e alegria.<\/p>\n<figure style=\"width: 1024px\" class=\"wp-caption aligncenter\"><img decoding=\"async\" src=\"https:\/\/www.aarquiteta.com.br\/blog\/wp-content\/uploads\/2025\/03\/piso-area-externa-4.jpg\" alt=\"Piso \u00e1rea externa: conhe\u00e7a as melhores op\u00e7\u00f5es\" width=\"1024\" height=\"1024\" title=\"\"><figcaption class=\"wp-caption-text\">Piso \u00e1rea externa: conhe\u00e7a as melhores op\u00e7\u00f5es<\/figcaption><\/figure>\n<figure style=\"width: 1024px\" class=\"wp-caption aligncenter\"><img decoding=\"async\" src=\"https:\/\/www.aarquiteta.com.br\/blog\/wp-content\/uploads\/2025\/03\/16980137107328405-1120x838.jpg\" alt=\"Varanda integrada com espa\u00e7o gourmet, porcelanato amadeirado e porcelanato marmorizado se encontram, vegeta\u00e7\u00e3o abundante, piscina e \u00e1rea gourmet em madeira e preto\" title=\"\"><figcaption class=\"wp-caption-text\">Varanda integrada com espa\u00e7o gourmet, porcelanato amadeirado e porcelanato marmorizado se encontram, vegeta\u00e7\u00e3o abundante, piscina e \u00e1rea gourmet em madeira e preto<\/figcaption><\/figure>\n<h3>Para se aprofundar mais sobre o tema, veja a minha recomenda\u00e7\u00e3o sobre o tema deste artigo no v\u00eddeo a seguir abaixo:<\/h3>\n<p><iframe title=\"YouTube video player\" src=\"https:\/\/www.youtube.com\/embed\/6m5_V5CDYWU\" width=\"560\" height=\"315\" frameborder=\"0\" allowfullscreen=\"allowfullscreen\"><\/iframe><\/p>\n<figure style=\"width: 1024px\" class=\"wp-caption aligncenter\"><img decoding=\"async\" src=\"https:\/\/www.aarquiteta.com.br\/blog\/wp-content\/uploads\/2025\/03\/16980137108812475-896x1120.jpg\" alt=\"\u00c1rea de piscina com piso fulget Sidewalk, at\u00e9rmico e pr\u00e1tico\" title=\"\"><figcaption class=\"wp-caption-text\">\u00c1rea de piscina com piso fulget Sidewalk, at\u00e9rmico e pr\u00e1tico<\/figcaption><\/figure>\n","protected":false},"excerpt":{"rendered":"<p>Descubra como escolher o piso ideal para \u00e1reas externas. Dicas de seguran\u00e7a, resist\u00eancia e est\u00e9tica para um ambiente perfeito.<\/p>\n","protected":false},"author":102,"featured_media":147595,"comment_status":"open","ping_status":"","sticky":false,"template":"","format":"standard","meta":{"footnotes":""},"categories":[35375,971,19206],"tags":[],"class_list":["post-147602","post","type-post","status-publish","format-standard","has-post-thumbnail","category-acabamentos","category-design-de-interiores","category-revestimentos"],"_wp_attached_file":null,"_wp_attachment_metadata":null,"_wp_attachment_context":null,"_wp_attachment_is_custom_header":null,"geo_longitude":null,"geo_public":null,"geo_latitude":null,"_publicize_done_external":null,"_wpas_done_3897181":null,"publicize_twitter_user":null,"_wpas_done_3897175":null,"_wpas_skip_3897181":null,"_wpas_skip_3897175":null,"_wpas_skip_3924723":null,"_wpas_mess":null,"_wpas_done_3924723":null,"wps_subtitle":"","_links":{"self":[{"href":"https:\/\/www.aarquiteta.com.br\/blog\/wp-json\/wp\/v2\/posts\/147602","targetHints":{"allow":["GET"]}}],"collection":[{"href":"https:\/\/www.aarquiteta.com.br\/blog\/wp-json\/wp\/v2\/posts"}],"about":[{"href":"https:\/\/www.aarquiteta.com.br\/blog\/wp-json\/wp\/v2\/types\/post"}],"author":[{"embeddable":true,"href":"https:\/\/www.aarquiteta.com.br\/blog\/wp-json\/wp\/v2\/users\/102"}],"replies":[{"embeddable":true,"href":"https:\/\/www.aarquiteta.com.br\/blog\/wp-json\/wp\/v2\/comments?post=147602"}],"version-history":[{"count":0,"href":"https:\/\/www.aarquiteta.com.br\/blog\/wp-json\/wp\/v2\/posts\/147602\/revisions"}],"wp:featuredmedia":[{"embeddable":true,"href":"https:\/\/www.aarquiteta.com.br\/blog\/wp-json\/wp\/v2\/media\/147595"}],"wp:attachment":[{"href":"https:\/\/www.aarquiteta.com.br\/blog\/wp-json\/wp\/v2\/media?parent=147602"}],"wp:term":[{"taxonomy":"category","embeddable":true,"href":"https:\/\/www.aarquiteta.com.br\/blog\/wp-json\/wp\/v2\/categories?post=147602"},{"taxonomy":"post_tag","embeddable":true,"href":"https:\/\/www.aarquiteta.com.br\/blog\/wp-json\/wp\/v2\/tags?post=147602"}],"curies":[{"name":"wp","href":"https:\/\/api.w.org\/{rel}","templated":true}]}}