{"id":147591,"date":"2025-03-18T12:01:54","date_gmt":"2025-03-18T15:01:54","guid":{"rendered":"https:\/\/www.aarquiteta.com.br\/blog\/decoracao-elegante\/"},"modified":"2025-03-18T12:01:54","modified_gmt":"2025-03-18T15:01:54","slug":"decoracao-elegante","status":"publish","type":"post","link":"https:\/\/www.aarquiteta.com.br\/blog\/decoracao-elegante\/","title":{"rendered":"5 Ideias Incr\u00edveis para Decora\u00e7\u00e3o Elegante"},"content":{"rendered":"<p><body><\/p>\n<p><b>Voc\u00ea j\u00e1 percebeu como um simples detalhe pode transformar completamente a decora\u00e7\u00e3o da sua sala?<\/b> Pequenos toques de eleg\u00e2ncia criam um ambiente sofisticado e acolhedor, sem precisar gastar uma fortuna.<\/p>\n<figure style=\"width: 1024px\" class=\"wp-caption aligncenter\"><img decoding=\"async\" src=\"https:\/\/www.aarquiteta.com.br\/blog\/wp-content\/uploads\/2025\/03\/decoracao-elegante01.jpg\" alt=\"Decora\u00e7\u00e3o Elegante: Transforme Seu Espa\u00e7o com Classe\" width=\"1024\" height=\"1024\" title=\"\"><figcaption class=\"wp-caption-text\">Decora\u00e7\u00e3o Elegante: Transforme Seu Espa\u00e7o com Classe<\/figcaption><\/figure>\n<h3>Escolha uma paleta de cores sofisticada<\/h3>\n<p>A escolha das cores \u00e9 essencial para uma decora\u00e7\u00e3o elegante. Tons neutros como <b>bege, cinza e branco<\/b> trazem sofistica\u00e7\u00e3o instant\u00e2nea.<\/p>\n<figure style=\"width: 1024px\" class=\"wp-caption aligncenter\"><img decoding=\"async\" src=\"https:\/\/www.aarquiteta.com.br\/blog\/wp-content\/uploads\/2025\/03\/decoracao-elegante02.jpg\" alt=\"Decora\u00e7\u00e3o Elegante: Transforme Seu Espa\u00e7o com Classe\" width=\"1024\" height=\"1024\" title=\"\"><figcaption class=\"wp-caption-text\">Decora\u00e7\u00e3o Elegante: Transforme Seu Espa\u00e7o com Classe<\/figcaption><\/figure>\n<p>Se quiser um toque de personalidade, insira cores fortes em pequenos detalhes, como <b>almofadas, quadros ou um m\u00f3vel de destaque<\/b>.<\/p>\n<h3>Invista na ilumina\u00e7\u00e3o certa<\/h3>\n<p>A ilumina\u00e7\u00e3o faz toda a diferen\u00e7a no ambiente. Lumin\u00e1rias bem posicionadas criam <b>sensa\u00e7\u00e3o de aconchego e requinte<\/b>.<\/p>\n<p>Abajures, fitas de LED e luzes indiretas deixam a decora\u00e7\u00e3o mais charmosa e ajudam a valorizar os elementos do espa\u00e7o.<\/p>\n<figure style=\"width: 1024px\" class=\"wp-caption aligncenter\"><img decoding=\"async\" src=\"https:\/\/www.aarquiteta.com.br\/blog\/wp-content\/uploads\/2025\/03\/a46d3307e2318111b18ba2d37d9ead65.0000000.jpg\" alt=\"Decora\u00e7\u00e3o Elegante: Transforme Seu Espa\u00e7o com Classe\" width=\"1024\" height=\"1024\" title=\"\"><figcaption class=\"wp-caption-text\">Fonte: Pinterest<\/figcaption><\/figure>\n<h3>Menos \u00e9 mais: o poder dos m\u00f3veis minimalistas<\/h3>\n<p>Uma decora\u00e7\u00e3o elegante n\u00e3o significa exagero. Escolha <b>m\u00f3veis funcionais e linhas simples<\/b>, evitando excessos.<\/p>\n<figure style=\"width: 1024px\" class=\"wp-caption aligncenter\"><img decoding=\"async\" src=\"https:\/\/www.aarquiteta.com.br\/blog\/wp-content\/uploads\/2025\/03\/799b0c6d63026b6c8b0afcab38d5ee05.jpg\" alt=\"Decora\u00e7\u00e3o Elegante: Transforme Seu Espa\u00e7o com Classe\" width=\"1024\" height=\"1024\" title=\"\"><figcaption class=\"wp-caption-text\">Fonte: Pinterest<\/figcaption><\/figure>\n<p>Um sof\u00e1 bem estruturado, uma mesa de centro sofisticada e poucos itens decorativos j\u00e1 elevam o n\u00edvel da composi\u00e7\u00e3o.<\/p>\n<figure style=\"width: 1024px\" class=\"wp-caption aligncenter\"><img decoding=\"async\" src=\"https:\/\/i.pinimg.com\/originals\/3b\/3e\/21\/3b3e21ef1a0fb2f6bcf25535b864dac4.jpg\" alt=\"Decora\u00e7\u00e3o Elegante: Transforme Seu Espa\u00e7o com Classe\" width=\"1024\" height=\"1024\" title=\"\"><figcaption class=\"wp-caption-text\">Fonte: Pinterest<\/figcaption><\/figure>\n<h3>Espelhos para ampliar e sofisticar<\/h3>\n<p>Al\u00e9m de ampliar o espa\u00e7o, espelhos bem posicionados trazem um <b>ar de sofistica\u00e7\u00e3o instant\u00e2neo<\/b>.<\/p>\n<figure style=\"width: 1024px\" class=\"wp-caption aligncenter\"><img decoding=\"async\" src=\"https:\/\/www.aarquiteta.com.br\/blog\/wp-content\/uploads\/2025\/03\/d7e912d724b517ebf66cd5a26c3e3894.jpg\" alt=\"Decora\u00e7\u00e3o Elegante: Transforme Seu Espa\u00e7o com Classe\" width=\"1024\" height=\"1024\" title=\"\"><figcaption class=\"wp-caption-text\">Fonte: Pinterest<\/figcaption><\/figure>\n<p>Experimente coloc\u00e1-los estrategicamente, refletindo luz natural e destacando o melhor do ambiente.<\/p>\n<figure style=\"width: 1024px\" class=\"wp-caption aligncenter\"><img decoding=\"async\" src=\"https:\/\/www.aarquiteta.com.br\/blog\/wp-content\/uploads\/2025\/03\/4cc280b10b22a8d016a0e070f5addbe2-675x1200.jpg\" alt=\"Decora\u00e7\u00e3o Elegante: Transforme Seu Espa\u00e7o com Classe\" width=\"1024\" height=\"1024\" title=\"\"><figcaption class=\"wp-caption-text\">Fonte: Pinterest<\/figcaption><\/figure>\n<h3>Pe\u00e7as de arte e acess\u00f3rios refinados<\/h3>\n<p>Quadros, esculturas e objetos decorativos elevam o n\u00edvel da decora\u00e7\u00e3o e mostram personalidade.<\/p>\n<figure style=\"width: 1024px\" class=\"wp-caption aligncenter\"><img decoding=\"async\" src=\"https:\/\/i.pinimg.com\/originals\/14\/f8\/27\/14f8276ea881e3c60466b985f6dea2da.jpg\" alt=\"Decora\u00e7\u00e3o Elegante: Transforme Seu Espa\u00e7o com Classe\" width=\"1024\" height=\"1024\" title=\"\"><figcaption class=\"wp-caption-text\">Fonte: Pinterest<\/figcaption><\/figure>\n<p>Escolha <b>itens que tenham significado para voc\u00ea<\/b>, garantindo uma composi\u00e7\u00e3o aut\u00eantica e elegante.<\/p>\n<h3>Tapetes e cortinas para um toque final<\/h3>\n<p>Esses detalhes fazem toda a diferen\u00e7a. Tapetes trazem <b>sensa\u00e7\u00e3o de conforto<\/b>, enquanto cortinas conferem sofistica\u00e7\u00e3o e aconchego.<\/p>\n<p>Prefira tecidos nobres, como linho e veludo, para um visual verdadeiramente elegante.<\/p>\n<h3>A harmonia entre os elementos<\/h3>\n<p>Para um espa\u00e7o elegante, tudo deve estar em equil\u00edbrio. Os elementos precisam conversar entre si, criando uma decora\u00e7\u00e3o <b>harmoniosa e bem planejada<\/b>.<\/p>\n<p>Evite misturar muitos estilos diferentes e siga uma linha coerente para um resultado impec\u00e1vel.<\/p>\n<p><\/body><\/p>\n","protected":false},"excerpt":{"rendered":"<p>5 Ideias Incr\u00edveis para Decora\u00e7\u00e3o Elegante<\/p>\n","protected":false},"author":102,"featured_media":147584,"comment_status":"open","ping_status":"","sticky":false,"template":"","format":"standard","meta":{"footnotes":""},"categories":[1484],"tags":[],"class_list":["post-147591","post","type-post","status-publish","format-standard","has-post-thumbnail","category-decoracao"],"_wp_attached_file":null,"_wp_attachment_metadata":null,"_wp_attachment_context":null,"_wp_attachment_is_custom_header":null,"geo_longitude":null,"geo_public":null,"geo_latitude":null,"_publicize_done_external":null,"_wpas_done_3897181":null,"publicize_twitter_user":null,"_wpas_done_3897175":null,"_wpas_skip_3897181":null,"_wpas_skip_3897175":null,"_wpas_skip_3924723":null,"_wpas_mess":null,"_wpas_done_3924723":null,"wps_subtitle":"","_links":{"self":[{"href":"https:\/\/www.aarquiteta.com.br\/blog\/wp-json\/wp\/v2\/posts\/147591","targetHints":{"allow":["GET"]}}],"collection":[{"href":"https:\/\/www.aarquiteta.com.br\/blog\/wp-json\/wp\/v2\/posts"}],"about":[{"href":"https:\/\/www.aarquiteta.com.br\/blog\/wp-json\/wp\/v2\/types\/post"}],"author":[{"embeddable":true,"href":"https:\/\/www.aarquiteta.com.br\/blog\/wp-json\/wp\/v2\/users\/102"}],"replies":[{"embeddable":true,"href":"https:\/\/www.aarquiteta.com.br\/blog\/wp-json\/wp\/v2\/comments?post=147591"}],"version-history":[{"count":0,"href":"https:\/\/www.aarquiteta.com.br\/blog\/wp-json\/wp\/v2\/posts\/147591\/revisions"}],"wp:featuredmedia":[{"embeddable":true,"href":"https:\/\/www.aarquiteta.com.br\/blog\/wp-json\/wp\/v2\/media\/147584"}],"wp:attachment":[{"href":"https:\/\/www.aarquiteta.com.br\/blog\/wp-json\/wp\/v2\/media?parent=147591"}],"wp:term":[{"taxonomy":"category","embeddable":true,"href":"https:\/\/www.aarquiteta.com.br\/blog\/wp-json\/wp\/v2\/categories?post=147591"},{"taxonomy":"post_tag","embeddable":true,"href":"https:\/\/www.aarquiteta.com.br\/blog\/wp-json\/wp\/v2\/tags?post=147591"}],"curies":[{"name":"wp","href":"https:\/\/api.w.org\/{rel}","templated":true}]}}