{"id":147583,"date":"2025-03-18T12:01:05","date_gmt":"2025-03-18T15:01:05","guid":{"rendered":"https:\/\/www.aarquiteta.com.br\/blog\/porcelanato-liquido-3\/"},"modified":"2025-03-18T12:01:05","modified_gmt":"2025-03-18T15:01:05","slug":"porcelanato-liquido-3","status":"publish","type":"post","link":"https:\/\/www.aarquiteta.com.br\/blog\/porcelanato-liquido-3\/","title":{"rendered":"Porcelanato L\u00edquido: O Piso Ideal que Valorizam Seu Ambiente"},"content":{"rendered":"<p>Voc\u00ea sabia que o <b>porcelanato l\u00edquido<\/b> pode transformar sua casa em um verdadeiro espet\u00e1culo de sofistica\u00e7\u00e3o e praticidade?<\/p>\n<h3>O que \u00e9 porcelanato l\u00edquido?<\/h3>\n<figure style=\"width: 1024px\" class=\"wp-caption aligncenter\"><img decoding=\"async\" src=\"https:\/\/www.aarquiteta.com.br\/blog\/wp-content\/uploads\/2025\/03\/porcelanato-liquido01.jpg\" alt=\"Porcelanato L\u00edquido: O Piso Ideal que Valorizam Seu Ambiente\" width=\"1024\" height=\"1024\" title=\"\"><figcaption class=\"wp-caption-text\">Porcelanato L\u00edquido: O Piso Ideal que Valorizam Seu Ambiente<\/figcaption><\/figure>\n<p>O <b>porcelanato l\u00edquido<\/b> \u00e9 mais do que um simple piso; \u00e9 uma revolu\u00e7\u00e3o na decora\u00e7\u00e3o da sua casa.<\/p>\n<p>Ele traz uma apar\u00eancia brilhante e monol\u00edtica, tudo sem a presen\u00e7a de rejuntes. Com isso, garante <b>maior harmoniza\u00e7\u00e3o<\/b> em qualquer ambiente.<\/p>\n<h3>Por que optar por porcelanato l\u00edquido?<\/h3>\n<figure style=\"width: 1024px\" class=\"wp-caption aligncenter\"><img decoding=\"async\" src=\"https:\/\/www.aarquiteta.com.br\/blog\/wp-content\/uploads\/2025\/03\/porcelanato-preto-0-286x160.jpg\" alt=\"Foto: Reprodu\u00e7\u00e3o \/ Vapor 324\" title=\"\"><figcaption class=\"wp-caption-text\">Foto: Reprodu\u00e7\u00e3o \/ Vapor 324<\/figcaption><\/figure>\n<p>A primeira raz\u00e3o para escolher o <b>porcelanato l\u00edquido<\/b> \u00e9 a praticidade. Sem rejuntes para sujar e dificultar a limpeza, os cuidados s\u00e3o bem mais simples.<\/p>\n<p>Imagina s\u00f3: menos sujeira e mais tempo para relaxar! Al\u00e9m disso, a resist\u00eancia desse material \u00e9 not\u00e1vel.<\/p>\n<h3>Vantagens que voc\u00ea precisa conhecer!<\/h3>\n<figure style=\"width: 1024px\" class=\"wp-caption aligncenter\"><img decoding=\"async\" src=\"https:\/\/www.aarquiteta.com.br\/blog\/wp-content\/uploads\/2025\/03\/porcelanato-liquido-01.jpg\" alt=\"Foto: Reprodu\u00e7\u00e3o \/ Mr. Epoxy and Paint\" title=\"\"><figcaption class=\"wp-caption-text\">Foto: Reprodu\u00e7\u00e3o \/ Mr. Epoxy and Paint<\/figcaption><\/figure>\n<ul>\n<li><b>Durabilidade<\/b>: O porcelanato l\u00edquido \u00e9 altamente resistente a impactos e produtos qu\u00edmicos.<\/li>\n<li><b>Estilo<\/b>: Possui diversos acabamentos, sendo a estrela de qualquer decora\u00e7\u00e3o moderna.<\/li>\n<li><b>Espa\u00e7os amplos<\/b>: A aus\u00eancia de juntas proporciona a sensa\u00e7\u00e3o de amplitude.<\/li>\n<\/ul>\n<h3>Ambientes que se beneficiam<\/h3>\n<figure style=\"width: 1024px\" class=\"wp-caption aligncenter\"><img decoding=\"async\" src=\"https:\/\/www.aarquiteta.com.br\/blog\/wp-content\/uploads\/2025\/03\/porcelanato-liquido02.jpg\" alt=\"Porcelanato L\u00edquido: O Piso Ideal que Valorizam Seu Ambiente\" width=\"1024\" height=\"1024\" title=\"\"><figcaption class=\"wp-caption-text\">Porcelanato L\u00edquido: O Piso Ideal que Valorizam Seu Ambiente<\/figcaption><\/figure>\n<p>Uma das melhores coisas do <b>porcelanato l\u00edquido<\/b> \u00e9 sua versatilidade. Ele valoriza salas, cozinhas, e at\u00e9 banheiros com sua est\u00e9tica impec\u00e1vel.<\/p>\n<p>Imagine um piso que reflete a luz e real\u00e7a os detalhes do seu d\u00e9cor. A sensa\u00e7\u00e3o de eleg\u00e2ncia \u00e9 garantida!<\/p>\n<h3>Hist\u00f3rias e experi\u00eancias com porcelanato l\u00edquido<\/h3>\n<figure style=\"width: 1024px\" class=\"wp-caption aligncenter\"><img decoding=\"async\" src=\"https:\/\/www.aarquiteta.com.br\/blog\/wp-content\/uploads\/2025\/03\/porcelanato-liquido-33-730x488.jpg\" alt=\"Foto: Reprodu\u00e7\u00e3o \/ Anna Costa Pisos\" title=\"\"><figcaption class=\"wp-caption-text\">Foto: Reprodu\u00e7\u00e3o \/ Anna Costa Pisos<\/figcaption><\/figure>\n<p>Como muitos, eu tamb\u00e9m tinha um pouco de receio na hora de escolher o piso. Ap\u00f3s uma reforma, optei pelo <b>porcelanato l\u00edquido<\/b> e n\u00e3o me arrependo. Minha sala ficou um charme!<\/p>\n<p>Teve quem dissesse: \u201cah, um piso l\u00edquido \u00e9 perigoso!\u201d mas meu piso virou assunto nas rodas de conversa. E confesse: quem resiste a um ch\u00e3o desse?<\/p>\n<h3>Cuidados na aplica\u00e7\u00e3o<\/h3>\n<figure style=\"width: 1024px\" class=\"wp-caption aligncenter\"><img decoding=\"async\" src=\"https:\/\/www.aarquiteta.com.br\/blog\/wp-content\/uploads\/2025\/03\/porcelanato-liquido03.jpg\" alt=\"Porcelanato L\u00edquido: O Piso Ideal que Valorizam Seu Ambiente\" width=\"1024\" height=\"1024\" title=\"\"><figcaption class=\"wp-caption-text\">Porcelanato L\u00edquido: O Piso Ideal que Valorizam Seu Ambiente<\/figcaption><\/figure>\n<p>Na hora de aplicar, a prepara\u00e7\u00e3o \u00e9 tudo! A superf\u00edcie precisa estar bem regularizada para evitar surpresas depois.<\/p>\n<p>\u00c9 sempre bom contar com profissionais experientes na hora de garantir a <b>qualidade<\/b> do servi\u00e7o.<\/p>\n<h3>Resumo dos benef\u00edcios<\/h3>\n<figure style=\"width: 1024px\" class=\"wp-caption aligncenter\"><img decoding=\"async\" src=\"https:\/\/www.aarquiteta.com.br\/blog\/wp-content\/uploads\/2025\/03\/1_pisos-para-sala-286x160.jpg\" alt=\"Foto: Reprodu\u00e7\u00e3o \/ Felipe Hess\" title=\"\"><figcaption class=\"wp-caption-text\">Foto: Reprodu\u00e7\u00e3o \/ Felipe Hess<\/figcaption><\/figure>\n<p>O <b>porcelanato l\u00edquido<\/b> traz <b>praticidade, resist\u00eancia<\/b> e uma est\u00e9tica de tirar o f\u00f4lego. Se voc\u00ea busca um piso que una beleza e funcionalidade, ele com certeza \u00e9 a escolha ideal.<\/p>\n<p>Invista na sua casa, fa\u00e7a dessa mudan\u00e7a um passaporte para um lar mais encantador, pr\u00e1tico e moderno!<\/p>\n<figure style=\"width: 1024px\" class=\"wp-caption aligncenter\"><img decoding=\"async\" src=\"https:\/\/www.aarquiteta.com.br\/blog\/wp-content\/uploads\/2025\/03\/porcelanato-liquido4.jpg\" alt=\"Porcelanato L\u00edquido: O Piso Ideal que Valorizam Seu Ambiente\" width=\"1024\" height=\"1024\" title=\"\"><figcaption class=\"wp-caption-text\">Porcelanato L\u00edquido: O Piso Ideal que Valorizam Seu Ambiente<\/figcaption><\/figure>\n<figure style=\"width: 1024px\" class=\"wp-caption aligncenter\"><img decoding=\"async\" src=\"https:\/\/www.aarquiteta.com.br\/blog\/wp-content\/uploads\/2025\/03\/porcelanato-polido-000-286x160.jpg\" alt=\"Foto: Reprodu\u00e7\u00e3o \/ Ednilson Hinckel Correa\" title=\"\"><figcaption class=\"wp-caption-text\">Foto: Reprodu\u00e7\u00e3o \/ Ednilson Hinckel Correa<\/figcaption><\/figure>\n<p><iframe title=\"YouTube video player\" src=\"https:\/\/www.youtube.com\/embed\/HvX5HVbwNzA\" width=\"560\" height=\"315\" frameborder=\"0\" allowfullscreen=\"allowfullscreen\"><\/iframe><\/p>\n<figure style=\"width: 1024px\" class=\"wp-caption aligncenter\"><img decoding=\"async\" src=\"https:\/\/www.aarquiteta.com.br\/blog\/wp-content\/uploads\/2025\/03\/porcelanato-liquido-2-730x537.jpg\" alt=\"Foto: Reprodu\u00e7\u00e3o \/ Jaqueline Frauches\" title=\"\"><figcaption class=\"wp-caption-text\">Foto: Reprodu\u00e7\u00e3o \/ Jaqueline Frauches<\/figcaption><\/figure>\n","protected":false},"excerpt":{"rendered":"<p>Descubra os benef\u00edcios do porcelanato l\u00edquido para sua casa: praticidade, resist\u00eancia e est\u00e9tica impec\u00e1vel em um s\u00f3 piso.<\/p>\n","protected":false},"author":102,"featured_media":147576,"comment_status":"open","ping_status":"","sticky":false,"template":"","format":"standard","meta":{"footnotes":""},"categories":[1507,249],"tags":[],"class_list":["post-147583","post","type-post","status-publish","format-standard","has-post-thumbnail","category-arquitetura","category-engenharia-e-construcao-civil"],"_wp_attached_file":null,"_wp_attachment_metadata":null,"_wp_attachment_context":null,"_wp_attachment_is_custom_header":null,"geo_longitude":null,"geo_public":null,"geo_latitude":null,"_publicize_done_external":null,"_wpas_done_3897181":null,"publicize_twitter_user":null,"_wpas_done_3897175":null,"_wpas_skip_3897181":null,"_wpas_skip_3897175":null,"_wpas_skip_3924723":null,"_wpas_mess":null,"_wpas_done_3924723":null,"wps_subtitle":"","_links":{"self":[{"href":"https:\/\/www.aarquiteta.com.br\/blog\/wp-json\/wp\/v2\/posts\/147583","targetHints":{"allow":["GET"]}}],"collection":[{"href":"https:\/\/www.aarquiteta.com.br\/blog\/wp-json\/wp\/v2\/posts"}],"about":[{"href":"https:\/\/www.aarquiteta.com.br\/blog\/wp-json\/wp\/v2\/types\/post"}],"author":[{"embeddable":true,"href":"https:\/\/www.aarquiteta.com.br\/blog\/wp-json\/wp\/v2\/users\/102"}],"replies":[{"embeddable":true,"href":"https:\/\/www.aarquiteta.com.br\/blog\/wp-json\/wp\/v2\/comments?post=147583"}],"version-history":[{"count":0,"href":"https:\/\/www.aarquiteta.com.br\/blog\/wp-json\/wp\/v2\/posts\/147583\/revisions"}],"wp:featuredmedia":[{"embeddable":true,"href":"https:\/\/www.aarquiteta.com.br\/blog\/wp-json\/wp\/v2\/media\/147576"}],"wp:attachment":[{"href":"https:\/\/www.aarquiteta.com.br\/blog\/wp-json\/wp\/v2\/media?parent=147583"}],"wp:term":[{"taxonomy":"category","embeddable":true,"href":"https:\/\/www.aarquiteta.com.br\/blog\/wp-json\/wp\/v2\/categories?post=147583"},{"taxonomy":"post_tag","embeddable":true,"href":"https:\/\/www.aarquiteta.com.br\/blog\/wp-json\/wp\/v2\/tags?post=147583"}],"curies":[{"name":"wp","href":"https:\/\/api.w.org\/{rel}","templated":true}]}}