{"id":147524,"date":"2025-03-17T18:13:01","date_gmt":"2025-03-17T21:13:01","guid":{"rendered":"https:\/\/www.aarquiteta.com.br\/blog\/sala-elegante-guia-2\/"},"modified":"2025-03-17T18:13:01","modified_gmt":"2025-03-17T21:13:01","slug":"sala-elegante-guia-2","status":"publish","type":"post","link":"https:\/\/www.aarquiteta.com.br\/blog\/sala-elegante-guia-2\/","title":{"rendered":"Transforme sua Sala: Segredos de Designers para uma Decora\u00e7\u00e3o Elegante em 2025!"},"content":{"rendered":"<p>Voc\u00ea sabia que a sua sala pode refletir sua personalidade e ainda ser super elegante? Em 2025, a transforma\u00e7\u00e3o do espa\u00e7o est\u00e1 cheia de segredos!<\/p>\n<h3>Por que Transformar sua Sala?<\/h3>\n<figure style=\"width: 1024px\" class=\"wp-caption aligncenter\"><img decoding=\"async\" src=\"https:\/\/www.aarquiteta.com.br\/blog\/wp-content\/uploads\/2025\/03\/decoracao-retro-e-texturas-rusticas-1024x563.jpg\" alt=\"Um espa\u00e7o que combina o estilo retr\u00f4 com texturas r\u00fasticas, trazendo calor ao ambiente.\" title=\"\"><figcaption class=\"wp-caption-text\">Um espa\u00e7o que combina o estilo retr\u00f4 com texturas r\u00fasticas, trazendo calor ao ambiente.<\/figcaption><\/figure>\n<p>Transformar a <b>sala<\/b> \u00e9 fundamental para criar um ambiente aconchegante e que voc\u00ea ame passar o tempo. Um espa\u00e7o bem decorado n\u00e3o \u00e9 s\u00f3 bonito, \u00e9 um reflexo de quem voc\u00ea \u00e9!<\/p>\n<h3>O Poder das Cores<\/h3>\n<figure style=\"width: 1024px\" class=\"wp-caption aligncenter\"><img decoding=\"async\" src=\"https:\/\/www.aarquiteta.com.br\/blog\/wp-content\/uploads\/2025\/03\/sala-elegante-guia01.jpg\" alt=\"Decora\u00e7\u00e3o de Sala Elegante: Guia Pr\u00e1tico com Tend\u00eancias para 2025\" width=\"1024\" height=\"1024\" title=\"\"><figcaption class=\"wp-caption-text\">Decora\u00e7\u00e3o de Sala Elegante: Guia Pr\u00e1tico com Tend\u00eancias para 2025<\/figcaption><\/figure>\n<p>Voc\u00ea j\u00e1 reparou como a <b>cor<\/b> influencia nosso humor? Cores neutras trazem serenidade, enquanto toques vibrantes como verde ou terracota podem energizar sua sala. Aposte em combina\u00e7\u00f5es que representem seu estilo!<\/p>\n<h3>Ilumina\u00e7\u00e3o: Transformadora<\/h3>\n<figure style=\"width: 1024px\" class=\"wp-caption aligncenter\"><img decoding=\"async\" src=\"https:\/\/www.aarquiteta.com.br\/blog\/wp-content\/uploads\/2025\/03\/espacos-de-bem-estar.jpg\" alt=\"Espa\u00e7os de bem-estar bem decorados e iluminados, transmitindo conforto e eleg\u00e2ncia.\" title=\"\"><figcaption class=\"wp-caption-text\">Espa\u00e7os de bem-estar bem decorados e iluminados, transmitindo conforto e eleg\u00e2ncia.<\/figcaption><\/figure>\n<p>A <b>ilumina\u00e7\u00e3o<\/b> \u00e9 um dos segredos mais valiosos. Use luzes quentes e l\u00e2mpadas de mesa para criar um clima acolhedor. Espelhos podem ajudar a aumentar a luminosidade e dar a sensa\u00e7\u00e3o de amplitude, sabia?<\/p>\n<h3>M\u00f3veis Multifuncionais<\/h3>\n<figure style=\"width: 1024px\" class=\"wp-caption aligncenter\"><img decoding=\"async\" src=\"https:\/\/www.aarquiteta.com.br\/blog\/wp-content\/uploads\/2025\/03\/sala-elegante-guia02.jpg\" alt=\"Decora\u00e7\u00e3o de Sala Elegante: Guia Pr\u00e1tico com Tend\u00eancias para 2025\" width=\"1024\" height=\"1024\" title=\"\"><figcaption class=\"wp-caption-text\">Decora\u00e7\u00e3o de Sala Elegante: Guia Pr\u00e1tico com Tend\u00eancias para 2025<\/figcaption><\/figure>\n<p>Em um mundo onde cada cent\u00edmetro conta, os <b>m\u00f3veis multifuncionais<\/b> s\u00e3o uma jogada de mestre. Sof\u00e1s que viram camas, mesas que se expandem&#8230; s\u00e3o pr\u00e1ticos e trazem estilo \u00e0 sala!<\/p>\n<h3>Texturas e Materiais Naturais<\/h3>\n<figure style=\"width: 1024px\" class=\"wp-caption aligncenter\"><img decoding=\"async\" src=\"https:\/\/www.aarquiteta.com.br\/blog\/wp-content\/uploads\/2025\/03\/sustentabilidade-na-decoracao-1024x563.jpg\" alt=\"Ambiente que destaca a sustentabilidade na decora\u00e7\u00e3o, com elementos naturais e eco-friendly.\" title=\"\"><figcaption class=\"wp-caption-text\">Ambiente que destaca a sustentabilidade na decora\u00e7\u00e3o, com elementos naturais e eco-friendly.<\/figcaption><\/figure>\n<p>Incorporar <b>texturas<\/b> como madeira e tecidos naturais traz um charme ineg\u00e1vel. M\u00f3veis r\u00fasticos combinados com elementos modernos criam um contraste lindo e convidativo. Experimente!<\/p>\n<h3>Pe\u00e7as Artesanais \u00danicas<\/h3>\n<figure style=\"width: 1024px\" class=\"wp-caption aligncenter\"><img decoding=\"async\" src=\"https:\/\/www.aarquiteta.com.br\/blog\/wp-content\/uploads\/2025\/03\/sala-elegante-guia03.jpg\" alt=\"Decora\u00e7\u00e3o de Sala Elegante: Guia Pr\u00e1tico com Tend\u00eancias para 2025\" width=\"1024\" height=\"1024\" title=\"\"><figcaption class=\"wp-caption-text\">Decora\u00e7\u00e3o de Sala Elegante: Guia Pr\u00e1tico com Tend\u00eancias para 2025<\/figcaption><\/figure>\n<p>Adicionando um toque de <b>artesanato<\/b>, sua sala ganha personalidade. Itens feitos \u00e0 m\u00e3o contam hist\u00f3rias e fazem seus visitantes se sentirem especiais. Que tal um vaso \u00fanico ou uma tape\u00e7aria incr\u00edvel?<\/p>\n<h3>Invista em Plantas<\/h3>\n<figure style=\"width: 1024px\" class=\"wp-caption aligncenter\"><img decoding=\"async\" src=\"https:\/\/www.aarquiteta.com.br\/blog\/wp-content\/uploads\/2025\/03\/cores-para-sala-1024x563.jpg\" alt=\"Paleta de cores modernamente aplicada na decora\u00e7\u00e3o de sala, utilizando tons acolhedores.\" title=\"\"><figcaption class=\"wp-caption-text\">Paleta de cores modernamente aplicada na decora\u00e7\u00e3o de sala, utilizando tons acolhedores.<\/figcaption><\/figure>\n<p>As <b>plantas<\/b> s\u00e3o o verdadeiro \u201coxig\u00eanio\u201d da decora\u00e7\u00e3o. Elas purificam o ar e ainda embelezam o ambiente. Escolha esp\u00e9cies que combinam com sua rotina, como a robusta jiboia ou a elegante espada de S\u00e3o Jorge.<\/p>\n<h3>Finalizando com um Toque Pessoal<\/h3>\n<figure style=\"width: 1024px\" class=\"wp-caption aligncenter\"><img decoding=\"async\" src=\"https:\/\/www.aarquiteta.com.br\/blog\/wp-content\/uploads\/2025\/03\/sala-elegante-guia4.jpg\" alt=\"Decora\u00e7\u00e3o de Sala Elegante: Guia Pr\u00e1tico com Tend\u00eancias para 2025\" width=\"1024\" height=\"1024\" title=\"\"><figcaption class=\"wp-caption-text\">Decora\u00e7\u00e3o de Sala Elegante: Guia Pr\u00e1tico com Tend\u00eancias para 2025<\/figcaption><\/figure>\n<p>Por fim, lembre-se de que o segredo est\u00e1 em adicionar um toque bem pessoal. Fotos, lembran\u00e7as de viagens e acess\u00f3rios que voc\u00ea adora fazem de sua sala um verdadeiro lar.<\/p>\n<p>Neste 2025, siga essas dicas e transforme sua sala em um espa\u00e7o elegante e cheio de personalidade. Pronto para se arriscar e criar a decora\u00e7\u00e3o dos seus sonhos?<\/p>\n<figure style=\"width: 1024px\" class=\"wp-caption aligncenter\"><img decoding=\"async\" src=\"https:\/\/www.aarquiteta.com.br\/blog\/wp-content\/uploads\/2025\/03\/como-decorar-sala-pequena-1024x563.jpg\" alt=\"Dicas pr\u00e1ticas para decorar uma sala pequena, otimizando espa\u00e7o e estilo.\" title=\"\"><figcaption class=\"wp-caption-text\">Dicas pr\u00e1ticas para decorar uma sala pequena, otimizando espa\u00e7o e estilo.<\/figcaption><\/figure>\n<h3>Para se aprofundar mais sobre o tema, veja a minha recomenda\u00e7\u00e3o sobre o tema deste artigo no v\u00eddeo a seguir abaixo:<\/h3>\n<p><iframe title=\"YouTube video player\" src=\"https:\/\/www.youtube.com\/embed\/Yvf6TXsRG8U\" width=\"560\" height=\"315\" frameborder=\"0\" allowfullscreen=\"allowfullscreen\"><\/iframe><\/p>\n<figure style=\"width: 1024px\" class=\"wp-caption aligncenter\"><img decoding=\"async\" src=\"https:\/\/www.aarquiteta.com.br\/blog\/wp-content\/uploads\/2025\/03\/decoracao-moderna-1024x563.jpg\" alt=\"Decora\u00e7\u00e3o moderna integrada com funcionalidade, apresentando op\u00e7\u00f5es de m\u00f3veis vers\u00e1teis.\" title=\"\"><figcaption class=\"wp-caption-text\">Decora\u00e7\u00e3o moderna integrada com funcionalidade, apresentando op\u00e7\u00f5es de m\u00f3veis vers\u00e1teis.<\/figcaption><\/figure>\n","protected":false},"excerpt":{"rendered":"<p>Guia pr\u00e1tico para uma sala elegante: inspire-se com fotos e dicas que transformam seu espa\u00e7o com sofistica\u00e7\u00e3o.<\/p>\n","protected":false},"author":102,"featured_media":147523,"comment_status":"open","ping_status":"","sticky":false,"template":"","format":"standard","meta":{"footnotes":""},"categories":[1484],"tags":[],"class_list":["post-147524","post","type-post","status-publish","format-standard","has-post-thumbnail","category-decoracao"],"_wp_attached_file":null,"_wp_attachment_metadata":null,"_wp_attachment_context":null,"_wp_attachment_is_custom_header":null,"geo_longitude":null,"geo_public":null,"geo_latitude":null,"_publicize_done_external":null,"_wpas_done_3897181":null,"publicize_twitter_user":null,"_wpas_done_3897175":null,"_wpas_skip_3897181":null,"_wpas_skip_3897175":null,"_wpas_skip_3924723":null,"_wpas_mess":null,"_wpas_done_3924723":null,"wps_subtitle":"","_links":{"self":[{"href":"https:\/\/www.aarquiteta.com.br\/blog\/wp-json\/wp\/v2\/posts\/147524","targetHints":{"allow":["GET"]}}],"collection":[{"href":"https:\/\/www.aarquiteta.com.br\/blog\/wp-json\/wp\/v2\/posts"}],"about":[{"href":"https:\/\/www.aarquiteta.com.br\/blog\/wp-json\/wp\/v2\/types\/post"}],"author":[{"embeddable":true,"href":"https:\/\/www.aarquiteta.com.br\/blog\/wp-json\/wp\/v2\/users\/102"}],"replies":[{"embeddable":true,"href":"https:\/\/www.aarquiteta.com.br\/blog\/wp-json\/wp\/v2\/comments?post=147524"}],"version-history":[{"count":0,"href":"https:\/\/www.aarquiteta.com.br\/blog\/wp-json\/wp\/v2\/posts\/147524\/revisions"}],"wp:featuredmedia":[{"embeddable":true,"href":"https:\/\/www.aarquiteta.com.br\/blog\/wp-json\/wp\/v2\/media\/147523"}],"wp:attachment":[{"href":"https:\/\/www.aarquiteta.com.br\/blog\/wp-json\/wp\/v2\/media?parent=147524"}],"wp:term":[{"taxonomy":"category","embeddable":true,"href":"https:\/\/www.aarquiteta.com.br\/blog\/wp-json\/wp\/v2\/categories?post=147524"},{"taxonomy":"post_tag","embeddable":true,"href":"https:\/\/www.aarquiteta.com.br\/blog\/wp-json\/wp\/v2\/tags?post=147524"}],"curies":[{"name":"wp","href":"https:\/\/api.w.org\/{rel}","templated":true}]}}