{"id":147519,"date":"2025-03-17T18:12:11","date_gmt":"2025-03-17T21:12:11","guid":{"rendered":"https:\/\/www.aarquiteta.com.br\/blog\/sala-elegante-guia\/"},"modified":"2025-03-17T18:12:11","modified_gmt":"2025-03-17T21:12:11","slug":"sala-elegante-guia","status":"publish","type":"post","link":"https:\/\/www.aarquiteta.com.br\/blog\/sala-elegante-guia\/","title":{"rendered":"Transforme sua Sala em um Espa\u00e7o Elegante: Dicas e Tend\u00eancias que Voc\u00ea Precisa Conhecer!"},"content":{"rendered":"<p>Voc\u00ea j\u00e1 percebeu como um simples detalhe pode <b>transformar completamente<\/b> a decora\u00e7\u00e3o da sua sala? Em poucos passos, podemos criar um espa\u00e7o elegante e acolhedor!<\/p>\n<h3>Transformando sua Sala: O Poder do Estilo<\/h3>\n<figure style=\"width: 1024px\" class=\"wp-caption aligncenter\"><img decoding=\"async\" src=\"https:\/\/www.aarquiteta.com.br\/blog\/wp-content\/uploads\/2025\/03\/decoracao-retro-e-texturas-rusticas-1024x563.jpg\" alt=\"Decora\u00e7\u00e3o que combina elementos retr\u00f4 e texturas r\u00fasticas, criando um ambiente acolhedor e estiloso.\" title=\"\"><figcaption class=\"wp-caption-text\">Decora\u00e7\u00e3o que combina elementos retr\u00f4 e texturas r\u00fasticas, criando um ambiente acolhedor e estiloso.<\/figcaption><\/figure>\n<p>Come\u00e7ando, \u00e9 importante entender que <b>cada detalhe conta<\/b>. Desde a escolha das cores at\u00e9 a estrutura dos m\u00f3veis, tudo deve estar em harmonia.<\/p>\n<h3>Cores que Encantam<\/h3>\n<figure style=\"width: 1024px\" class=\"wp-caption aligncenter\"><img decoding=\"async\" src=\"https:\/\/www.aarquiteta.com.br\/blog\/wp-content\/uploads\/2025\/03\/sala-elegante-guia01.jpg\" alt=\"Decora\u00e7\u00e3o de Sala Elegante: Guia Pr\u00e1tico com Fotos e Tend\u00eancias\" width=\"1024\" height=\"1024\" title=\"\"><figcaption class=\"wp-caption-text\">Decora\u00e7\u00e3o de Sala Elegante: Guia Pr\u00e1tico com Fotos e Tend\u00eancias<\/figcaption><\/figure>\n<p>As cores s\u00e3o a alma de qualquer espa\u00e7o. Opte por <b>tons neutros<\/b>, como bege e cinza, para criar uma base elegante. Um toque de azul ou verde pode trazer vida ao ambiente.<\/p>\n<h3>Ilumina\u00e7\u00e3o: O Destaque que Faz a Diferen\u00e7a<\/h3>\n<figure style=\"width: 1024px\" class=\"wp-caption aligncenter\"><img decoding=\"async\" src=\"https:\/\/www.aarquiteta.com.br\/blog\/wp-content\/uploads\/2025\/03\/espacos-de-bem-estar-1200x660.jpg\" alt=\"Ambiente com espa\u00e7os de bem-estar, mostrando poltronas confort\u00e1veis e uma paleta de cores suaves para promover relaxamento.\" title=\"\"><figcaption class=\"wp-caption-text\">Ambiente com espa\u00e7os de bem-estar, mostrando poltronas confort\u00e1veis e uma paleta de cores suaves para promover relaxamento.<\/figcaption><\/figure>\n<p>N\u00e3o subestime o poder da <b>ilumina\u00e7\u00e3o<\/b>! Lustres elegantes e luzes embutidas transformam a atmosfera, criando uma sensa\u00e7\u00e3o de conforto. Experimente misturar luzes quentes e frias para um efeito incr\u00edvel.<\/p>\n<h3>Escolha M\u00f3veis Com Estilo<\/h3>\n<figure style=\"width: 1024px\" class=\"wp-caption aligncenter\"><img decoding=\"async\" src=\"https:\/\/www.aarquiteta.com.br\/blog\/wp-content\/uploads\/2025\/03\/sala-elegante-guia02.jpg\" alt=\"Decora\u00e7\u00e3o de Sala Elegante: Guia Pr\u00e1tico com Fotos e Tend\u00eancias\" width=\"1024\" height=\"1024\" title=\"\"><figcaption class=\"wp-caption-text\">Decora\u00e7\u00e3o de Sala Elegante: Guia Pr\u00e1tico com Fotos e Tend\u00eancias<\/figcaption><\/figure>\n<p>Os m\u00f3veis s\u00e3o o cora\u00e7\u00e3o da sua sala. Invista em <b>pe\u00e7as que unam beleza e funcionalidade<\/b>. Sof\u00e1s confort\u00e1veis e mesas de centro com design moderno fazem toda a diferen\u00e7a.<\/p>\n<h3>Texturas e Materiais<\/h3>\n<figure style=\"width: 1024px\" class=\"wp-caption aligncenter\"><img decoding=\"async\" src=\"https:\/\/www.aarquiteta.com.br\/blog\/wp-content\/uploads\/2025\/03\/sustentabilidade-na-decoracao-1024x563.jpg\" alt=\"Sala decorada enfatizando a sustentabilidade, apresentando materiais ecol\u00f3gicos e texturas naturais.\" title=\"\"><figcaption class=\"wp-caption-text\">Sala decorada enfatizando a sustentabilidade, apresentando materiais ecol\u00f3gicos e texturas naturais.<\/figcaption><\/figure>\n<p>Adicionar diferentes <b>texturas<\/b> enriquece a decora\u00e7\u00e3o. Combine madeira, metal e tecidos macios para criar um ambiente acolhedor e sofisticado.<\/p>\n<h3>Artigos de Decora\u00e7\u00e3o que Refletem sua Personalidade<\/h3>\n<figure style=\"width: 1024px\" class=\"wp-caption aligncenter\"><img decoding=\"async\" src=\"https:\/\/www.aarquiteta.com.br\/blog\/wp-content\/uploads\/2025\/03\/sala-elegante-guia03.jpg\" alt=\"Decora\u00e7\u00e3o de Sala Elegante: Guia Pr\u00e1tico com Fotos e Tend\u00eancias\" width=\"1024\" height=\"1024\" title=\"\"><figcaption class=\"wp-caption-text\">Decora\u00e7\u00e3o de Sala Elegante: Guia Pr\u00e1tico com Fotos e Tend\u00eancias<\/figcaption><\/figure>\n<p>Escolha itens decorativos que contam sua hist\u00f3ria. Uma <b>obra de arte<\/b> ou um objeto vintage traz singularidade ao espa\u00e7o e o torna mais pessoal.<\/p>\n<h3>A Import\u00e2ncia das Plantas<\/h3>\n<figure style=\"width: 1024px\" class=\"wp-caption aligncenter\"><img decoding=\"async\" src=\"https:\/\/www.aarquiteta.com.br\/blog\/wp-content\/uploads\/2025\/03\/cores-para-sala-1024x563.jpg\" alt=\"Exemplo de paleta de cores para sala, destacando os tons de verde e terracota que trazem aconchego.\" title=\"\"><figcaption class=\"wp-caption-text\">Exemplo de paleta de cores para sala, destacando os tons de verde e terracota que trazem aconchego.<\/figcaption><\/figure>\n<p>N\u00e3o esque\u00e7a das plantas! Elas trazem vida e <b>natureza<\/b> para seu lar, al\u00e9m de purificarem o ar. Escolha variedades que se adaptem ao seu estilo de vida.<\/p>\n<h3>Dicas Finais<\/h3>\n<figure style=\"width: 1024px\" class=\"wp-caption aligncenter\"><img decoding=\"async\" src=\"https:\/\/www.aarquiteta.com.br\/blog\/wp-content\/uploads\/2025\/03\/sala-elegante-guia4.jpg\" alt=\"Decora\u00e7\u00e3o de Sala Elegante: Guia Pr\u00e1tico com Fotos e Tend\u00eancias\" width=\"1024\" height=\"1024\" title=\"\"><figcaption class=\"wp-caption-text\">Decora\u00e7\u00e3o de Sala Elegante: Guia Pr\u00e1tico com Fotos e Tend\u00eancias<\/figcaption><\/figure>\n<p>Por \u00faltimo, a organiza\u00e7\u00e3o \u00e9 essencial. Mantenha o espa\u00e7o sempre arrumado e, se poss\u00edvel, utilize m\u00f3veis multifuncionais. Assim, voc\u00ea maximiza o espa\u00e7o e garante um ambiente sempre elegante.<\/p>\n<p>Transformar sua sala em um espa\u00e7o elegante nunca foi t\u00e3o f\u00e1cil. Com aten\u00e7\u00e3o aos detalhes e um toque de criatividade, voc\u00ea pode <b>refletir sua personalidade<\/b> em cada canto. Agora, \u00e9 s\u00f3 arrega\u00e7ar as mangas e come\u00e7ar a mudan\u00e7a!<\/p>\n<figure style=\"width: 1024px\" class=\"wp-caption aligncenter\"><img decoding=\"async\" src=\"https:\/\/www.aarquiteta.com.br\/blog\/wp-content\/uploads\/2025\/03\/como-decorar-sala-pequena-1024x563.jpg\" alt=\"Sala pequena decorada de forma inteligente, utilizando m\u00f3veis multifuncionais e cores claras para ampliar o espa\u00e7o.\" title=\"\"><figcaption class=\"wp-caption-text\">Sala pequena decorada de forma inteligente, utilizando m\u00f3veis multifuncionais e cores claras para ampliar o espa\u00e7o.<\/figcaption><\/figure>\n<h3>Para se aprofundar mais sobre o tema, veja a minha recomenda\u00e7\u00e3o sobre o tema deste artigo no v\u00eddeo a seguir abaixo:<\/h3>\n<p><iframe title=\"YouTube video player\" src=\"https:\/\/www.youtube.com\/embed\/Yvf6TXsRG8U\" width=\"560\" height=\"315\" frameborder=\"0\" allowfullscreen=\"allowfullscreen\"><\/iframe><\/p>\n<figure style=\"width: 1024px\" class=\"wp-caption aligncenter\"><img decoding=\"async\" src=\"https:\/\/www.aarquiteta.com.br\/blog\/wp-content\/uploads\/2025\/03\/decoracao-moderna-1024x563.jpg\" alt=\"Sala moderna com design clean e m\u00f3veis modulares, ilustrando funcionalidade e estilo.\" title=\"\"><figcaption class=\"wp-caption-text\">Sala moderna com design clean e m\u00f3veis modulares, ilustrando funcionalidade e estilo.<\/figcaption><\/figure>\n","protected":false},"excerpt":{"rendered":"<p>Guia pr\u00e1tico para uma sala elegante: inspire-se com fotos e dicas que transformam seu espa\u00e7o com sofistica\u00e7\u00e3o.<\/p>\n","protected":false},"author":102,"featured_media":147511,"comment_status":"open","ping_status":"","sticky":false,"template":"","format":"standard","meta":{"footnotes":""},"categories":[1484],"tags":[],"class_list":["post-147519","post","type-post","status-publish","format-standard","has-post-thumbnail","category-decoracao"],"_wp_attached_file":null,"_wp_attachment_metadata":null,"_wp_attachment_context":null,"_wp_attachment_is_custom_header":null,"geo_longitude":null,"geo_public":null,"geo_latitude":null,"_publicize_done_external":null,"_wpas_done_3897181":null,"publicize_twitter_user":null,"_wpas_done_3897175":null,"_wpas_skip_3897181":null,"_wpas_skip_3897175":null,"_wpas_skip_3924723":null,"_wpas_mess":null,"_wpas_done_3924723":null,"wps_subtitle":"","_links":{"self":[{"href":"https:\/\/www.aarquiteta.com.br\/blog\/wp-json\/wp\/v2\/posts\/147519","targetHints":{"allow":["GET"]}}],"collection":[{"href":"https:\/\/www.aarquiteta.com.br\/blog\/wp-json\/wp\/v2\/posts"}],"about":[{"href":"https:\/\/www.aarquiteta.com.br\/blog\/wp-json\/wp\/v2\/types\/post"}],"author":[{"embeddable":true,"href":"https:\/\/www.aarquiteta.com.br\/blog\/wp-json\/wp\/v2\/users\/102"}],"replies":[{"embeddable":true,"href":"https:\/\/www.aarquiteta.com.br\/blog\/wp-json\/wp\/v2\/comments?post=147519"}],"version-history":[{"count":0,"href":"https:\/\/www.aarquiteta.com.br\/blog\/wp-json\/wp\/v2\/posts\/147519\/revisions"}],"wp:featuredmedia":[{"embeddable":true,"href":"https:\/\/www.aarquiteta.com.br\/blog\/wp-json\/wp\/v2\/media\/147511"}],"wp:attachment":[{"href":"https:\/\/www.aarquiteta.com.br\/blog\/wp-json\/wp\/v2\/media?parent=147519"}],"wp:term":[{"taxonomy":"category","embeddable":true,"href":"https:\/\/www.aarquiteta.com.br\/blog\/wp-json\/wp\/v2\/categories?post=147519"},{"taxonomy":"post_tag","embeddable":true,"href":"https:\/\/www.aarquiteta.com.br\/blog\/wp-json\/wp\/v2\/tags?post=147519"}],"curies":[{"name":"wp","href":"https:\/\/api.w.org\/{rel}","templated":true}]}}