{"id":147488,"date":"2025-03-17T12:38:06","date_gmt":"2025-03-17T15:38:06","guid":{"rendered":"https:\/\/www.aarquiteta.com.br\/blog\/mobiliario-de-luxo\/"},"modified":"2025-03-17T12:38:06","modified_gmt":"2025-03-17T15:38:06","slug":"mobiliario-de-luxo","status":"publish","type":"post","link":"https:\/\/www.aarquiteta.com.br\/blog\/mobiliario-de-luxo\/","title":{"rendered":"7 Inova\u00e7\u00f5es em Mobili\u00e1rio de Luxo para Transformar Seu Espa\u00e7o"},"content":{"rendered":"<p><body><\/p>\n<p><b>O mobili\u00e1rio de luxo \u00e9 a combina\u00e7\u00e3o perfeita entre sofistica\u00e7\u00e3o e conforto<\/b>, transformando qualquer ambiente em um espa\u00e7o exclusivo e cheio de personalidade. Descubra como escolher pe\u00e7as que exalam eleg\u00e2ncia e bem-estar.<\/p>\n<figure style=\"width: 1024px\" class=\"wp-caption aligncenter\"><img decoding=\"async\" src=\"https:\/\/www.aarquiteta.com.br\/blog\/wp-content\/uploads\/2025\/03\/mobiliario-de-luxo01.jpg\" alt=\"Mobili\u00e1rio de Luxo: Conforto e Estilo Refinado\" width=\"1024\" height=\"1024\" title=\"\"><figcaption class=\"wp-caption-text\">Mobili\u00e1rio de Luxo: Conforto e Estilo Refinado<\/figcaption><\/figure>\n<h3>O que define um mobili\u00e1rio de luxo?<\/h3>\n<p>Voc\u00ea j\u00e1 reparou como alguns m\u00f3veis t\u00eam um ar majestoso que parece contar hist\u00f3rias? <b>Mobili\u00e1rio de luxo vai muito al\u00e9m de um simples m\u00f3vel.<\/b><\/p>\n<figure style=\"width: 1024px\" class=\"wp-caption aligncenter\"><img decoding=\"async\" src=\"https:\/\/www.aarquiteta.com.br\/blog\/wp-content\/uploads\/2025\/03\/mobiliario-de-luxo02.jpg\" alt=\"Mobili\u00e1rio de Luxo: Conforto e Estilo Refinado\" width=\"1024\" height=\"1024\" title=\"\"><figcaption class=\"wp-caption-text\">Mobili\u00e1rio de Luxo: Conforto e Estilo Refinado<\/figcaption><\/figure>\n<p>Ele carrega design refinado, materiais nobres e um acabamento impec\u00e1vel que exalta exclusividade. Ter um desses em casa \u00e9 como possuir uma obra de arte.<\/p>\n<h3>Materiais que fazem toda a diferen\u00e7a<\/h3>\n<p>Se voc\u00ea olhar de perto, ver\u00e1 que um m\u00f3vel de luxo nunca \u00e9 feito de qualquer material. <b>Madeiras nobres, m\u00e1rmores exuberantes e metais sofisticados<\/b> s\u00e3o protagonistas.<\/p>\n<p>Esses detalhes garantem durabilidade e uma est\u00e9tica \u00fanica, criando um ambiente que reflete bom gosto e sofistica\u00e7\u00e3o.<\/p>\n<figure style=\"width: 1024px\" class=\"wp-caption aligncenter\"><img decoding=\"async\" src=\"https:\/\/www.aarquiteta.com.br\/blog\/wp-content\/uploads\/2025\/03\/1ee24d1c464badb15239762404ae78ec.jpg\" alt=\"Mobili\u00e1rio de Luxo: Conforto e Estilo Refinado\" width=\"1024\" height=\"1024\" title=\"\"><figcaption class=\"wp-caption-text\">Fonte: Pinterest<\/figcaption><\/figure>\n<h3>Design e exclusividade<\/h3>\n<p>Ningu\u00e9m quer ter um m\u00f3vel igual ao do vizinho, certo? <b>Mobili\u00e1rio de luxo \u00e9 sin\u00f4nimo de exclusividade<\/b>, com pe\u00e7as assinadas por designers renomados e um toque de originalidade.<\/p>\n<figure style=\"width: 1024px\" class=\"wp-caption aligncenter\"><img decoding=\"async\" src=\"https:\/\/i.pinimg.com\/originals\/3e\/9b\/5d\/3e9b5d4f1ad8721824d8575b028b4abc.jpg\" alt=\"Mobili\u00e1rio de Luxo: Conforto e Estilo Refinado\" width=\"1024\" height=\"1024\" title=\"\"><figcaption class=\"wp-caption-text\">Fonte: Pinterest<\/figcaption><\/figure>\n<p>A cada curva e acabamento, a eleg\u00e2ncia se manifesta, garantindo uma presen\u00e7a marcante no ambiente.<\/p>\n<figure style=\"width: 1024px\" class=\"wp-caption aligncenter\"><img decoding=\"async\" src=\"https:\/\/www.aarquiteta.com.br\/blog\/wp-content\/uploads\/2025\/03\/6beb52e617ec51cf12ed326276fa6671.jpg\" alt=\"Mobili\u00e1rio de Luxo: Conforto e Estilo Refinado\" width=\"1024\" height=\"1024\" title=\"\"><figcaption class=\"wp-caption-text\">Fonte: Pinterest<\/figcaption><\/figure>\n<h3>Conforto acima de tudo<\/h3>\n<p>De que adianta um sof\u00e1 deslumbrante se ningu\u00e9m consegue relaxar nele? <b>O luxo verdadeiro est\u00e1 no conforto supremo<\/b>, proporcionando prazer em cada uso.<\/p>\n<figure style=\"width: 1024px\" class=\"wp-caption aligncenter\"><img decoding=\"async\" src=\"https:\/\/www.aarquiteta.com.br\/blog\/wp-content\/uploads\/2025\/03\/b9307940c3f0daf4dccb55f354d41009.jpg\" alt=\"Mobili\u00e1rio de Luxo: Conforto e Estilo Refinado\" width=\"1024\" height=\"1024\" title=\"\"><figcaption class=\"wp-caption-text\">Fonte: Pinterest<\/figcaption><\/figure>\n<p>Estofados macios, ergonomia perfeita e tecidos sofisticados fazem toda a diferen\u00e7a na experi\u00eancia do dia a dia.<\/p>\n<figure style=\"width: 1024px\" class=\"wp-caption aligncenter\"><img decoding=\"async\" src=\"https:\/\/www.aarquiteta.com.br\/blog\/wp-content\/uploads\/2025\/03\/77219a41182a5bc5e3aeb282890494cd-960x1200.jpg\" alt=\"Mobili\u00e1rio de Luxo: Conforto e Estilo Refinado\" width=\"1024\" height=\"1024\" title=\"\"><figcaption class=\"wp-caption-text\">Fonte: Pinterest<\/figcaption><\/figure>\n<h3>Como escolher o mobili\u00e1rio ideal?<\/h3>\n<p>T\u00e1 em d\u00favida? Respira fundo e pensa: <b>o que faz seu cora\u00e7\u00e3o bater mais forte?<\/b> O segredo \u00e9 escolher pe\u00e7as que combinem com seu estilo e proporcionem bem-estar.<\/p>\n<figure style=\"width: 1024px\" class=\"wp-caption aligncenter\"><img decoding=\"async\" src=\"https:\/\/i.pinimg.com\/originals\/51\/5b\/1a\/515b1a1fa1021609962e638d1ff4c5a1.jpg\" alt=\"Mobili\u00e1rio de Luxo: Conforto e Estilo Refinado\" width=\"1024\" height=\"1024\" title=\"\"><figcaption class=\"wp-caption-text\">Fonte: Pinterest<\/figcaption><\/figure>\n<p>Al\u00e9m disso, fique de olho na qualidade dos materiais e no acabamento impec\u00e1vel.<\/p>\n<h3>Integra\u00e7\u00e3o com a decora\u00e7\u00e3o<\/h3>\n<p>Um m\u00f3vel pode ser lindo isoladamente, mas se destoar do restante da decora\u00e7\u00e3o, perde a harmonia. <b>\u00c9 essencial integrar m\u00f3veis de luxo ao conceito do ambiente<\/b>.<\/p>\n<p>Cores, texturas e ilumina\u00e7\u00e3o fazem toda a diferen\u00e7a para um cen\u00e1rio equilibrado e sofisticado.<\/p>\n<h3>Vale a pena investir?<\/h3>\n<p>Algumas pessoas hesitam ao considerar o investimento. Mas pense assim: <b>ter um mobili\u00e1rio de luxo \u00e9 um investimento no seu bem-estar e no charme da sua casa<\/b>.<\/p>\n<p>Al\u00e9m disso, sua durabilidade justifica cada centavo gasto.<\/p>\n<p><\/body><\/p>\n","protected":false},"excerpt":{"rendered":"<p>7 Inova\u00e7\u00f5es em Mobili\u00e1rio de Luxo para Transformar Seu Espa\u00e7o<\/p>\n","protected":false},"author":102,"featured_media":147481,"comment_status":"open","ping_status":"","sticky":false,"template":"","format":"standard","meta":{"footnotes":""},"categories":[1484],"tags":[],"class_list":["post-147488","post","type-post","status-publish","format-standard","has-post-thumbnail","category-decoracao"],"_wp_attached_file":null,"_wp_attachment_metadata":null,"_wp_attachment_context":null,"_wp_attachment_is_custom_header":null,"geo_longitude":null,"geo_public":null,"geo_latitude":null,"_publicize_done_external":null,"_wpas_done_3897181":null,"publicize_twitter_user":null,"_wpas_done_3897175":null,"_wpas_skip_3897181":null,"_wpas_skip_3897175":null,"_wpas_skip_3924723":null,"_wpas_mess":null,"_wpas_done_3924723":null,"wps_subtitle":"","_links":{"self":[{"href":"https:\/\/www.aarquiteta.com.br\/blog\/wp-json\/wp\/v2\/posts\/147488","targetHints":{"allow":["GET"]}}],"collection":[{"href":"https:\/\/www.aarquiteta.com.br\/blog\/wp-json\/wp\/v2\/posts"}],"about":[{"href":"https:\/\/www.aarquiteta.com.br\/blog\/wp-json\/wp\/v2\/types\/post"}],"author":[{"embeddable":true,"href":"https:\/\/www.aarquiteta.com.br\/blog\/wp-json\/wp\/v2\/users\/102"}],"replies":[{"embeddable":true,"href":"https:\/\/www.aarquiteta.com.br\/blog\/wp-json\/wp\/v2\/comments?post=147488"}],"version-history":[{"count":0,"href":"https:\/\/www.aarquiteta.com.br\/blog\/wp-json\/wp\/v2\/posts\/147488\/revisions"}],"wp:featuredmedia":[{"embeddable":true,"href":"https:\/\/www.aarquiteta.com.br\/blog\/wp-json\/wp\/v2\/media\/147481"}],"wp:attachment":[{"href":"https:\/\/www.aarquiteta.com.br\/blog\/wp-json\/wp\/v2\/media?parent=147488"}],"wp:term":[{"taxonomy":"category","embeddable":true,"href":"https:\/\/www.aarquiteta.com.br\/blog\/wp-json\/wp\/v2\/categories?post=147488"},{"taxonomy":"post_tag","embeddable":true,"href":"https:\/\/www.aarquiteta.com.br\/blog\/wp-json\/wp\/v2\/tags?post=147488"}],"curies":[{"name":"wp","href":"https:\/\/api.w.org\/{rel}","templated":true}]}}