{"id":147480,"date":"2025-03-17T11:42:04","date_gmt":"2025-03-17T14:42:04","guid":{"rendered":"https:\/\/www.aarquiteta.com.br\/blog\/decoracao-minimalista-de-luxo\/"},"modified":"2025-03-17T11:42:04","modified_gmt":"2025-03-17T14:42:04","slug":"decoracao-minimalista-de-luxo","status":"publish","type":"post","link":"https:\/\/www.aarquiteta.com.br\/blog\/decoracao-minimalista-de-luxo\/","title":{"rendered":"7 Tend\u00eancias em Decora\u00e7\u00e3o Minimalista de Luxo que V\u00e3o Te Surpreender"},"content":{"rendered":"<p><body><\/p>\n<p><b>Voc\u00ea j\u00e1 percebeu como um simples detalhe pode transformar completamente a decora\u00e7\u00e3o da sua sala?<\/b> A decora\u00e7\u00e3o minimalista de luxo une simplicidade e sofistica\u00e7\u00e3o para criar um ambiente elegante, moderno e atemporal.<\/p>\n<figure style=\"width: 1024px\" class=\"wp-caption aligncenter\"><img decoding=\"async\" src=\"https:\/\/www.aarquiteta.com.br\/blog\/wp-content\/uploads\/2025\/03\/decoracao-minimalista-de-luxo01.jpg\" alt=\"Decora\u00e7\u00e3o Minimalista de Luxo: Menos \u00e9 Mais com Eleg\u00e2ncia\" width=\"1024\" height=\"1024\" title=\"\"><figcaption class=\"wp-caption-text\">Decora\u00e7\u00e3o Minimalista de Luxo: Menos \u00e9 Mais com Eleg\u00e2ncia<\/figcaption><\/figure>\n<h3>O segredo da decora\u00e7\u00e3o minimalista de luxo<\/h3>\n<p>O grande <b>truque<\/b> do minimalismo de luxo est\u00e1 em saber escolher poucos, mas impactantes, elementos. Cada pe\u00e7a tem um prop\u00f3sito e se destaca no ambiente.<\/p>\n<figure style=\"width: 1024px\" class=\"wp-caption aligncenter\"><img decoding=\"async\" src=\"https:\/\/www.aarquiteta.com.br\/blog\/wp-content\/uploads\/2025\/03\/decoracao-minimalista-de-luxo02.jpg\" alt=\"Decora\u00e7\u00e3o Minimalista de Luxo: Menos \u00e9 Mais com Eleg\u00e2ncia\" width=\"1024\" height=\"1024\" title=\"\"><figcaption class=\"wp-caption-text\">Decora\u00e7\u00e3o Minimalista de Luxo: Menos \u00e9 Mais com Eleg\u00e2ncia<\/figcaption><\/figure>\n<p>Isso n\u00e3o significa que o espa\u00e7o ser\u00e1 frio ou sem personalidade. Pelo contr\u00e1rio, ele ser\u00e1 refinado, com uma atmosfera convidativa e sofisticada.<\/p>\n<h3>Cores neutras: a base da sofistica\u00e7\u00e3o<\/h3>\n<p>Se tem algo que define uma <b>decora\u00e7\u00e3o minimalista de luxo<\/b>, s\u00e3o as cores neutras. Tons como branco, bege, cinza e preto criam uma base elegante e atemporal.<\/p>\n<p>Agora, para quem gosta de um toque de ousadia, um \u00fanico ponto de cor \u2013 como azul petr\u00f3leo ou verde musgo \u2013 pode ser um verdadeiro diferencial.<\/p>\n<figure style=\"width: 1024px\" class=\"wp-caption aligncenter\"><img decoding=\"async\" src=\"https:\/\/i.pinimg.com\/originals\/aa\/ca\/7c\/aaca7cec36ff5dd44456a145fc7a6b70.jpg\" alt=\"Decora\u00e7\u00e3o Minimalista de Luxo: Menos \u00e9 Mais com Eleg\u00e2ncia\" width=\"1024\" height=\"1024\" title=\"\"><figcaption class=\"wp-caption-text\">Fonte: Pinterest<\/figcaption><\/figure>\n<h3>Materiais nobres: simplicidade com requinte<\/h3>\n<p>Aqui, <b>qualidade fala mais alto do que quantidade<\/b>. Madeira, m\u00e1rmore, couro e metais criam um ambiente luxuoso sem excessos.<\/p>\n<figure style=\"width: 1024px\" class=\"wp-caption aligncenter\"><img decoding=\"async\" src=\"https:\/\/www.aarquiteta.com.br\/blog\/wp-content\/uploads\/2025\/03\/b4459dbd3b7dc7334560343ae3ed2264-961x1200.jpg\" alt=\"Decora\u00e7\u00e3o Minimalista de Luxo: Menos \u00e9 Mais com Eleg\u00e2ncia\" width=\"1024\" height=\"1024\" title=\"\"><figcaption class=\"wp-caption-text\">Fonte: Pinterest<\/figcaption><\/figure>\n<p>A verdade \u00e9 que um simples detalhe em dourado ou um tampo de mesa em m\u00e1rmore elevam a decora\u00e7\u00e3o para outro n\u00edvel.<\/p>\n<figure style=\"width: 1024px\" class=\"wp-caption aligncenter\"><img decoding=\"async\" src=\"https:\/\/www.aarquiteta.com.br\/blog\/wp-content\/uploads\/2025\/03\/55aa22a0e0b5091d4c0520137aa3eb8f.jpg\" alt=\"Decora\u00e7\u00e3o Minimalista de Luxo: Menos \u00e9 Mais com Eleg\u00e2ncia\" width=\"1024\" height=\"1024\" title=\"\"><figcaption class=\"wp-caption-text\">Fonte: Pinterest<\/figcaption><\/figure>\n<h3>Ilumina\u00e7\u00e3o estrat\u00e9gica: um jogo de luz e sombra<\/h3>\n<p>Uma boa decora\u00e7\u00e3o minimalista de luxo exige uma ilumina\u00e7\u00e3o bem planejada. <b>Luzes indiretas<\/b>, abajures modernos e arandelas criam um clima acolhedor e sofisticado.<\/p>\n<figure style=\"width: 1024px\" class=\"wp-caption aligncenter\"><img decoding=\"async\" src=\"https:\/\/i.pinimg.com\/originals\/f8\/22\/5e\/f8225e05242040483756042436bd07ec.jpg\" alt=\"Decora\u00e7\u00e3o Minimalista de Luxo: Menos \u00e9 Mais com Eleg\u00e2ncia\" width=\"1024\" height=\"1024\" title=\"\"><figcaption class=\"wp-caption-text\">Fonte: Pinterest<\/figcaption><\/figure>\n<p>Pense na ilumina\u00e7\u00e3o como uma forma de arte. O jogo de luz e sombra d\u00e1 profundidade e valoriza cada elemento do ambiente.<\/p>\n<figure style=\"width: 1024px\" class=\"wp-caption aligncenter\"><img decoding=\"async\" src=\"https:\/\/i.pinimg.com\/originals\/e3\/b2\/cc\/e3b2cca36fd12d6024dc8d17c81ae6c1.jpg\" alt=\"Decora\u00e7\u00e3o Minimalista de Luxo: Menos \u00e9 Mais com Eleg\u00e2ncia\" width=\"1024\" height=\"1024\" title=\"\"><figcaption class=\"wp-caption-text\">Fonte: Pinterest<\/figcaption><\/figure>\n<h3>M\u00f3veis funcionais e elegantes<\/h3>\n<p>Cada pe\u00e7a na decora\u00e7\u00e3o minimalista tem um prop\u00f3sito. <b>Menos mobili\u00e1rio, mais impacto<\/b>. Linhas retas, design sofisticado e conforto s\u00e3o fundamentais.<\/p>\n<figure style=\"width: 1024px\" class=\"wp-caption aligncenter\"><img decoding=\"async\" src=\"https:\/\/www.aarquiteta.com.br\/blog\/wp-content\/uploads\/2025\/03\/8196f7700443148405f2560687846024.jpg\" alt=\"Decora\u00e7\u00e3o Minimalista de Luxo: Menos \u00e9 Mais com Eleg\u00e2ncia\" width=\"1024\" height=\"1024\" title=\"\"><figcaption class=\"wp-caption-text\">Fonte: Pinterest<\/figcaption><\/figure>\n<p>Um sof\u00e1 imponente, uma mesa de centro marcante ou cadeiras com design exclusivo s\u00e3o suficientes para trazer personalidade ao ambiente.<\/p>\n<h3>Pequenos detalhes fazem toda a diferen\u00e7a<\/h3>\n<p>O luxo mora nos detalhes. Uma bela bandeja sobre a mesa, poucos objetos decorativos bem escolhidos e <b>quadros minimalistas<\/b> transformam o espa\u00e7o sem exageros.<\/p>\n<p>Com o minimalismo de luxo, cada detalhe conta e tudo precisa estar em perfeita harmonia.<\/p>\n<h3>A import\u00e2ncia da organiza\u00e7\u00e3o e do espa\u00e7o livre<\/h3>\n<p>O excesso de objetos pode tornar o ambiente sufocante. <b>Espa\u00e7os livres e organiza\u00e7\u00e3o<\/b> s\u00e3o essenciais para garantir um visual clean e sofisticado.<\/p>\n<p>Um ambiente bem organizado transmite paz, eleg\u00e2ncia e conforto. Nada melhor do que chegar em casa e sentir essa leveza.<\/p>\n<p><\/body><\/p>\n","protected":false},"excerpt":{"rendered":"<p>7 Tend\u00eancias em Decora\u00e7\u00e3o Minimalista de Luxo que V\u00e3o Te Surpreender<\/p>\n","protected":false},"author":102,"featured_media":147474,"comment_status":"open","ping_status":"","sticky":false,"template":"","format":"standard","meta":{"footnotes":""},"categories":[1484],"tags":[],"class_list":["post-147480","post","type-post","status-publish","format-standard","has-post-thumbnail","category-decoracao"],"_wp_attached_file":null,"_wp_attachment_metadata":null,"_wp_attachment_context":null,"_wp_attachment_is_custom_header":null,"geo_longitude":null,"geo_public":null,"geo_latitude":null,"_publicize_done_external":null,"_wpas_done_3897181":null,"publicize_twitter_user":null,"_wpas_done_3897175":null,"_wpas_skip_3897181":null,"_wpas_skip_3897175":null,"_wpas_skip_3924723":null,"_wpas_mess":null,"_wpas_done_3924723":null,"wps_subtitle":"","_links":{"self":[{"href":"https:\/\/www.aarquiteta.com.br\/blog\/wp-json\/wp\/v2\/posts\/147480","targetHints":{"allow":["GET"]}}],"collection":[{"href":"https:\/\/www.aarquiteta.com.br\/blog\/wp-json\/wp\/v2\/posts"}],"about":[{"href":"https:\/\/www.aarquiteta.com.br\/blog\/wp-json\/wp\/v2\/types\/post"}],"author":[{"embeddable":true,"href":"https:\/\/www.aarquiteta.com.br\/blog\/wp-json\/wp\/v2\/users\/102"}],"replies":[{"embeddable":true,"href":"https:\/\/www.aarquiteta.com.br\/blog\/wp-json\/wp\/v2\/comments?post=147480"}],"version-history":[{"count":0,"href":"https:\/\/www.aarquiteta.com.br\/blog\/wp-json\/wp\/v2\/posts\/147480\/revisions"}],"wp:featuredmedia":[{"embeddable":true,"href":"https:\/\/www.aarquiteta.com.br\/blog\/wp-json\/wp\/v2\/media\/147474"}],"wp:attachment":[{"href":"https:\/\/www.aarquiteta.com.br\/blog\/wp-json\/wp\/v2\/media?parent=147480"}],"wp:term":[{"taxonomy":"category","embeddable":true,"href":"https:\/\/www.aarquiteta.com.br\/blog\/wp-json\/wp\/v2\/categories?post=147480"},{"taxonomy":"post_tag","embeddable":true,"href":"https:\/\/www.aarquiteta.com.br\/blog\/wp-json\/wp\/v2\/tags?post=147480"}],"curies":[{"name":"wp","href":"https:\/\/api.w.org\/{rel}","templated":true}]}}