{"id":147408,"date":"2025-03-16T17:25:05","date_gmt":"2025-03-16T20:25:05","guid":{"rendered":"https:\/\/www.aarquiteta.com.br\/blog\/decorar-casa-garagem\/"},"modified":"2025-03-16T17:25:05","modified_gmt":"2025-03-16T20:25:05","slug":"decorar-casa-garagem","status":"publish","type":"post","link":"https:\/\/www.aarquiteta.com.br\/blog\/decorar-casa-garagem\/","title":{"rendered":"Transforme sua Garagem em um Espa\u00e7o Incr\u00edvel: Dicas Criativas para Decorar Sua Casa!"},"content":{"rendered":"<p>Transforme sua garagem em um espa\u00e7o incr\u00edvel e funcional com dicas criativas que v\u00e3o deixar sua casa ainda mais charmosa!<\/p>\n<h3>Por que Decorar a Garagem?<\/h3>\n<figure style=\"width: 1024px\" class=\"wp-caption aligncenter\"><img decoding=\"async\" src=\"https:\/\/www.aarquiteta.com.br\/blog\/wp-content\/uploads\/2025\/03\/paisagismo-na-garagem-1024x563.jpg\" alt=\"Imagem de paisagismo ao redor da garagem, melhorando a est\u00e9tica.\" title=\"\"><figcaption class=\"wp-caption-text\">Imagem de paisagismo ao redor da garagem, melhorando a est\u00e9tica.<\/figcaption><\/figure>\n<p>Voc\u00ea j\u00e1 parou pra pensar que a <b>garagem<\/b> n\u00e3o precisa ser s\u00f3 um lugar para estacionar o carro? Ela pode se tornar um novo ambiente para <b>relaxar<\/b> e <b>divertir<\/b>.<\/p>\n<p>Com algumas mudan\u00e7as simples e criativas, voc\u00ea pode transformar esse espa\u00e7o esquecido em um local cheio de estilo.<\/p>\n<h3>Escolha um Estilo que Combine com Voc\u00ea<\/h3>\n<figure style=\"width: 1024px\" class=\"wp-caption aligncenter\"><img decoding=\"async\" src=\"https:\/\/www.aarquiteta.com.br\/blog\/wp-content\/uploads\/2025\/03\/decorar-casa-garagem01.jpg\" alt=\"Ideias para Decorar Casa com Garagem na Frente\" width=\"1024\" height=\"1024\" title=\"\"><figcaption class=\"wp-caption-text\">Ideias para Decorar Casa com Garagem na Frente<\/figcaption><\/figure>\n<p>O primeiro passo \u00e9 definir um <b>estilo de decora\u00e7\u00e3o<\/b> que reflita a sua personalidade. Voc\u00ea prefere algo mais r\u00fastico e aconchegante ou moderno e minimalista? Isso vai ajudar a guiar suas escolhas de materiais e cores.<\/p>\n<h3>Ilumina\u00e7\u00e3o \u00e9 Fundamental<\/h3>\n<figure style=\"width: 1024px\" class=\"wp-caption aligncenter\"><img decoding=\"async\" src=\"https:\/\/www.aarquiteta.com.br\/blog\/wp-content\/uploads\/2025\/03\/seguranca-da-garagem-1200x660.jpg\" alt=\"Imagem de uma garagem com foco na seguran\u00e7a.\" title=\"\"><figcaption class=\"wp-caption-text\">Imagem de uma garagem com foco na seguran\u00e7a.<\/figcaption><\/figure>\n<p>A <b>ilumina\u00e7\u00e3o<\/b> pode fazer toda a diferen\u00e7a! Invista em lumin\u00e1rias que tragam um toque especial e garantam seguran\u00e7a. L\u00e2mpadas de LED s\u00e3o uma \u00f3tima op\u00e7\u00e3o, pois d\u00e3o um charme a mais e economizam energia.<\/p>\n<h3>Mescle Materiais Criativos<\/h3>\n<figure style=\"width: 1024px\" class=\"wp-caption aligncenter\"><img decoding=\"async\" src=\"https:\/\/www.aarquiteta.com.br\/blog\/wp-content\/uploads\/2025\/03\/decorar-casa-garagem02.jpg\" alt=\"Ideias para Decorar Casa com Garagem na Frente\" width=\"1024\" height=\"1024\" title=\"\"><figcaption class=\"wp-caption-text\">Ideias para Decorar Casa com Garagem na Frente<\/figcaption><\/figure>\n<p>Uma outra ideia \u00e9 <b>mesclar materiais<\/b> como madeira e metal. Essa combina\u00e7\u00e3o traz modernidade e estilo. Voc\u00ea pode usar uma prateleira de madeira para expor objetos decorativos e dar um toque pessoal ao ambiente.<\/p>\n<h3>Ao Redor, um Jardim Encantador<\/h3>\n<figure style=\"width: 1024px\" class=\"wp-caption aligncenter\"><img decoding=\"async\" src=\"https:\/\/www.aarquiteta.com.br\/blog\/wp-content\/uploads\/2025\/03\/casa-com-garagem-para-carro-1024x563.jpg\" alt=\"Imagem que mostra uma casa com garagem para carro na frente.\" title=\"\"><figcaption class=\"wp-caption-text\">Imagem que mostra uma casa com garagem para carro na frente.<\/figcaption><\/figure>\n<p>Que tal um <b>jardim<\/b> ao redor da sua garagem? Plantas simples, como suculentas, ajudam a criar um ambiente agrad\u00e1vel e acolhedor, al\u00e9m de purificarem o ar. Um espa\u00e7o verde traz vida e charme.<\/p>\n<h3>Um Cantinho para Receber<\/h3>\n<figure style=\"width: 1024px\" class=\"wp-caption aligncenter\"><img decoding=\"async\" src=\"https:\/\/www.aarquiteta.com.br\/blog\/wp-content\/uploads\/2025\/03\/decorar-casa-garagem03.jpg\" alt=\"Ideias para Decorar Casa com Garagem na Frente\" width=\"1024\" height=\"1024\" title=\"\"><figcaption class=\"wp-caption-text\">Ideias para Decorar Casa com Garagem na Frente<\/figcaption><\/figure>\n<p>Por \u00faltimo, pense em criar um cantinho para conversar e relaxar com amigos. Um banco, algumas almofadas e uma mesinha podem transformar sua garagem em um <b>espa\u00e7o de conviv\u00eancia<\/b> perfeito para momentos especiais!<\/p>\n<h3>Finalizando com Estilo<\/h3>\n<figure style=\"width: 1024px\" class=\"wp-caption aligncenter\"><img decoding=\"async\" src=\"https:\/\/www.aarquiteta.com.br\/blog\/wp-content\/uploads\/2025\/03\/garagem-como-extensao-da-casa-1024x563.jpg\" alt=\"Imagem de uma garagem integrada \u00e0 casa.\" title=\"\"><figcaption class=\"wp-caption-text\">Imagem de uma garagem integrada \u00e0 casa.<\/figcaption><\/figure>\n<p>Transformar sua garagem em um espa\u00e7o incr\u00edvel \u00e9 mais simples do que parece. Basta usar a criatividade e seguir essas dicas pr\u00e1ticas. Aproveite a oportunidade para <b>expressar sua personalidade<\/b>!<\/p>\n<p>Se joga nas ideias e bora fazer da sua garagem o lugar mais legal da casa!<\/p>\n<figure style=\"width: 1024px\" class=\"wp-caption aligncenter\"><img decoding=\"async\" src=\"https:\/\/www.aarquiteta.com.br\/blog\/wp-content\/uploads\/2025\/03\/decorar-casa-garagem4.jpg\" alt=\"Ideias para Decorar Casa com Garagem na Frente\" width=\"1024\" height=\"1024\" title=\"\"><figcaption class=\"wp-caption-text\">Ideias para Decorar Casa com Garagem na Frente<\/figcaption><\/figure>\n<figure style=\"width: 1024px\" class=\"wp-caption aligncenter\"><img decoding=\"async\" src=\"https:\/\/www.aarquiteta.com.br\/blog\/wp-content\/uploads\/2025\/03\/portao-de-garagem-1-1024x563.jpg\" alt=\"Imagem de um port\u00e3o de garagem pr\u00e1tico.\" title=\"\"><figcaption class=\"wp-caption-text\">Imagem de um port\u00e3o de garagem pr\u00e1tico.<\/figcaption><\/figure>\n<h3>Para se aprofundar mais sobre o tema, veja a minha recomenda\u00e7\u00e3o sobre o tema deste artigo no v\u00eddeo a seguir abaixo:<\/h3>\n<p><iframe title=\"YouTube video player\" src=\"https:\/\/www.youtube.com\/embed\/gm65loLO0Wo\" width=\"560\" height=\"315\" frameborder=\"0\" allowfullscreen=\"allowfullscreen\"><\/iframe><\/p>\n<figure style=\"width: 1024px\" class=\"wp-caption aligncenter\"><img decoding=\"async\" src=\"https:\/\/www.aarquiteta.com.br\/blog\/wp-content\/uploads\/2025\/03\/iluminacao-de-garagem-1024x563.jpg\" alt=\"Imagem da ilumina\u00e7\u00e3o da garagem com foco em seguran\u00e7a.\" title=\"\"><figcaption class=\"wp-caption-text\">Imagem da ilumina\u00e7\u00e3o da garagem com foco em seguran\u00e7a.<\/figcaption><\/figure>\n","protected":false},"excerpt":{"rendered":"<p>Ideias criativas para decorar a casa com garagem na frente, valorizando o visual e a funcionalidade.<\/p>\n","protected":false},"author":102,"featured_media":147400,"comment_status":"open","ping_status":"","sticky":false,"template":"","format":"standard","meta":{"footnotes":""},"categories":[1484],"tags":[],"class_list":["post-147408","post","type-post","status-publish","format-standard","has-post-thumbnail","category-decoracao"],"_wp_attached_file":null,"_wp_attachment_metadata":null,"_wp_attachment_context":null,"_wp_attachment_is_custom_header":null,"geo_longitude":null,"geo_public":null,"geo_latitude":null,"_publicize_done_external":null,"_wpas_done_3897181":null,"publicize_twitter_user":null,"_wpas_done_3897175":null,"_wpas_skip_3897181":null,"_wpas_skip_3897175":null,"_wpas_skip_3924723":null,"_wpas_mess":null,"_wpas_done_3924723":null,"wps_subtitle":"","_links":{"self":[{"href":"https:\/\/www.aarquiteta.com.br\/blog\/wp-json\/wp\/v2\/posts\/147408","targetHints":{"allow":["GET"]}}],"collection":[{"href":"https:\/\/www.aarquiteta.com.br\/blog\/wp-json\/wp\/v2\/posts"}],"about":[{"href":"https:\/\/www.aarquiteta.com.br\/blog\/wp-json\/wp\/v2\/types\/post"}],"author":[{"embeddable":true,"href":"https:\/\/www.aarquiteta.com.br\/blog\/wp-json\/wp\/v2\/users\/102"}],"replies":[{"embeddable":true,"href":"https:\/\/www.aarquiteta.com.br\/blog\/wp-json\/wp\/v2\/comments?post=147408"}],"version-history":[{"count":0,"href":"https:\/\/www.aarquiteta.com.br\/blog\/wp-json\/wp\/v2\/posts\/147408\/revisions"}],"wp:featuredmedia":[{"embeddable":true,"href":"https:\/\/www.aarquiteta.com.br\/blog\/wp-json\/wp\/v2\/media\/147400"}],"wp:attachment":[{"href":"https:\/\/www.aarquiteta.com.br\/blog\/wp-json\/wp\/v2\/media?parent=147408"}],"wp:term":[{"taxonomy":"category","embeddable":true,"href":"https:\/\/www.aarquiteta.com.br\/blog\/wp-json\/wp\/v2\/categories?post=147408"},{"taxonomy":"post_tag","embeddable":true,"href":"https:\/\/www.aarquiteta.com.br\/blog\/wp-json\/wp\/v2\/tags?post=147408"}],"curies":[{"name":"wp","href":"https:\/\/api.w.org\/{rel}","templated":true}]}}