{"id":147140,"date":"2025-03-15T17:22:17","date_gmt":"2025-03-15T20:22:17","guid":{"rendered":"https:\/\/www.aarquiteta.com.br\/blog\/paisagismo-frente-casa\/"},"modified":"2025-03-15T17:22:17","modified_gmt":"2025-03-15T20:22:17","slug":"paisagismo-frente-casa","status":"publish","type":"post","link":"https:\/\/www.aarquiteta.com.br\/blog\/paisagismo-frente-casa\/","title":{"rendered":"Transforme a Fachada da Sua Casa: 10 Ideias Incr\u00edveis que Valorizam Seu Im\u00f3vel!"},"content":{"rendered":"<p>Quer transformar a fachada da sua casa e aumentar seu valor? Confira 10 ideias incr\u00edveis que v\u00e3o te ajudar!<\/p>\n<h3>A Import\u00e2ncia da Fachada na Valoriza\u00e7\u00e3o do Im\u00f3vel<\/h3>\n<figure style=\"width: 1024px\" class=\"wp-caption aligncenter\"><img decoding=\"async\" src=\"https:\/\/www.aarquiteta.com.br\/blog\/wp-content\/uploads\/2025\/03\/decoracao-de-entrada-1-1024x563.jpg\" alt=\"Decora\u00e7\u00e3o de entrada: criando uma boa impress\u00e3o\" title=\"\"><figcaption class=\"wp-caption-text\">Decora\u00e7\u00e3o de entrada: criando uma boa impress\u00e3o<\/figcaption><\/figure>\n<p>Voc\u00ea j\u00e1 parou pra pensar como <b>a fachada<\/b> da sua casa pode impactar seu valor? Uma entrada bem planejada cria uma <b>primeira impress\u00e3o<\/b> memor\u00e1vel e atrativa. A valoriza\u00e7\u00e3o acontece quando a est\u00e9tica est\u00e1 aliada \u00e0 funcionalidade. Que tal investirmos nisso juntos?<\/p>\n<h3>1. Cores Que Encantam<\/h3>\n<figure style=\"width: 1024px\" class=\"wp-caption aligncenter\"><img decoding=\"async\" src=\"https:\/\/www.aarquiteta.com.br\/blog\/wp-content\/uploads\/2025\/03\/paisagismo-frente-casa01.jpg\" alt=\"Paisagismo para Frente de Casa: 10 Inspira\u00e7\u00f5es para Valorizar Seu Im\u00f3vel\" width=\"1024\" height=\"1024\" title=\"\"><figcaption class=\"wp-caption-text\">Paisagismo para Frente de Casa: 10 Inspira\u00e7\u00f5es para Valorizar Seu Im\u00f3vel<\/figcaption><\/figure>\n<p>Comece escolhendo <b>cores neutras<\/b> para a fachada. Elas transmitem modernidade e charme. Um tom claro pode fazer sua casa parecer mais ampla! E quem n\u00e3o ama uma boa sensa\u00e7\u00e3o de espa\u00e7o, n\u00e9?<\/p>\n<h3>2. Jardins Verticais<\/h3>\n<figure style=\"width: 1024px\" class=\"wp-caption aligncenter\"><img decoding=\"async\" src=\"https:\/\/www.aarquiteta.com.br\/blog\/wp-content\/uploads\/2025\/03\/paisagismo-para-frente-de-casa-1200x660.jpg\" alt=\"Paisagismo para frente de casa\" title=\"\"><figcaption class=\"wp-caption-text\">Paisagismo para frente de casa<\/figcaption><\/figure>\n<p>Se o espa\u00e7o \u00e9 pequeno, os <b>jardins verticais<\/b> s\u00e3o uma salva\u00e7\u00e3o! Eles aproveitam cada pedacinho de maneira charmosa e cheia de vida. Al\u00e9m de bonito, trazem frescor ao ambiente.<\/p>\n<h3>3. Ilumina\u00e7\u00e3o Aconchegante<\/h3>\n<figure style=\"width: 1024px\" class=\"wp-caption aligncenter\"><img decoding=\"async\" src=\"https:\/\/www.aarquiteta.com.br\/blog\/wp-content\/uploads\/2025\/03\/paisagismo-frente-casa02.jpg\" alt=\"Paisagismo para Frente de Casa: 10 Inspira\u00e7\u00f5es para Valorizar Seu Im\u00f3vel\" width=\"1024\" height=\"1024\" title=\"\"><figcaption class=\"wp-caption-text\">Paisagismo para Frente de Casa: 10 Inspira\u00e7\u00f5es para Valorizar Seu Im\u00f3vel<\/figcaption><\/figure>\n<p><b>Ilumina\u00e7\u00e3o externa<\/b> bem feita destaca a beleza da sua casa \u00e0 noite. LEDs de baixo consumo garantem um visual estonteante. Aplique sensibilidade po\u00e9tica ao iluminar arbustos e \u00e1rvores!<\/p>\n<h3>4. Caminhos de Pedras<\/h3>\n<figure style=\"width: 1024px\" class=\"wp-caption aligncenter\"><img decoding=\"async\" src=\"https:\/\/www.aarquiteta.com.br\/blog\/wp-content\/uploads\/2025\/03\/caracteristicas-de-fachadas-atraentes-1024x563.jpg\" alt=\"Caracter\u00edsticas de fachadas atraentes\" title=\"\"><figcaption class=\"wp-caption-text\">Caracter\u00edsticas de fachadas atraentes<\/figcaption><\/figure>\n<p>Caminhos de pedras cuidadosamente selecionadas n\u00e3o s\u00f3 guiam como tamb\u00e9m embelezam. Eles s\u00e3o <b>funcionais<\/b> e <b>est\u00e9ticos<\/b>. Imagine receber os amigos numa entrada charmosa dessa maneira!<\/p>\n<h3>5. Fontes de \u00c1gua<\/h3>\n<figure style=\"width: 1024px\" class=\"wp-caption aligncenter\"><img decoding=\"async\" src=\"https:\/\/www.aarquiteta.com.br\/blog\/wp-content\/uploads\/2025\/03\/paisagismo-frente-casa03.jpg\" alt=\"Paisagismo para Frente de Casa: 10 Inspira\u00e7\u00f5es para Valorizar Seu Im\u00f3vel\" width=\"1024\" height=\"1024\" title=\"\"><figcaption class=\"wp-caption-text\">Paisagismo para Frente de Casa: 10 Inspira\u00e7\u00f5es para Valorizar Seu Im\u00f3vel<\/figcaption><\/figure>\n<p>Uma <b>fonte<\/b> pode trazer um toque relaxante e natural \u00e0 frente da sua casa. O som suave da \u00e1gua pode ser um convite ao <b>conv\u00edvio<\/b> e \u00e0 boa conversa.<\/p>\n<h3>6. M\u00f3veis Externos<\/h3>\n<figure style=\"width: 1024px\" class=\"wp-caption aligncenter\"><img decoding=\"async\" src=\"https:\/\/www.aarquiteta.com.br\/blog\/wp-content\/uploads\/2025\/03\/modelos-de-jardins-frontais-1024x563.jpg\" alt=\"Modelos de jardins frontais\" title=\"\"><figcaption class=\"wp-caption-text\">Modelos de jardins frontais<\/figcaption><\/figure>\n<p>Invista em <b>m\u00f3veis para o exterior<\/b>. Poltronas confort\u00e1veis fazem da entrada um espa\u00e7o de descanso. Afinal, quem resiste a um bom caf\u00e9 na varanda?<\/p>\n<h3>7. Plantas Nativas<\/h3>\n<figure style=\"width: 1024px\" class=\"wp-caption aligncenter\"><img decoding=\"async\" src=\"https:\/\/www.aarquiteta.com.br\/blog\/wp-content\/uploads\/2025\/03\/paisagismo-frente-casa4.jpg\" alt=\"Paisagismo para Frente de Casa: 10 Inspira\u00e7\u00f5es para Valorizar Seu Im\u00f3vel\" width=\"1024\" height=\"1024\" title=\"\"><figcaption class=\"wp-caption-text\">Paisagismo para Frente de Casa: 10 Inspira\u00e7\u00f5es para Valorizar Seu Im\u00f3vel<\/figcaption><\/figure>\n<p>Plantas nativas s\u00e3o n\u00e3o apenas sustent\u00e1veis, mas tamb\u00e9m <b>f\u00e1cil de cuidar<\/b>. Elas se adaptam ao clima, trazem sabor e beleza \u00e0 sua entrada. Quase como se se fossem as melhores amigas da sua casa!<\/p>\n<h3>8. Elementos Decorativos<\/h3>\n<figure style=\"width: 1024px\" class=\"wp-caption aligncenter\"><img decoding=\"async\" src=\"https:\/\/www.aarquiteta.com.br\/blog\/wp-content\/uploads\/2025\/03\/dicas-de-plantas-ideais-1024x563.jpg\" alt=\"Dicas de plantas ideais\" title=\"\"><figcaption class=\"wp-caption-text\">Dicas de plantas ideais<\/figcaption><\/figure>\n<p>Elementos como vasos, quadros e esculturas trazem personalidade ao seu lar. Um toque <b>pessoal<\/b> gera identifica\u00e7\u00e3o e atrai olhares positivos!<\/p>\n<h3>9. Integrando o Paisagismo<\/h3>\n<h3>Para se aprofundar mais sobre o tema, veja a minha recomenda\u00e7\u00e3o sobre o tema deste artigo no v\u00eddeo a seguir abaixo:<\/h3>\n<p><iframe title=\"YouTube video player\" src=\"https:\/\/www.youtube.com\/embed\/vJ5J6tvpaeg\" width=\"560\" height=\"315\" frameborder=\"0\" allowfullscreen=\"allowfullscreen\"><\/iframe><\/p>\n<p><b>Harmonizar<\/b> a fachada com o paisagismo \u00e9 crucial. A comunica\u00e7\u00e3o visual melhora a est\u00e9tica e a sensa\u00e7\u00e3o de acolhimento. Uma jun\u00e7\u00e3o perfeita entre natureza e arquitetura!<\/p>\n<h3>10. Manuten\u00e7\u00e3o \u00e9 Tudo!<\/h3>\n<figure style=\"width: 1024px\" class=\"wp-caption aligncenter\"><img decoding=\"async\" src=\"https:\/\/www.aarquiteta.com.br\/blog\/wp-content\/uploads\/2025\/03\/iluminacao-externa-3-1024x563.jpg\" alt=\"Ilumina\u00e7\u00e3o externa como elemento decorativo\" title=\"\"><figcaption class=\"wp-caption-text\">Ilumina\u00e7\u00e3o externa como elemento decorativo<\/figcaption><\/figure>\n<p>Por fim, mantenha tudo em dia. Um cuidado regular garante a <b>sa\u00fade<\/b> do espa\u00e7o e a valoriza\u00e7\u00e3o do im\u00f3vel. Vamos transformar a vis\u00e3o em realidade, no passo a passo!<\/p>\n<p>Com essas 10 dicas, a fachada da sua casa vai ficar incr\u00edvel! Transforme, valorize e alegre seu lar, tornando-o ainda mais especial. Vamos juntos fazer das ideias, realidade!<\/p>\n","protected":false},"excerpt":{"rendered":"<p>Inspire-se com ideias de paisagismo para valorizar a fachada do seu im\u00f3vel com dicas modernas.<\/p>\n","protected":false},"author":102,"featured_media":147132,"comment_status":"open","ping_status":"","sticky":false,"template":"","format":"standard","meta":{"footnotes":""},"categories":[1484],"tags":[],"class_list":["post-147140","post","type-post","status-publish","format-standard","has-post-thumbnail","category-decoracao"],"_wp_attached_file":null,"_wp_attachment_metadata":null,"_wp_attachment_context":null,"_wp_attachment_is_custom_header":null,"geo_longitude":null,"geo_public":null,"geo_latitude":null,"_publicize_done_external":null,"_wpas_done_3897181":null,"publicize_twitter_user":null,"_wpas_done_3897175":null,"_wpas_skip_3897181":null,"_wpas_skip_3897175":null,"_wpas_skip_3924723":null,"_wpas_mess":null,"_wpas_done_3924723":null,"wps_subtitle":"","_links":{"self":[{"href":"https:\/\/www.aarquiteta.com.br\/blog\/wp-json\/wp\/v2\/posts\/147140","targetHints":{"allow":["GET"]}}],"collection":[{"href":"https:\/\/www.aarquiteta.com.br\/blog\/wp-json\/wp\/v2\/posts"}],"about":[{"href":"https:\/\/www.aarquiteta.com.br\/blog\/wp-json\/wp\/v2\/types\/post"}],"author":[{"embeddable":true,"href":"https:\/\/www.aarquiteta.com.br\/blog\/wp-json\/wp\/v2\/users\/102"}],"replies":[{"embeddable":true,"href":"https:\/\/www.aarquiteta.com.br\/blog\/wp-json\/wp\/v2\/comments?post=147140"}],"version-history":[{"count":0,"href":"https:\/\/www.aarquiteta.com.br\/blog\/wp-json\/wp\/v2\/posts\/147140\/revisions"}],"wp:featuredmedia":[{"embeddable":true,"href":"https:\/\/www.aarquiteta.com.br\/blog\/wp-json\/wp\/v2\/media\/147132"}],"wp:attachment":[{"href":"https:\/\/www.aarquiteta.com.br\/blog\/wp-json\/wp\/v2\/media?parent=147140"}],"wp:term":[{"taxonomy":"category","embeddable":true,"href":"https:\/\/www.aarquiteta.com.br\/blog\/wp-json\/wp\/v2\/categories?post=147140"},{"taxonomy":"post_tag","embeddable":true,"href":"https:\/\/www.aarquiteta.com.br\/blog\/wp-json\/wp\/v2\/tags?post=147140"}],"curies":[{"name":"wp","href":"https:\/\/api.w.org\/{rel}","templated":true}]}}