{"id":147128,"date":"2025-03-15T13:40:54","date_gmt":"2025-03-15T16:40:54","guid":{"rendered":"https:\/\/www.aarquiteta.com.br\/blog\/fachada-de-casa\/"},"modified":"2025-03-15T13:40:54","modified_gmt":"2025-03-15T16:40:54","slug":"fachada-de-casa","status":"publish","type":"post","link":"https:\/\/www.aarquiteta.com.br\/blog\/fachada-de-casa\/","title":{"rendered":"9 Inspira\u00e7\u00f5es de Fachadas de Casa para Todos os Estilos"},"content":{"rendered":"<p>&#8220;`html<br \/>\n<body><\/p>\n<p>Descubra como a fachada da sua casa pode se tornar um verdadeiro cart\u00e3o de visitas, refletindo personalidade e estilo com 9 inspira\u00e7\u00f5es incr\u00edveis, que v\u00e3o de materiais r\u00fasticos a solu\u00e7\u00f5es modernas e sustent\u00e1veis.<\/p>\n<h2>Fachada de Casa: 9 Inspira\u00e7\u00f5es que Refletem Quem Voc\u00ea \u00c9<\/h2>\n<h3>Por que a Fachada \u00e9 t\u00e3o Importante?<\/h3>\n<figure style=\"width: 1024px\" class=\"wp-caption aligncenter\"><img decoding=\"async\" src=\"https:\/\/www.aarquiteta.com.br\/blog\/wp-content\/uploads\/2025\/03\/fachada-de-casa01.jpg\" alt=\"9 Inspira\u00e7\u00f5es de Fachadas de Casa para Todos os Estilos\" width=\"1024\" height=\"1024\" title=\"\"><figcaption class=\"wp-caption-text\">9 Inspira\u00e7\u00f5es de Fachadas de Casa para Todos os Estilos<\/figcaption><\/figure>\n<p>A fachada da casa \u00e9 o primeiro contato que temos com um lar. \u00c9 como um sorriso que abre as portas de um mundo particular. Quando penso na import\u00e2ncia da fachada, percebo que ela deve <b>representar a ess\u00eancia<\/b> dos moradores. Mais do que est\u00e9tica, trata-se de contar uma hist\u00f3ria atrav\u00e9s de cores, formas e materiais.<\/p>\n<h3>Elementos que Compondo a Est\u00e9tica<\/h3>\n<figure style=\"width: 1024px\" class=\"wp-caption aligncenter\"><img decoding=\"async\" src=\"https:\/\/www.aarquiteta.com.br\/blog\/wp-content\/uploads\/2025\/03\/fachadadecasa5.jpeg.webp\" alt=\"Fachada de casa com madeira e janelas de vidro, transmitindo estilo e liberdade.\" title=\"\"><figcaption class=\"wp-caption-text\">Fachada de casa com madeira e janelas de vidro, transmitindo estilo e liberdade.<\/figcaption><\/figure>\n<p>Compor uma fachada \u00e9 como montar um mosaico. A escolha dos materiais, seja <b>vidro<\/b>, <b>madeira<\/b> ou <b>tijolos<\/b>, deve dialogar n\u00e3o apenas entre si, mas tamb\u00e9m com a vizinhan\u00e7a. Assim, a casa se torna uma parte viva do ambiente urbano ou rural, evitando um choque visual.<\/p>\n<h3>Pintura Cl\u00e1ssica: Branca \u00e9 Sempre uma Boa Op\u00e7\u00e3o<\/h3>\n<figure style=\"width: 1024px\" class=\"wp-caption aligncenter\"><img decoding=\"async\" src=\"https:\/\/www.aarquiteta.com.br\/blog\/wp-content\/uploads\/2025\/03\/fachadadecasa1.jpeg.webp\" alt=\"Fachada de casa com pintura branca e elementos.\" title=\"\"><figcaption class=\"wp-caption-text\">Fachada de casa com pintura branca e elementos.<\/figcaption><\/figure>\n<p>Ah, a boa e velha pintura branca! Alta e imponente, ela pode <b>transmitir eleg\u00e2ncia<\/b>, mas voc\u00ea sabia que exige cuidados constantes? Manchas e sujeiras aparecem como piratas em uma praia deserta. Por isso, tenha sempre um bom plano de manuten\u00e7\u00e3o.<\/p>\n<h3>R\u00fastico e Moderno: Uma Combina\u00e7\u00e3o Perfeita<\/h3>\n<figure style=\"width: 1024px\" class=\"wp-caption aligncenter\"><img decoding=\"async\" src=\"https:\/\/www.aarquiteta.com.br\/blog\/wp-content\/uploads\/2025\/03\/fachada-de-casa02.jpg\" alt=\"9 Inspira\u00e7\u00f5es de Fachadas de Casa para Todos os Estilos\" width=\"1024\" height=\"1024\" title=\"\"><figcaption class=\"wp-caption-text\">9 Inspira\u00e7\u00f5es de Fachadas de Casa para Todos os Estilos<\/figcaption><\/figure>\n<p>Um visual que nunca sai de moda \u00e9 a combina\u00e7\u00e3o de <b>tijolos aparentes<\/b> com uma pintura branca. \u00c9 como se o antigo e o novo dan\u00e7assem uma valsa suave na entrada da sua casa. Essa mistura pode contornar o ar r\u00fastico, equilibrando com um toque contempor\u00e2neo.<\/p>\n<h3>Luz Solar: O Harm\u00f4nico Jogo de Materiais<\/h3>\n<figure style=\"width: 1024px\" class=\"wp-caption aligncenter\"><img decoding=\"async\" src=\"https:\/\/www.aarquiteta.com.br\/blog\/wp-content\/uploads\/2025\/03\/fachadadecasa2.jpeg.webp\" alt=\"Combina\u00e7\u00e3o r\u00fastica da fachada com tijolos vermelhos aparentes com pintura branca cl\u00e1ssica.\" title=\"\"><figcaption class=\"wp-caption-text\">Combina\u00e7\u00e3o r\u00fastica da fachada com tijolos vermelhos aparentes com pintura branca cl\u00e1ssica.<\/figcaption><\/figure>\n<p>Quando falo sobre <b>captar luz solar<\/b>, sinto que a casa ganha vida. Usar materiais r\u00fasticos que permitem a entrada da luz cria uma atmosfera agrad\u00e1vel. Imagine sua sala inundada de luz natural. \u00c9 como criar uma conex\u00e3o \u00edntima entre a casa e a natureza.<\/p>\n<h3>A Modernidade do Concreto e a Aconchego da Madeira<\/h3>\n<figure style=\"width: 1024px\" class=\"wp-caption aligncenter\"><img decoding=\"async\" src=\"https:\/\/www.aarquiteta.com.br\/blog\/wp-content\/uploads\/2025\/03\/fachada-de-casa03.jpg\" alt=\"9 Inspira\u00e7\u00f5es de Fachadas de Casa para Todos os Estilos\" width=\"1024\" height=\"1024\" title=\"\"><figcaption class=\"wp-caption-text\">9 Inspira\u00e7\u00f5es de Fachadas de Casa para Todos os Estilos<\/figcaption><\/figure>\n<p>Combinar concreto robusto com <b>portas de madeira<\/b> \u00e9 uma jogada de mestre! O concreto proporciona a modernidade, enquanto a madeira traz o calor e a aconchego que todos desejamos. \u00c9 como uma lembran\u00e7a nost\u00e1lgica de casa combinada com um toque de futurismo.<\/p>\n<h3>Janelas de Vidro: Abertura para o Mundo<\/h3>\n<figure style=\"width: 1024px\" class=\"wp-caption aligncenter\"><img decoding=\"async\" src=\"https:\/\/www.aarquiteta.com.br\/blog\/wp-content\/uploads\/2025\/03\/fachadadecasa3.jpeg.webp\" alt=\"Fachada em harmonia com materiais r\u00fasticos, visando uma capta\u00e7\u00e3o natural da luz solar.\" title=\"\"><figcaption class=\"wp-caption-text\">Fachada em harmonia com materiais r\u00fasticos, visando uma capta\u00e7\u00e3o natural da luz solar.<\/figcaption><\/figure>\n<p>Uma fachada de madeira com janelas de vidro? Ah, \u00e9 algo que me faz sonhar! <b>Transpar\u00eancia<\/b> e calor se unem para criar um ambiente onde a natureza e a arquitetura convivem em harmonia. \u00c9 como se o exterior pedisse para entrar e participar da vida dentro de casa.<\/p>\n<h3>Manuten\u00e7\u00e3o: O Segredo de uma Fachada Bonita<\/h3>\n<figure style=\"width: 1024px\" class=\"wp-caption aligncenter\"><img decoding=\"async\" src=\"https:\/\/www.aarquiteta.com.br\/blog\/wp-content\/uploads\/2025\/03\/fachada-de-casa4.jpg\" alt=\"9 Inspira\u00e7\u00f5es de Fachadas de Casa para Todos os Estilos\" width=\"1024\" height=\"1024\" title=\"\"><figcaption class=\"wp-caption-text\">9 Inspira\u00e7\u00f5es de Fachadas de Casa para Todos os Estilos<\/figcaption><\/figure>\n<p>Manter a fachada bonita \u00e9 t\u00e3o importante quanto a escolha dos materiais. Eu sempre digo que a est\u00e9tica \u00e9 passageira, mas a <b>manuten\u00e7\u00e3o<\/b> \u00e9 duradoura. Especialmente em regi\u00f5es com clima adverso, a pintura e os acabamentos devem ser verificados com regularidade. Invista tempo e aten\u00e7\u00e3o nesses detalhes.<\/p>\n<h3>Tend\u00eancias Modernas: A\u00e7o Corten<\/h3>\n<figure style=\"width: 1024px\" class=\"wp-caption aligncenter\"><img decoding=\"async\" src=\"https:\/\/www.aarquiteta.com.br\/blog\/wp-content\/uploads\/2025\/03\/fachadadecasa4.jpeg.webp\" alt=\"Fachada de casa com estruturas alinhadas de concreto e um port\u00e3o de madeira.\" title=\"\"><figcaption class=\"wp-caption-text\">Fachada de casa com estruturas alinhadas de concreto e um port\u00e3o de madeira.<\/figcaption><\/figure>\n<p>O a\u00e7o corten tem se destacado nas fachadas modernas. Sua resist\u00eancia \u00e9 admir\u00e1vel e o visual <b>inconfund\u00edvel<\/b>! Assemelha-se a uma pintura r\u00fastica, mas com todo o charme da modernidade. Quem diria que algo t\u00e3o dur\u00e1vel poderia oferecer estilo e autenticidade?<\/p>\n<h2>Conclus\u00e3o: Escolhendo a Fachada dos Seus Sonhos<\/h2>\n<p>Ao final, a fachada \u00e9 mais que apenas um visual; \u00e9 a <b>manifesta\u00e7\u00e3o do seu estilo<\/b> de vida. Escolher uma fachada certa \u00e9 como escolher sua roupa para um evento importante. Afinal, \u00e9 a primeira impress\u00e3o, e, como sabemos, a primeira impress\u00e3o \u00e9 a que fica. Permita que sua casa mostre ao mundo quem voc\u00ea realmente \u00e9!<\/p>\n<p><\/body><br \/>\n&#8220;`<br \/>\n<iframe title=\"YouTube video player\" src=\"https:\/\/www.youtube.com\/embed\/3Vj-QtRPEEk\" width=\"560\" height=\"315\" frameborder=\"0\" allowfullscreen=\"allowfullscreen\"><\/iframe><\/p>\n<figure style=\"width: 1024px\" class=\"wp-caption aligncenter\"><img decoding=\"async\" src=\"https:\/\/www.aarquiteta.com.br\/blog\/wp-content\/uploads\/2025\/03\/fachadadecasa6.jpeg.webp\" alt=\"Fachada com revestimento de porcelanato em combina\u00e7\u00e3o com madeira e tijolos de pedras.\" title=\"\"><figcaption class=\"wp-caption-text\">Fachada com revestimento de porcelanato em combina\u00e7\u00e3o com madeira e tijolos de pedras.<\/figcaption><\/figure>\n","protected":false},"excerpt":{"rendered":"<p>Descubra 9 ideias criativas e inspiradoras de fachadas de casas que refletem estilos diversos. Transforme a entrada do seu lar!<\/p>\n","protected":false},"author":102,"featured_media":147121,"comment_status":"open","ping_status":"","sticky":false,"template":"","format":"standard","meta":{"footnotes":""},"categories":[1507,6,249],"tags":[],"class_list":["post-147128","post","type-post","status-publish","format-standard","has-post-thumbnail","category-arquitetura","category-carreira-de-arquitetura","category-engenharia-e-construcao-civil"],"_wp_attached_file":null,"_wp_attachment_metadata":null,"_wp_attachment_context":null,"_wp_attachment_is_custom_header":null,"geo_longitude":null,"geo_public":null,"geo_latitude":null,"_publicize_done_external":null,"_wpas_done_3897181":null,"publicize_twitter_user":null,"_wpas_done_3897175":null,"_wpas_skip_3897181":null,"_wpas_skip_3897175":null,"_wpas_skip_3924723":null,"_wpas_mess":null,"_wpas_done_3924723":null,"wps_subtitle":"","_links":{"self":[{"href":"https:\/\/www.aarquiteta.com.br\/blog\/wp-json\/wp\/v2\/posts\/147128","targetHints":{"allow":["GET"]}}],"collection":[{"href":"https:\/\/www.aarquiteta.com.br\/blog\/wp-json\/wp\/v2\/posts"}],"about":[{"href":"https:\/\/www.aarquiteta.com.br\/blog\/wp-json\/wp\/v2\/types\/post"}],"author":[{"embeddable":true,"href":"https:\/\/www.aarquiteta.com.br\/blog\/wp-json\/wp\/v2\/users\/102"}],"replies":[{"embeddable":true,"href":"https:\/\/www.aarquiteta.com.br\/blog\/wp-json\/wp\/v2\/comments?post=147128"}],"version-history":[{"count":0,"href":"https:\/\/www.aarquiteta.com.br\/blog\/wp-json\/wp\/v2\/posts\/147128\/revisions"}],"wp:featuredmedia":[{"embeddable":true,"href":"https:\/\/www.aarquiteta.com.br\/blog\/wp-json\/wp\/v2\/media\/147121"}],"wp:attachment":[{"href":"https:\/\/www.aarquiteta.com.br\/blog\/wp-json\/wp\/v2\/media?parent=147128"}],"wp:term":[{"taxonomy":"category","embeddable":true,"href":"https:\/\/www.aarquiteta.com.br\/blog\/wp-json\/wp\/v2\/categories?post=147128"},{"taxonomy":"post_tag","embeddable":true,"href":"https:\/\/www.aarquiteta.com.br\/blog\/wp-json\/wp\/v2\/tags?post=147128"}],"curies":[{"name":"wp","href":"https:\/\/api.w.org\/{rel}","templated":true}]}}