{"id":147117,"date":"2025-03-15T12:29:44","date_gmt":"2025-03-15T15:29:44","guid":{"rendered":"https:\/\/www.aarquiteta.com.br\/blog\/iluminacao-de-alto-padrao\/"},"modified":"2025-03-15T12:29:44","modified_gmt":"2025-03-15T15:29:44","slug":"iluminacao-de-alto-padrao","status":"publish","type":"post","link":"https:\/\/www.aarquiteta.com.br\/blog\/iluminacao-de-alto-padrao\/","title":{"rendered":"10 Inspira\u00e7\u00f5es para Ilumina\u00e7\u00e3o de Alto Padr\u00e3o"},"content":{"rendered":"<p><body><\/p>\n<p><b>Voc\u00ea j\u00e1 percebeu como a ilumina\u00e7\u00e3o pode transformar completamente um ambiente?<\/b> Seja em casa ou no escrit\u00f3rio, uma ilumina\u00e7\u00e3o de alto padr\u00e3o real\u00e7a cada detalhe e traz sofistica\u00e7\u00e3o ao espa\u00e7o.<\/p>\n<figure style=\"width: 1024px\" class=\"wp-caption aligncenter\"><img decoding=\"async\" src=\"https:\/\/www.aarquiteta.com.br\/blog\/wp-content\/uploads\/2025\/03\/iluminacao-de-alto-padrao01.jpg\" alt=\"Ilumina\u00e7\u00e3o de Alto Padr\u00e3o: Realce a Beleza do Seu Espa\u00e7o\" width=\"1024\" height=\"1024\" title=\"\"><figcaption class=\"wp-caption-text\">Ilumina\u00e7\u00e3o de Alto Padr\u00e3o: Realce a Beleza do Seu Espa\u00e7o<\/figcaption><\/figure>\n<h3>Escolha a Luz Certa para Cada Ambiente<\/h3>\n<p>Muita gente quer um espa\u00e7o sofisticado, mas n\u00e3o sabe por onde come\u00e7ar. <b>A ilumina\u00e7\u00e3o faz toda a diferen\u00e7a<\/b>, e cada ambiente exige um tipo de luz espec\u00edfico.<\/p>\n<figure style=\"width: 1024px\" class=\"wp-caption aligncenter\"><img decoding=\"async\" src=\"https:\/\/www.aarquiteta.com.br\/blog\/wp-content\/uploads\/2025\/03\/iluminacao-de-alto-padrao02.jpg\" alt=\"Ilumina\u00e7\u00e3o de Alto Padr\u00e3o: Realce a Beleza do Seu Espa\u00e7o\" width=\"1024\" height=\"1024\" title=\"\"><figcaption class=\"wp-caption-text\">Ilumina\u00e7\u00e3o de Alto Padr\u00e3o: Realce a Beleza do Seu Espa\u00e7o<\/figcaption><\/figure>\n<p>Na sala de estar, por exemplo, luzes quentes criam aconchego. J\u00e1 na cozinha, luzes frias ajudam na funcionalidade.<\/p>\n<h3>O Poder dos Lustres e Lumin\u00e1rias<\/h3>\n<p>Um detalhe que nunca falha: <b>lustres e lumin\u00e1rias de alto padr\u00e3o<\/b>. Essas pe\u00e7as n\u00e3o s\u00e3o s\u00f3 fontes de luz, mas verdadeiras obras de arte.<\/p>\n<p>Al\u00e9m disso, ajudam a definir o estilo do espa\u00e7o, seja ele cl\u00e1ssico, moderno ou minimalista.<\/p>\n<figure style=\"width: 1024px\" class=\"wp-caption aligncenter\"><img decoding=\"async\" src=\"https:\/\/www.aarquiteta.com.br\/blog\/wp-content\/uploads\/2025\/03\/369639278dc1e7f059344591456f3591.jpg\" alt=\"Ilumina\u00e7\u00e3o de Alto Padr\u00e3o: Realce a Beleza do Seu Espa\u00e7o\" width=\"1024\" height=\"1024\" title=\"\"><figcaption class=\"wp-caption-text\">Fonte: Pinterest<\/figcaption><\/figure>\n<h3>Ilumina\u00e7\u00e3o Indireta para Sofistica\u00e7\u00e3o<\/h3>\n<p>Se tem um segredo para deixar qualquer ambiente elegante, \u00e9 esse: <b>ilumina\u00e7\u00e3o indireta<\/b>. Seja com fitas de LED ou arandelas, ela cria um jogo de luz e sombra incr\u00edvel.<\/p>\n<figure style=\"width: 1024px\" class=\"wp-caption aligncenter\"><img decoding=\"async\" src=\"https:\/\/www.aarquiteta.com.br\/blog\/wp-content\/uploads\/2025\/03\/4cbc8388ba391b831df9a9921b24ff37.jpg\" alt=\"Ilumina\u00e7\u00e3o de Alto Padr\u00e3o: Realce a Beleza do Seu Espa\u00e7o\" width=\"1024\" height=\"1024\" title=\"\"><figcaption class=\"wp-caption-text\">Fonte: Pinterest<\/figcaption><\/figure>\n<p>Isso valoriza a decora\u00e7\u00e3o e traz um ar de exclusividade ao espa\u00e7o.<\/p>\n<figure style=\"width: 1024px\" class=\"wp-caption aligncenter\"><img decoding=\"async\" src=\"https:\/\/www.aarquiteta.com.br\/blog\/wp-content\/uploads\/2025\/03\/ede4875ef2b23f70481f84b19e5abd8e-1200x675.jpg\" alt=\"Ilumina\u00e7\u00e3o de Alto Padr\u00e3o: Realce a Beleza do Seu Espa\u00e7o\" width=\"1024\" height=\"1024\" title=\"\"><figcaption class=\"wp-caption-text\">Fonte: Pinterest<\/figcaption><\/figure>\n<h3>Automa\u00e7\u00e3o: Controle a Luz com Facilidade<\/h3>\n<p>Voc\u00ea j\u00e1 imaginou ajustar a intensidade da luz com um simples toque no celular? <b>A automa\u00e7\u00e3o da ilumina\u00e7\u00e3o<\/b> permite isso!<\/p>\n<figure style=\"width: 1024px\" class=\"wp-caption aligncenter\"><img decoding=\"async\" src=\"https:\/\/www.aarquiteta.com.br\/blog\/wp-content\/uploads\/2025\/03\/a4bfb8bedc405fa447496ae7049b409a.jpg\" alt=\"Ilumina\u00e7\u00e3o de Alto Padr\u00e3o: Realce a Beleza do Seu Espa\u00e7o\" width=\"1024\" height=\"1024\" title=\"\"><figcaption class=\"wp-caption-text\">Fonte: Pinterest<\/figcaption><\/figure>\n<p>Al\u00e9m da praticidade, ainda economiza energia e proporciona sempre o clima certo para cada momento.<\/p>\n<figure style=\"width: 1024px\" class=\"wp-caption aligncenter\"><img decoding=\"async\" src=\"https:\/\/i.pinimg.com\/originals\/e6\/c0\/38\/e6c038cf122a1818665eea0089a151cb.jpg\" alt=\"Ilumina\u00e7\u00e3o de Alto Padr\u00e3o: Realce a Beleza do Seu Espa\u00e7o\" width=\"1024\" height=\"1024\" title=\"\"><figcaption class=\"wp-caption-text\">Fonte: Pinterest<\/figcaption><\/figure>\n<h3>A Import\u00e2ncia das Cores na Ilumina\u00e7\u00e3o<\/h3>\n<p>Sabia que as cores da luz influenciam no humor? <b>Ilumina\u00e7\u00e3o amarelada<\/b> deixa o ambiente mais acolhedor e relaxante.<\/p>\n<figure style=\"width: 1024px\" class=\"wp-caption aligncenter\"><img decoding=\"async\" src=\"https:\/\/www.aarquiteta.com.br\/blog\/wp-content\/uploads\/2025\/03\/7a2947025ccd7c914d804606f0c455ef.jpg\" alt=\"Ilumina\u00e7\u00e3o de Alto Padr\u00e3o: Realce a Beleza do Seu Espa\u00e7o\" width=\"1024\" height=\"1024\" title=\"\"><figcaption class=\"wp-caption-text\">Fonte: Pinterest<\/figcaption><\/figure>\n<p>J\u00e1 luzes brancas estimulam a concentra\u00e7\u00e3o, sendo ideais para escrit\u00f3rios e \u00e1reas de estudo.<\/p>\n<h3>Pontos de Luz Estrat\u00e9gicos<\/h3>\n<p>N\u00e3o basta apenas iluminar. <b>\u00c9 preciso posicionar a luz estrategicamente<\/b> para destacar m\u00f3veis, quadros e paredes. Isso valoriza cada detalhe da decora\u00e7\u00e3o.<\/p>\n<p>O ideal \u00e9 combinar diferentes fontes de luz para criar um efeito equilibrado e sofisticado.<\/p>\n<h3>A Ilumina\u00e7\u00e3o na \u00c1rea Externa<\/h3>\n<p>N\u00e3o d\u00e1 pra esquecer do lado de fora. <b>Uma ilumina\u00e7\u00e3o bem planejada no jardim ou varanda<\/b> transforma o espa\u00e7o e o torna mais convidativo.<\/p>\n<p>Espetos de LED no ch\u00e3o, luzes embutidas e pendentes d\u00e3o um toque especial ao ambiente externo.<\/p>\n<p><\/body><\/p>\n","protected":false},"excerpt":{"rendered":"<p>10 Inspira\u00e7\u00f5es para Ilumina\u00e7\u00e3o de Alto Padr\u00e3o<\/p>\n","protected":false},"author":102,"featured_media":147109,"comment_status":"open","ping_status":"","sticky":false,"template":"","format":"standard","meta":{"footnotes":""},"categories":[1484],"tags":[],"class_list":["post-147117","post","type-post","status-publish","format-standard","has-post-thumbnail","category-decoracao"],"_wp_attached_file":null,"_wp_attachment_metadata":null,"_wp_attachment_context":null,"_wp_attachment_is_custom_header":null,"geo_longitude":null,"geo_public":null,"geo_latitude":null,"_publicize_done_external":null,"_wpas_done_3897181":null,"publicize_twitter_user":null,"_wpas_done_3897175":null,"_wpas_skip_3897181":null,"_wpas_skip_3897175":null,"_wpas_skip_3924723":null,"_wpas_mess":null,"_wpas_done_3924723":null,"wps_subtitle":"","_links":{"self":[{"href":"https:\/\/www.aarquiteta.com.br\/blog\/wp-json\/wp\/v2\/posts\/147117","targetHints":{"allow":["GET"]}}],"collection":[{"href":"https:\/\/www.aarquiteta.com.br\/blog\/wp-json\/wp\/v2\/posts"}],"about":[{"href":"https:\/\/www.aarquiteta.com.br\/blog\/wp-json\/wp\/v2\/types\/post"}],"author":[{"embeddable":true,"href":"https:\/\/www.aarquiteta.com.br\/blog\/wp-json\/wp\/v2\/users\/102"}],"replies":[{"embeddable":true,"href":"https:\/\/www.aarquiteta.com.br\/blog\/wp-json\/wp\/v2\/comments?post=147117"}],"version-history":[{"count":0,"href":"https:\/\/www.aarquiteta.com.br\/blog\/wp-json\/wp\/v2\/posts\/147117\/revisions"}],"wp:featuredmedia":[{"embeddable":true,"href":"https:\/\/www.aarquiteta.com.br\/blog\/wp-json\/wp\/v2\/media\/147109"}],"wp:attachment":[{"href":"https:\/\/www.aarquiteta.com.br\/blog\/wp-json\/wp\/v2\/media?parent=147117"}],"wp:term":[{"taxonomy":"category","embeddable":true,"href":"https:\/\/www.aarquiteta.com.br\/blog\/wp-json\/wp\/v2\/categories?post=147117"},{"taxonomy":"post_tag","embeddable":true,"href":"https:\/\/www.aarquiteta.com.br\/blog\/wp-json\/wp\/v2\/tags?post=147117"}],"curies":[{"name":"wp","href":"https:\/\/api.w.org\/{rel}","templated":true}]}}