{"id":147106,"date":"2025-03-15T12:14:54","date_gmt":"2025-03-15T15:14:54","guid":{"rendered":"https:\/\/www.aarquiteta.com.br\/blog\/horta-no-quintal-3\/"},"modified":"2025-03-15T12:14:54","modified_gmt":"2025-03-15T15:14:54","slug":"horta-no-quintal-3","status":"publish","type":"post","link":"https:\/\/www.aarquiteta.com.br\/blog\/horta-no-quintal-3\/","title":{"rendered":"10 Dicas para Cultivar uma Horta no Quintal"},"content":{"rendered":"<p><body><\/p>\n<p><b>Que tal colher seus pr\u00f3prios alimentos sem sair de casa?<\/b> Ter uma <b>horta no quintal<\/b> \u00e9 mais f\u00e1cil do que parece e traz frescor, sabor e sa\u00fade para o seu dia a dia!<\/p>\n<figure style=\"width: 1024px\" class=\"wp-caption aligncenter\"><img decoding=\"async\" src=\"https:\/\/www.aarquiteta.com.br\/blog\/wp-content\/uploads\/2025\/03\/horta-no-quintal01.jpg\" alt=\"Horta no Quintal: Cultive Seus Pr\u00f3prios Alimentos\" width=\"1024\" height=\"1024\" title=\"\"><figcaption class=\"wp-caption-text\">Horta no Quintal: Cultive Seus Pr\u00f3prios Alimentos<\/figcaption><\/figure>\n<h3>Por que ter uma horta no quintal?<\/h3>\n<p>J\u00e1 imaginou colher um <b>tomate fresquinho<\/b> ou um <b>manjeric\u00e3o perfumado<\/b> direto do p\u00e9? Nada supera o sabor e a qualidade dos alimentos colhidos na hora.<\/p>\n<figure style=\"width: 1024px\" class=\"wp-caption aligncenter\"><img decoding=\"async\" src=\"https:\/\/www.aarquiteta.com.br\/blog\/wp-content\/uploads\/2025\/03\/horta-no-quintal02.jpg\" alt=\"Horta no Quintal: Cultive Seus Pr\u00f3prios Alimentos\" width=\"1024\" height=\"1024\" title=\"\"><figcaption class=\"wp-caption-text\">Horta no Quintal: Cultive Seus Pr\u00f3prios Alimentos<\/figcaption><\/figure>\n<p>Al\u00e9m disso, cultivar sua pr\u00f3pria comida traz uma sensa\u00e7\u00e3o de autonomia incr\u00edvel e ainda ajuda na sustentabilidade.<\/p>\n<h3>O que plantar na sua horta caseira?<\/h3>\n<p>Escolher as plantas certas faz toda a diferen\u00e7a! Comece com <b>temperos como alecrim, salsa e manjeric\u00e3o<\/b>, que s\u00e3o f\u00e1ceis de cuidar e muito \u00fateis na cozinha.<\/p>\n<p>Se tiver mais espa\u00e7o, aposte em <b>alface, r\u00facula e cenoura<\/b>, que s\u00e3o \u00f3timos para saladas fresquinhas.<\/p>\n<figure style=\"width: 1024px\" class=\"wp-caption aligncenter\"><img decoding=\"async\" src=\"\" alt=\"Horta no Quintal: Cultive Seus Pr\u00f3prios Alimentos\" width=\"1024\" height=\"1024\" title=\"\"><figcaption class=\"wp-caption-text\">Fonte: Pinterest<\/figcaption><\/figure>\n<h3>Onde montar sua horta no quintal?<\/h3>\n<p>O <b>local certo<\/b> \u00e9 essencial! Escolha um espa\u00e7o que receba pelo menos <b>4 horas de sol<\/b> por dia.<\/p>\n<figure style=\"width: 1024px\" class=\"wp-caption aligncenter\"><img decoding=\"async\" src=\"\" alt=\"Horta no Quintal: Cultive Seus Pr\u00f3prios Alimentos\" width=\"1024\" height=\"1024\" title=\"\"><figcaption class=\"wp-caption-text\">Fonte: Pinterest<\/figcaption><\/figure>\n<p>Se n\u00e3o tiver muito espa\u00e7o, vasos e jardineiras funcionam super bem para uma <b>hortinha vertical<\/b> ou em pequenos canteiros.<\/p>\n<figure style=\"width: 1024px\" class=\"wp-caption aligncenter\"><img decoding=\"async\" src=\"\" alt=\"Horta no Quintal: Cultive Seus Pr\u00f3prios Alimentos\" width=\"1024\" height=\"1024\" title=\"\"><figcaption class=\"wp-caption-text\">Fonte: Pinterest<\/figcaption><\/figure>\n<h3>Como preparar o solo?<\/h3>\n<p>Um <b>solo rico<\/b> \u00e9 o segredo para plantas bonitas e saud\u00e1veis. Misture terra vegetal, h\u00famus de minhoca e areia para garantir uma base f\u00e9rtil.<\/p>\n<figure style=\"width: 1024px\" class=\"wp-caption aligncenter\"><img decoding=\"async\" src=\"\" alt=\"Horta no Quintal: Cultive Seus Pr\u00f3prios Alimentos\" width=\"1024\" height=\"1024\" title=\"\"><figcaption class=\"wp-caption-text\">Fonte: Pinterest<\/figcaption><\/figure>\n<p>Al\u00e9m disso, regue sempre com modera\u00e7\u00e3o e evite encharcar a terra.<\/p>\n<figure style=\"width: 1024px\" class=\"wp-caption aligncenter\"><img decoding=\"async\" src=\"\" alt=\"Horta no Quintal: Cultive Seus Pr\u00f3prios Alimentos\" width=\"1024\" height=\"1024\" title=\"\"><figcaption class=\"wp-caption-text\">Fonte: Pinterest<\/figcaption><\/figure>\n<h3>Cuidados essenciais para sua horta crescer linda<\/h3>\n<p>Regar na medida certa, evitar pragas e adubar regularmente s\u00e3o passos fundamentais.<\/p>\n<figure style=\"width: 1024px\" class=\"wp-caption aligncenter\"><img decoding=\"async\" src=\"\" alt=\"Horta no Quintal: Cultive Seus Pr\u00f3prios Alimentos\" width=\"1024\" height=\"1024\" title=\"\"><figcaption class=\"wp-caption-text\">Fonte: Pinterest<\/figcaption><\/figure>\n<p>Uma dica valiosa: usar casca de ovo triturada e borra de caf\u00e9 no solo ajuda a manter suas plantas <b>fortes e saud\u00e1veis<\/b>.<\/p>\n<h3>Como manter a horta sempre produtiva?<\/h3>\n<p>Colha com frequ\u00eancia para estimular o crescimento.<\/p>\n<p>Al\u00e9m disso, v\u00e1 <b>repondo mudas<\/b> e sementes, garantindo que sua horta esteja sempre cheia de del\u00edcias frescas.<\/p>\n<h3>Erros comuns que podem matar sua horta<\/h3>\n<p>Excesso de \u00e1gua, solos pobres e falta de sol s\u00e3o os inimigos n\u00famero um das plantas.<\/p>\n<p>Fique de olho para evitar que sua horta vire um <b>cemit\u00e9rio de mudinhas<\/b> antes mesmo de crescerem!<\/p>\n<p><\/body><\/p>\n","protected":false},"excerpt":{"rendered":"<p>10 Dicas para Cultivar uma Horta no Quintal<\/p>\n","protected":false},"author":102,"featured_media":147104,"comment_status":"open","ping_status":"","sticky":false,"template":"","format":"standard","meta":{"footnotes":""},"categories":[1484],"tags":[],"class_list":["post-147106","post","type-post","status-publish","format-standard","has-post-thumbnail","category-decoracao"],"_wp_attached_file":null,"_wp_attachment_metadata":null,"_wp_attachment_context":null,"_wp_attachment_is_custom_header":null,"geo_longitude":null,"geo_public":null,"geo_latitude":null,"_publicize_done_external":null,"_wpas_done_3897181":null,"publicize_twitter_user":null,"_wpas_done_3897175":null,"_wpas_skip_3897181":null,"_wpas_skip_3897175":null,"_wpas_skip_3924723":null,"_wpas_mess":null,"_wpas_done_3924723":null,"wps_subtitle":"","_links":{"self":[{"href":"https:\/\/www.aarquiteta.com.br\/blog\/wp-json\/wp\/v2\/posts\/147106","targetHints":{"allow":["GET"]}}],"collection":[{"href":"https:\/\/www.aarquiteta.com.br\/blog\/wp-json\/wp\/v2\/posts"}],"about":[{"href":"https:\/\/www.aarquiteta.com.br\/blog\/wp-json\/wp\/v2\/types\/post"}],"author":[{"embeddable":true,"href":"https:\/\/www.aarquiteta.com.br\/blog\/wp-json\/wp\/v2\/users\/102"}],"replies":[{"embeddable":true,"href":"https:\/\/www.aarquiteta.com.br\/blog\/wp-json\/wp\/v2\/comments?post=147106"}],"version-history":[{"count":0,"href":"https:\/\/www.aarquiteta.com.br\/blog\/wp-json\/wp\/v2\/posts\/147106\/revisions"}],"wp:featuredmedia":[{"embeddable":true,"href":"https:\/\/www.aarquiteta.com.br\/blog\/wp-json\/wp\/v2\/media\/147104"}],"wp:attachment":[{"href":"https:\/\/www.aarquiteta.com.br\/blog\/wp-json\/wp\/v2\/media?parent=147106"}],"wp:term":[{"taxonomy":"category","embeddable":true,"href":"https:\/\/www.aarquiteta.com.br\/blog\/wp-json\/wp\/v2\/categories?post=147106"},{"taxonomy":"post_tag","embeddable":true,"href":"https:\/\/www.aarquiteta.com.br\/blog\/wp-json\/wp\/v2\/tags?post=147106"}],"curies":[{"name":"wp","href":"https:\/\/api.w.org\/{rel}","templated":true}]}}