{"id":147082,"date":"2025-03-15T08:53:23","date_gmt":"2025-03-15T11:53:23","guid":{"rendered":"https:\/\/www.aarquiteta.com.br\/blog\/barba-de-moises-soleirolia-soleirolii-guia-para-cultivo\/"},"modified":"2025-03-15T08:53:23","modified_gmt":"2025-03-15T11:53:23","slug":"barba-de-moises-soleirolia-soleirolii-guia-para-cultivo","status":"publish","type":"post","link":"https:\/\/www.aarquiteta.com.br\/blog\/barba-de-moises-soleirolia-soleirolii-guia-para-cultivo\/","title":{"rendered":"Barba de Mois\u00e9s (Soleirolia Soleirolii): Guia Completo para um Cultivo Exuberante"},"content":{"rendered":"<p>Quem n\u00e3o ama uma planta de dar cr\u00e9dito a qualquer ambiente? A Barba de Mois\u00e9s, ou Soleirolia soleirolii, \u00e9 uma op\u00e7\u00e3o que n\u00e3o decepciona.<\/p>\n<h3>O que \u00e9 a Barba de Mois\u00e9s?<\/h3>\n<figure style=\"width: 1024px\" class=\"wp-caption aligncenter\"><img decoding=\"async\" src=\"https:\/\/www.aarquiteta.com.br\/blog\/wp-content\/uploads\/2025\/03\/barba-de-moises-soleirolia-soleirolii-guia-para-cultivo04.jpg\" alt=\"Barba de Mois\u00e9s (Soleirolia Soleirolii): Guia Completo para um Cultivo Exuberante\" width=\"1024\" height=\"1024\" title=\"\"><figcaption class=\"wp-caption-text\">Barba de Mois\u00e9s (Soleirolia Soleirolii): Guia Completo para um Cultivo Exuberante<\/figcaption><\/figure>\n<p>Essa belezura, tamb\u00e9m conhecida como <b>musgo-irland\u00eas<\/b> ou l\u00e1grima-de-anjo, \u00e9 uma <b>plantinha delicada<\/b> que encanta qualquer canto. Com suas folhas verdinhas e macias, ela d\u00e1 um charme especial.<\/p>\n<h3>Caracter\u00edsticas da Barba de Mois\u00e9s<\/h3>\n<figure style=\"width: 1024px\" class=\"wp-caption aligncenter\"><img decoding=\"async\" src=\"https:\/\/www.aarquiteta.com.br\/blog\/wp-content\/uploads\/2025\/03\/barba-de-moises-soleirolia-soleirolii-guia-para-cultivo03.jpg\" alt=\"Barba de Mois\u00e9s (Soleirolia Soleirolii): Guia Completo para um Cultivo Exuberante\" width=\"1024\" height=\"1024\" title=\"\"><figcaption class=\"wp-caption-text\">Barba de Mois\u00e9s (Soleirolia Soleirolii): Guia Completo para um Cultivo Exuberante<\/figcaption><\/figure>\n<p>A Barba de Mois\u00e9s cresce r\u00e1pido e pode atingir at\u00e9 <b>15 cm<\/b> de altura. Suas folhas, redondinhas e brilhantes, s\u00e3o como pequenos brilho de esmeralda no seu lar.<\/p>\n<h3>Como cultivar a Barba de Mois\u00e9s?<\/h3>\n<figure style=\"width: 1024px\" class=\"wp-caption aligncenter\"><img decoding=\"async\" src=\"https:\/\/www.aarquiteta.com.br\/blog\/wp-content\/uploads\/2025\/03\/barba-de-moises-soleirolia-soleirolii-guia-para-cultivo02.jpg\" alt=\"Barba de Mois\u00e9s (Soleirolia Soleirolii): Guia Completo para um Cultivo Exuberante\" width=\"1024\" height=\"1024\" title=\"\"><figcaption class=\"wp-caption-text\">Barba de Mois\u00e9s (Soleirolia Soleirolii): Guia Completo para um Cultivo Exuberante<\/figcaption><\/figure>\n<p>Agora, se voc\u00ea se perguntou como cultiva-la, fique tranquilo! A planta exige <b>poucos cuidados<\/b> e \u00e9 bem adapt\u00e1vel. Comece escolhendo um substrato leve e bem drenado.<\/p>\n<p>Evitando a \u00e1gua acumulada, voc\u00ea garante que as ra\u00edzes estejam feliz da vida. O <b>ideal<\/b> \u00e9 regar cerca de duas vezes na semana, no calor, e uma no inverno.<\/p>\n<h3>Luz e local ideal<\/h3>\n<figure style=\"width: 1024px\" class=\"wp-caption aligncenter\"><img decoding=\"async\" src=\"https:\/\/www.aarquiteta.com.br\/blog\/wp-content\/uploads\/2025\/03\/barba-de-moises-soleirolia-soleirolii-guia-para-cultivo01.jpg\" alt=\"Barba de Mois\u00e9s (Soleirolia Soleirolii): Guia Completo para um Cultivo Exuberante\" width=\"1024\" height=\"1024\" title=\"\"><figcaption class=\"wp-caption-text\">Barba de Mois\u00e9s (Soleirolia Soleirolii): Guia Completo para um Cultivo Exuberante<\/figcaption><\/figure>\n<p>Coloque sua Barba de Mois\u00e9s em um lugar com <b>meia-sombra<\/b>. Sol forte? Nem pensar! Isso pode queimar as folhas e deixar a plantinha tristinha.<\/p>\n<h3>Aduba\u00e7\u00e3o e nutrientes<\/h3>\n<p>A planta n\u00e3o exige muito de voc\u00ea em termos de aduba\u00e7\u00e3o, mas uma pitadinha de <b>h\u00famus de minhoca<\/b> ou farinha de ossos ajuda bastante. Quem n\u00e3o gosta de um sab\u00e3ozinho carinho?<\/p>\n<h3>Flores da Barba de Mois\u00e9s<\/h3>\n<h3>Assista agora a minha recomenda\u00e7\u00e3o de video abaixo sobre o tema que estamos tratando neste artigo: <\/h3>\n<p><div class=\"youtube-embed\" data-video_id=\"jWDuvUUTe1U\"><iframe title=\"Barba de Mois\u00e9s, de f\u00e1cil cultivo, gosta do sol da manh\u00e3zinha ou s\u00f3 claridade..#plantas\" width=\"696\" height=\"392\" src=\"https:\/\/www.youtube.com\/embed\/jWDuvUUTe1U?feature=oembed&#038;enablejsapi=1\" frameborder=\"0\" allow=\"accelerometer; autoplay; clipboard-write; encrypted-media; gyroscope; picture-in-picture; web-share\" referrerpolicy=\"strict-origin-when-cross-origin\" allowfullscreen><\/iframe><\/div>\n<\/p>\n<p>Embora a Barba de Mois\u00e9s flores\u00e7a durante o ver\u00e3o, suas <b>flores min\u00fasculas<\/b> s\u00e3o discretas e geralmente passam despercebidas. N\u00e3o s\u00e3o as estrelas da festa, mas ainda assim, s\u00e3o importantes para os polinizadores.<\/p>\n<h3>Curiosidades sobre a Barba de Mois\u00e9s<\/h3>\n<p>Essa plantas \u00e9 t\u00e3o adorada que se tornou s\u00edmbolo de sorte! Muitos dizem que trazer uma para casa \u00e9 um sinal de boas energias. E quem n\u00e3o quer ter boa energia circulando?<\/p>\n<h3>Resumindo a beleza da Barba de Mois\u00e9s<\/h3>\n<p>Com suas folhas delicadas e cuidados simples, a Barba de Mois\u00e9s realmente \u00e9 uma <b>maravilha<\/b> no mundo das plantas. Se voc\u00ea est\u00e1 em busca de verde e leveza, ela \u00e9 a escolha perfeita!<\/p>\n","protected":false},"excerpt":{"rendered":"<p>Quem n\u00e3o ama uma planta de dar cr\u00e9dito a qualquer ambiente? A Barba de Mois\u00e9s, ou Soleirolia soleirolii, \u00e9 uma op\u00e7\u00e3o que n\u00e3o decepciona. O que \u00e9 a Barba de Mois\u00e9s? Essa belezura, tamb\u00e9m conhecida como musgo-irland\u00eas ou l\u00e1grima-de-anjo, \u00e9 uma plantinha delicada que encanta qualquer canto. Com suas folhas verdinhas e macias, ela d\u00e1 [&hellip;]<\/p>\n","protected":false},"author":102,"featured_media":147079,"comment_status":"open","ping_status":"","sticky":false,"template":"","format":"standard","meta":{"footnotes":""},"categories":[9612,18792,18794],"tags":[],"class_list":["post-147082","post","type-post","status-publish","format-standard","has-post-thumbnail","category-jardinagem","category-decoracao-de-apartamento","category-projetos-de-decoracao-de-casas"],"_wp_attached_file":null,"_wp_attachment_metadata":null,"_wp_attachment_context":null,"_wp_attachment_is_custom_header":null,"geo_longitude":null,"geo_public":null,"geo_latitude":null,"_publicize_done_external":null,"_wpas_done_3897181":null,"publicize_twitter_user":null,"_wpas_done_3897175":null,"_wpas_skip_3897181":null,"_wpas_skip_3897175":null,"_wpas_skip_3924723":null,"_wpas_mess":null,"_wpas_done_3924723":null,"wps_subtitle":"","_links":{"self":[{"href":"https:\/\/www.aarquiteta.com.br\/blog\/wp-json\/wp\/v2\/posts\/147082","targetHints":{"allow":["GET"]}}],"collection":[{"href":"https:\/\/www.aarquiteta.com.br\/blog\/wp-json\/wp\/v2\/posts"}],"about":[{"href":"https:\/\/www.aarquiteta.com.br\/blog\/wp-json\/wp\/v2\/types\/post"}],"author":[{"embeddable":true,"href":"https:\/\/www.aarquiteta.com.br\/blog\/wp-json\/wp\/v2\/users\/102"}],"replies":[{"embeddable":true,"href":"https:\/\/www.aarquiteta.com.br\/blog\/wp-json\/wp\/v2\/comments?post=147082"}],"version-history":[{"count":0,"href":"https:\/\/www.aarquiteta.com.br\/blog\/wp-json\/wp\/v2\/posts\/147082\/revisions"}],"wp:featuredmedia":[{"embeddable":true,"href":"https:\/\/www.aarquiteta.com.br\/blog\/wp-json\/wp\/v2\/media\/147079"}],"wp:attachment":[{"href":"https:\/\/www.aarquiteta.com.br\/blog\/wp-json\/wp\/v2\/media?parent=147082"}],"wp:term":[{"taxonomy":"category","embeddable":true,"href":"https:\/\/www.aarquiteta.com.br\/blog\/wp-json\/wp\/v2\/categories?post=147082"},{"taxonomy":"post_tag","embeddable":true,"href":"https:\/\/www.aarquiteta.com.br\/blog\/wp-json\/wp\/v2\/tags?post=147082"}],"curies":[{"name":"wp","href":"https:\/\/api.w.org\/{rel}","templated":true}]}}