{"id":147041,"date":"2025-03-14T19:56:10","date_gmt":"2025-03-14T22:56:10","guid":{"rendered":"https:\/\/www.aarquiteta.com.br\/blog\/parede-de-gesso-drywall\/"},"modified":"2025-03-14T19:56:10","modified_gmt":"2025-03-14T22:56:10","slug":"parede-de-gesso-drywall","status":"publish","type":"post","link":"https:\/\/www.aarquiteta.com.br\/blog\/parede-de-gesso-drywall\/","title":{"rendered":"Descubra como o drywall pode transformar sua obra com agilidade e estilo!"},"content":{"rendered":"<p>Voc\u00ea sabia que o drywall pode ser a solu\u00e7\u00e3o para transformar sua obra com rapidez e estilo? Descubra como!<\/p>\n<h3>O que \u00e9 drywall?<\/h3>\n<figure style=\"width: 1024px\" class=\"wp-caption aligncenter\"><img decoding=\"async\" src=\"https:\/\/www.aarquiteta.com.br\/blog\/wp-content\/uploads\/2025\/03\/parede-de-gesso-drywall01.jpg\" alt=\"Descubra como o drywall pode transformar sua obra com agilidade e estilo!\" width=\"1024\" height=\"1024\" title=\"\"><figcaption class=\"wp-caption-text\">Descubra como o drywall pode transformar sua obra com agilidade e estilo!<\/figcaption><\/figure>\n<p>O <b>drywall<\/b>, tamb\u00e9m chamado de gesso acartonado, \u00e9 uma solu\u00e7\u00e3o incr\u00edvel e moderna para construir paredes e divis\u00f3rias. Essa t\u00e9cnica de constru\u00e7\u00e3o a seco, que usa placas de gesso, \u00e9 super vers\u00e1til. Al\u00e9m de criar paredes, posso us\u00e1-lo para isolar o som ou montar m\u00f3veis embutidos. Quer mais agilidade e menos bagun\u00e7a na sua obra? O drywall \u00e9 a resposta!<\/p>\n<h3>Vantagens do drywall<\/h3>\n<figure style=\"width: 1024px\" class=\"wp-caption aligncenter\"><img decoding=\"async\" src=\"https:\/\/www.aarquiteta.com.br\/blog\/wp-content\/uploads\/2025\/03\/drywall-1-961x1200.jpg\" alt=\"Nicho feito com chapa de drywall\" title=\"\"><figcaption class=\"wp-caption-text\">Nicho feito com chapa de drywall<\/figcaption><\/figure>\n<p>Entre as principais <b>vantagens<\/b> do drywall, a rapidez na instala\u00e7\u00e3o e a limpeza s\u00e3o as mais not\u00e1veis. Sem falar que a estrutura \u00e9 leve e em muitos casos, bem mais barata que a alvenaria! E para quem se preocupa com o meio ambiente, seus componentes s\u00e3o recicl\u00e1veis. Fant\u00e1stico, n\u00e9?<\/p>\n<h3>Tipos de drywall<\/h3>\n<figure style=\"width: 1024px\" class=\"wp-caption aligncenter\"><img decoding=\"async\" src=\"https:\/\/www.aarquiteta.com.br\/blog\/wp-content\/uploads\/2025\/03\/drywall-101.jpg\" alt=\"Foto de drywall 101 - 1\" title=\"\"><figcaption class=\"wp-caption-text\">Foto de drywall 101 &#8211; 1<\/figcaption><\/figure>\n<p>Existem diferentes <b>tipos de drywall<\/b> para cada necessidade: placas resistentes \u00e0 umidade, placas ac\u00fasticas e aquelas para \u00e1reas que precisam de resist\u00eancia ao fogo. Assim, posso escolher o ideal para cada ambiente da minha casa. Quanta versatilidade!<\/p>\n<h3>Como instalar drywall<\/h3>\n<figure style=\"width: 1024px\" class=\"wp-caption aligncenter\"><img decoding=\"async\" src=\"https:\/\/www.aarquiteta.com.br\/blog\/wp-content\/uploads\/2025\/03\/parede-de-gesso-drywall02.jpg\" alt=\"Descubra como o drywall pode transformar sua obra com agilidade e estilo!\" width=\"1024\" height=\"1024\" title=\"\"><figcaption class=\"wp-caption-text\">Descubra como o drywall pode transformar sua obra com agilidade e estilo!<\/figcaption><\/figure>\n<p>Instalar o drywall pode ser um verdadeiro <b>passeio no parque<\/b>! Come\u00e7o marcando os locais onde as guias v\u00e3o ficar e, em seguida, corto e fixo as placas. Simples assim! Claro, \u00e9 sempre bom contar com a ajuda de um profissional para garantir a qualidade do trabalho.<\/p>\n<h3>Decora\u00e7\u00f5es incr\u00edveis com drywall<\/h3>\n<figure style=\"width: 1024px\" class=\"wp-caption aligncenter\"><img decoding=\"async\" src=\"https:\/\/www.aarquiteta.com.br\/blog\/wp-content\/uploads\/2025\/03\/parede-de-gesso-drywall-00.png\" alt=\"Foto de parede de gesso drywall 00 - 2\" title=\"\"><figcaption class=\"wp-caption-text\">Foto de parede de gesso drywall 00 &#8211; 2<\/figcaption><\/figure>\n<p>Com o <b>drywall<\/b>, posso criar decora\u00e7\u00f5es incr\u00edveis! J\u00e1 pensou em um painel de TV estiloso, nichos para suas plantas ou at\u00e9 mesmo uma sala de cinema na sua casa? \u00c9 a oportunidade perfeita de personalizar cada cantinho do seu lar!<\/p>\n<h3>Desvantagens do drywall<\/h3>\n<figure style=\"width: 1024px\" class=\"wp-caption aligncenter\"><img decoding=\"async\" src=\"https:\/\/www.aarquiteta.com.br\/blog\/wp-content\/uploads\/2025\/03\/parede-de-gesso-drywall03.jpg\" alt=\"Descubra como o drywall pode transformar sua obra com agilidade e estilo!\" width=\"1024\" height=\"1024\" title=\"\"><figcaption class=\"wp-caption-text\">Descubra como o drywall pode transformar sua obra com agilidade e estilo!<\/figcaption><\/figure>\n<p>Por\u00e9m, como tudo na vida, o drywall tem suas <b>desvantagens<\/b>. \u00c9 importante saber que, apesar de resistente, ele pode n\u00e3o suportar muito peso sem refor\u00e7os. Al\u00e9m disso, em \u00e1reas com alta umidade, \u00e9 necess\u00e1rio considerar o uso de placas adequadas para evitar problemas. Fique atento!<\/p>\n<h3>Est\u00e1 pronto para usar drywall?<\/h3>\n<figure style=\"width: 1024px\" class=\"wp-caption aligncenter\"><img decoding=\"async\" src=\"https:\/\/www.aarquiteta.com.br\/blog\/wp-content\/uploads\/2025\/03\/drywall-102.jpg\" alt=\"Foto de drywall 102 - 3\" title=\"\"><figcaption class=\"wp-caption-text\">Foto de drywall 102 &#8211; 3<\/figcaption><\/figure>\n<p>Agora que voc\u00ea conhece tudo sobre o <b>drywall<\/b>, que tal considerar essa op\u00e7\u00e3o? Ele pode dar um novo visual para sua casa de maneira pr\u00e1tica e r\u00e1pida. Venha descobrir as possibilidades que o drywall traz para transformar seu espa\u00e7o!<\/p>\n<h3>Resumo<\/h3>\n<figure style=\"width: 1024px\" class=\"wp-caption aligncenter\"><img decoding=\"async\" src=\"https:\/\/www.aarquiteta.com.br\/blog\/wp-content\/uploads\/2025\/03\/parede-de-gesso-drywall4.jpg\" alt=\"Descubra como o drywall pode transformar sua obra com agilidade e estilo!\" width=\"1024\" height=\"1024\" title=\"\"><figcaption class=\"wp-caption-text\">Descubra como o drywall pode transformar sua obra com agilidade e estilo!<\/figcaption><\/figure>\n<p>O drywall \u00e9 uma solu\u00e7\u00e3o moderna que proporciona agilidade e estilo \u00e0 sua obra. Com suas variadas aplica\u00e7\u00f5es e vantagens, \u00e9 ideal para quem busca personaliza\u00e7\u00e3o e praticidade. Explore essa op\u00e7\u00e3o e transforme sua casa!<\/p>\n<figure style=\"width: 1024px\" class=\"wp-caption aligncenter\"><img decoding=\"async\" src=\"https:\/\/www.aarquiteta.com.br\/blog\/wp-content\/uploads\/2025\/03\/drywall-103.jpg\" alt=\"Foto de drywall 103 - 4\" title=\"\"><figcaption class=\"wp-caption-text\">Foto de drywall 103 &#8211; 4<\/figcaption><\/figure>\n<p><iframe title=\"YouTube video player\" src=\"https:\/\/www.youtube.com\/embed\/VrkKLkiB4eY\" width=\"560\" height=\"315\" frameborder=\"0\" allowfullscreen=\"allowfullscreen\"><\/iframe><\/p>\n<figure style=\"width: 1024px\" class=\"wp-caption aligncenter\"><img decoding=\"async\" src=\"https:\/\/www.aarquiteta.com.br\/blog\/wp-content\/uploads\/2025\/03\/drywall-2-974x1200.jpg\" alt=\"O drywall permite embutir perfis de LED para ilumina\u00e7\u00e3o\" title=\"\"><figcaption class=\"wp-caption-text\">O drywall permite embutir perfis de LED para ilumina\u00e7\u00e3o<\/figcaption><\/figure>\n","protected":false},"excerpt":{"rendered":"<p>Saiba tudo sobre drywall: vantagens, tipos, instala\u00e7\u00e3o e como ele transforma o espa\u00e7o de sua casa.<\/p>\n","protected":false},"author":102,"featured_media":147032,"comment_status":"open","ping_status":"","sticky":false,"template":"","format":"standard","meta":{"footnotes":""},"categories":[1507,249],"tags":[],"class_list":["post-147041","post","type-post","status-publish","format-standard","has-post-thumbnail","category-arquitetura","category-engenharia-e-construcao-civil"],"_wp_attached_file":null,"_wp_attachment_metadata":null,"_wp_attachment_context":null,"_wp_attachment_is_custom_header":null,"geo_longitude":null,"geo_public":null,"geo_latitude":null,"_publicize_done_external":null,"_wpas_done_3897181":null,"publicize_twitter_user":null,"_wpas_done_3897175":null,"_wpas_skip_3897181":null,"_wpas_skip_3897175":null,"_wpas_skip_3924723":null,"_wpas_mess":null,"_wpas_done_3924723":null,"wps_subtitle":"","_links":{"self":[{"href":"https:\/\/www.aarquiteta.com.br\/blog\/wp-json\/wp\/v2\/posts\/147041","targetHints":{"allow":["GET"]}}],"collection":[{"href":"https:\/\/www.aarquiteta.com.br\/blog\/wp-json\/wp\/v2\/posts"}],"about":[{"href":"https:\/\/www.aarquiteta.com.br\/blog\/wp-json\/wp\/v2\/types\/post"}],"author":[{"embeddable":true,"href":"https:\/\/www.aarquiteta.com.br\/blog\/wp-json\/wp\/v2\/users\/102"}],"replies":[{"embeddable":true,"href":"https:\/\/www.aarquiteta.com.br\/blog\/wp-json\/wp\/v2\/comments?post=147041"}],"version-history":[{"count":0,"href":"https:\/\/www.aarquiteta.com.br\/blog\/wp-json\/wp\/v2\/posts\/147041\/revisions"}],"wp:featuredmedia":[{"embeddable":true,"href":"https:\/\/www.aarquiteta.com.br\/blog\/wp-json\/wp\/v2\/media\/147032"}],"wp:attachment":[{"href":"https:\/\/www.aarquiteta.com.br\/blog\/wp-json\/wp\/v2\/media?parent=147041"}],"wp:term":[{"taxonomy":"category","embeddable":true,"href":"https:\/\/www.aarquiteta.com.br\/blog\/wp-json\/wp\/v2\/categories?post=147041"},{"taxonomy":"post_tag","embeddable":true,"href":"https:\/\/www.aarquiteta.com.br\/blog\/wp-json\/wp\/v2\/tags?post=147041"}],"curies":[{"name":"wp","href":"https:\/\/api.w.org\/{rel}","templated":true}]}}