{"id":147013,"date":"2025-03-14T19:17:34","date_gmt":"2025-03-14T22:17:34","guid":{"rendered":"https:\/\/www.aarquiteta.com.br\/blog\/nichos-de-madeira\/"},"modified":"2025-03-15T11:12:54","modified_gmt":"2025-03-15T14:12:54","slug":"nichos-de-madeira","status":"publish","type":"post","link":"https:\/\/www.aarquiteta.com.br\/blog\/nichos-de-madeira\/","title":{"rendered":"Descubra 10 Ideias Incr\u00edveis de Nichos de Madeira para Organizar com Estilo!"},"content":{"rendered":"<p>Voc\u00ea sabia que <b>nichos de madeira<\/b> podem ser a solu\u00e7\u00e3o perfeita para organizar sua casa com estilo? Vamos explorar ideias incr\u00edveis!<\/p>\n<h3>Atraindo Olhares: Nichos de Madeira no Quarto<\/h3>\n<figure style=\"width: 1024px\" class=\"wp-caption aligncenter\"><img decoding=\"async\" src=\"https:\/\/www.aarquiteta.com.br\/blog\/wp-content\/uploads\/2025\/03\/nichos-de-madeira-2-730x912.jpg\" alt=\"Nichos em formato de mesa de cabeceira em um quarto.\" title=\"\"><figcaption class=\"wp-caption-text\">Nichos em formato de mesa de cabeceira em um quarto.<\/figcaption><\/figure>\n<p>J\u00e1 pensou em como os nichos podem <b>transformar seu quarto<\/b>? Eles n\u00e3o s\u00f3 ajudam na organiza\u00e7\u00e3o, mas tamb\u00e9m decoram de forma \u00fanica!<\/p>\n<p>Voc\u00ea pode usar <b>nichos criativos<\/b> como mesas de cabeceira, otimizando espa\u00e7o e dando um toque moderno ao seu ambiente. Que tal?<\/p>\n<h3>Encanto no Quarto de Beb\u00ea: Praticidade e Estilo<\/h3>\n<figure style=\"width: 1024px\" class=\"wp-caption aligncenter\"><img decoding=\"async\" src=\"https:\/\/www.aarquiteta.com.br\/blog\/wp-content\/uploads\/2025\/03\/nichos-de-madeira01.jpg\" alt=\"Nichos de Madeira: 70 Ideias e Tutoriais para Organizar com Estilo\" width=\"1024\" height=\"1024\" title=\"\"><figcaption class=\"wp-caption-text\">Nichos de Madeira: 70 Ideias e Tutoriais para Organizar com Estilo<\/figcaption><\/figure>\n<p>No quartinho do seu beb\u00ea, os nichos de <b>formatos l\u00fadicos<\/b> s\u00e3o perfeitos! Eles mant\u00eam tudo em ordem e ainda trazem charme ao espa\u00e7o.<\/p>\n<p>Imagine um nicho em formato de casinha para guardar pel\u00facias. <b>Uma fofura!<\/b><\/p>\n<h3>Cozinha Estilosa: Nichos em A\u00e7\u00e3o<\/h3>\n<figure style=\"width: 1024px\" class=\"wp-caption aligncenter\"><img decoding=\"async\" src=\"https:\/\/www.aarquiteta.com.br\/blog\/wp-content\/uploads\/2025\/03\/nichos-de-madeira-71.jpg\" alt=\"Nichos de madeira com design moderno em um ambiente decorativo.\" title=\"\"><figcaption class=\"wp-caption-text\">Nichos de madeira com design moderno em um ambiente decorativo.<\/figcaption><\/figure>\n<p>Na cozinha, os nichos fazem milagres! Eles s\u00e3o <b>grandes aliados<\/b> para armazenar utens\u00edlios e deixar sua cozinha organizada e linda.<\/p>\n<p>Cabe ali at\u00e9 aquele <b>livro de receitas<\/b> especial. Pr\u00e1tico e cheio de estilo, n\u00e3o \u00e9?<\/p>\n<h3>Hall de Entrada: Primeiro Impacto<\/h3>\n<figure style=\"width: 1024px\" class=\"wp-caption aligncenter\"><img decoding=\"async\" src=\"https:\/\/www.aarquiteta.com.br\/blog\/wp-content\/uploads\/2025\/03\/nichos-de-madeira02.jpg\" alt=\"Nichos de Madeira: 70 Ideias e Tutoriais para Organizar com Estilo\" width=\"1024\" height=\"1024\" title=\"\"><figcaption class=\"wp-caption-text\">Nichos de Madeira: 70 Ideias e Tutoriais para Organizar com Estilo<\/figcaption><\/figure>\n<p>Os nichos de madeira na entrada s\u00e3o como um <b>cart\u00e3o de visita<\/b> da sua casa. Eles podem exibir fotos ou pequenos enfeites que refletem sua personalidade.<\/p>\n<h3>Banheiro Charmoso: Espace e Estilo<\/h3>\n<figure style=\"width: 1024px\" class=\"wp-caption aligncenter\"><img decoding=\"async\" src=\"https:\/\/www.aarquiteta.com.br\/blog\/wp-content\/uploads\/2025\/03\/nicho-hexagonal-00-286x160.png\" alt=\"Nicho hexagonal em uma composi\u00e7\u00e3o criativa.\" title=\"\"><figcaption class=\"wp-caption-text\">Nicho hexagonal em uma composi\u00e7\u00e3o criativa.<\/figcaption><\/figure>\n<p>Quer um banheiro organizado? Nichos s\u00e3o a solu\u00e7\u00e3o! Eles economizam espa\u00e7o e ainda d\u00e3o um toque charmoso. <b>Uma combina\u00e7\u00e3o espetacular!<\/b><\/p>\n<h3>A Magia dos Livros: Nichos para a Biblioteca<\/h3>\n<figure style=\"width: 1024px\" class=\"wp-caption aligncenter\"><img decoding=\"async\" src=\"https:\/\/www.aarquiteta.com.br\/blog\/wp-content\/uploads\/2025\/03\/nichos-de-madeira03.jpg\" alt=\"Nichos de Madeira: 70 Ideias e Tutoriais para Organizar com Estilo\" width=\"1024\" height=\"1024\" title=\"\"><figcaption class=\"wp-caption-text\">Nichos de Madeira: 70 Ideias e Tutoriais para Organizar com Estilo<\/figcaption><\/figure>\n<p>Se voc\u00ea ama ler, que tal usar nichos para expor seus livros favoritos? <b>O estilo e a praticidade caminham juntos!<\/b><\/p>\n<h3>Nichos Redondos: Um Toque Diferente<\/h3>\n<figure style=\"width: 1024px\" class=\"wp-caption aligncenter\"><img decoding=\"async\" src=\"https:\/\/www.aarquiteta.com.br\/blog\/wp-content\/uploads\/2025\/03\/nichos-para-quarto-00-286x160.jpg\" alt=\"Nichos decorativos para quarto com estilo.\" title=\"\"><figcaption class=\"wp-caption-text\">Nichos decorativos para quarto com estilo.<\/figcaption><\/figure>\n<p>Os nichos redondos trazem um ar l\u00fadico para o ambiente. Eles s\u00e3o perfeitos para quartos infantis, dando vida e organiza\u00e7\u00e3o ao espa\u00e7o. <b>Uma pe\u00e7a cheia de encanto!<\/b><\/p>\n<h3>DIY: Fa\u00e7a Voc\u00ea Mesmo Seus Nichos<\/h3>\n<figure style=\"width: 1024px\" class=\"wp-caption aligncenter\"><img decoding=\"async\" src=\"https:\/\/www.aarquiteta.com.br\/blog\/wp-content\/uploads\/2025\/03\/nichos-de-madeira4.jpg\" alt=\"Nichos de Madeira: 70 Ideias e Tutoriais para Organizar com Estilo\" width=\"1024\" height=\"1024\" title=\"\"><figcaption class=\"wp-caption-text\">Nichos de Madeira: 70 Ideias e Tutoriais para Organizar com Estilo<\/figcaption><\/figure>\n<p>Quer aprender a fazer seus pr\u00f3prios nichos? Com algumas t\u00e1buas de madeira, voc\u00ea pode criar pe\u00e7as \u00fanicas e personalizadas. <b>Um projeto divertido!<\/b><\/p>\n<p>Com todas essas ideias, fica claro que os <b>nichos de madeira<\/b> s\u00e3o vers\u00e1teis e funcionais. Eles ajudam a organizar com estilo e ainda d\u00e3o um charme a mais na decora\u00e7\u00e3o. Aproveite essa nossa conversa e coloque m\u00e3os ao <b>trabalho<\/b>!<\/p>\n<figure style=\"width: 1024px\" class=\"wp-caption aligncenter\"><img decoding=\"async\" src=\"https:\/\/www.aarquiteta.com.br\/blog\/wp-content\/uploads\/2025\/03\/prateleira-de-madeira-00-286x160.jpg\" alt=\"Prateleira de madeira em um ambiente acolhedor.\" title=\"\"><figcaption class=\"wp-caption-text\">Prateleira de madeira em um ambiente acolhedor.<\/figcaption><\/figure>\n<h3>Para se aprofundar mais sobre o tema, veja a minha recomenda\u00e7\u00e3o sobre o tema deste artigo no v\u00eddeo a seguir abaixo:<\/h3>\n<p><iframe title=\"YouTube video player\" src=\"https:\/\/www.youtube.com\/embed\/bMMue6lDXqI\" width=\"560\" height=\"315\" frameborder=\"0\" allowfullscreen=\"allowfullscreen\"><\/iframe><\/p>\n<figure style=\"width: 1024px\" class=\"wp-caption aligncenter\"><img decoding=\"async\" src=\"https:\/\/www.aarquiteta.com.br\/blog\/wp-content\/uploads\/2025\/03\/nichos-de-madeira-1-730x918.jpg\" alt=\"Nichos de madeira organizados e pr\u00e1ticos.\" title=\"\"><figcaption class=\"wp-caption-text\">Nichos de madeira organizados e pr\u00e1ticos.<\/figcaption><\/figure>\n","protected":false},"excerpt":{"rendered":"<p>Descubra 70 ideias e tutoriais criativos para nichos de madeira que v\u00e3o transformar sua decora\u00e7\u00e3o e ajudar na organiza\u00e7\u00e3o da sua casa.<\/p>\n","protected":false},"author":102,"featured_media":147006,"comment_status":"open","ping_status":"closed","sticky":false,"template":"","format":"standard","meta":{"footnotes":""},"categories":[1484],"tags":[],"class_list":["post-147013","post","type-post","status-publish","format-standard","has-post-thumbnail","category-decoracao"],"_wp_attached_file":null,"_wp_attachment_metadata":null,"_wp_attachment_context":null,"_wp_attachment_is_custom_header":null,"geo_longitude":null,"geo_public":null,"geo_latitude":null,"_publicize_done_external":null,"_wpas_done_3897181":null,"publicize_twitter_user":null,"_wpas_done_3897175":null,"_wpas_skip_3897181":null,"_wpas_skip_3897175":null,"_wpas_skip_3924723":null,"_wpas_mess":null,"_wpas_done_3924723":null,"wps_subtitle":"","_links":{"self":[{"href":"https:\/\/www.aarquiteta.com.br\/blog\/wp-json\/wp\/v2\/posts\/147013","targetHints":{"allow":["GET"]}}],"collection":[{"href":"https:\/\/www.aarquiteta.com.br\/blog\/wp-json\/wp\/v2\/posts"}],"about":[{"href":"https:\/\/www.aarquiteta.com.br\/blog\/wp-json\/wp\/v2\/types\/post"}],"author":[{"embeddable":true,"href":"https:\/\/www.aarquiteta.com.br\/blog\/wp-json\/wp\/v2\/users\/102"}],"replies":[{"embeddable":true,"href":"https:\/\/www.aarquiteta.com.br\/blog\/wp-json\/wp\/v2\/comments?post=147013"}],"version-history":[{"count":0,"href":"https:\/\/www.aarquiteta.com.br\/blog\/wp-json\/wp\/v2\/posts\/147013\/revisions"}],"wp:featuredmedia":[{"embeddable":true,"href":"https:\/\/www.aarquiteta.com.br\/blog\/wp-json\/wp\/v2\/media\/147006"}],"wp:attachment":[{"href":"https:\/\/www.aarquiteta.com.br\/blog\/wp-json\/wp\/v2\/media?parent=147013"}],"wp:term":[{"taxonomy":"category","embeddable":true,"href":"https:\/\/www.aarquiteta.com.br\/blog\/wp-json\/wp\/v2\/categories?post=147013"},{"taxonomy":"post_tag","embeddable":true,"href":"https:\/\/www.aarquiteta.com.br\/blog\/wp-json\/wp\/v2\/tags?post=147013"}],"curies":[{"name":"wp","href":"https:\/\/api.w.org\/{rel}","templated":true}]}}