{"id":146979,"date":"2025-03-14T13:03:13","date_gmt":"2025-03-14T16:03:13","guid":{"rendered":"https:\/\/www.aarquiteta.com.br\/blog\/jardim-interior\/"},"modified":"2025-03-14T13:03:13","modified_gmt":"2025-03-14T16:03:13","slug":"jardim-interior","status":"publish","type":"post","link":"https:\/\/www.aarquiteta.com.br\/blog\/jardim-interior\/","title":{"rendered":"5 Dicas para Transformar Seu Espa\u00e7o em um Jardim Interior"},"content":{"rendered":"<p><body><\/p>\n<p><b>Voc\u00ea j\u00e1 pensou que um jardim interior pode transformar sua casa em um verdadeiro ref\u00fagio verde?<\/b> Com as plantas certas e um toque de criatividade, qualquer espa\u00e7o interno ganha mais vida, frescor e aconchego.<\/p>\n<figure style=\"width: 1024px\" class=\"wp-caption aligncenter\"><img decoding=\"async\" src=\"https:\/\/www.aarquiteta.com.br\/blog\/wp-content\/uploads\/2025\/03\/jardim-interior01.jpg\" alt=\"Jardim Interior: Crie um Ref\u00fagio Verde em Casa\" width=\"1024\" height=\"1024\" title=\"\"><figcaption class=\"wp-caption-text\">Jardim Interior: Crie um Ref\u00fagio Verde em Casa<\/figcaption><\/figure>\n<h3>Escolhendo o melhor local para seu jardim interior<\/h3>\n<p>O primeiro passo para ter um <b>jardim interior incr\u00edvel<\/b> \u00e9 definir onde ele ficar\u00e1. Pode ser na sala, na varanda ou at\u00e9 no banheiro!<\/p>\n<figure style=\"width: 1024px\" class=\"wp-caption aligncenter\"><img decoding=\"async\" src=\"https:\/\/www.aarquiteta.com.br\/blog\/wp-content\/uploads\/2025\/03\/jardim-interior02.jpg\" alt=\"Jardim Interior: Crie um Ref\u00fagio Verde em Casa\" width=\"1024\" height=\"1024\" title=\"\"><figcaption class=\"wp-caption-text\">Jardim Interior: Crie um Ref\u00fagio Verde em Casa<\/figcaption><\/figure>\n<p>O importante \u00e9 que o local receba <b>boa ilumina\u00e7\u00e3o natural<\/b> e tenha espa\u00e7o suficiente para as plantas crescerem saud\u00e1veis e felizes.<\/p>\n<h3>As melhores plantas para ambientes internos<\/h3>\n<p>Nem todas as plantas se d\u00e3o bem dentro de casa. Mas existem algumas que s\u00e3o verdadeiros camale\u00f5es da natureza!<\/p>\n<p>Espadas-de-s\u00e3o-jorge, samambaias, jiboias e zamioculcas s\u00e3o perfeitas para um <b>jardim interior cheio de vida<\/b> e sem muito trabalho.<\/p>\n<figure style=\"width: 1024px\" class=\"wp-caption aligncenter\"><img decoding=\"async\" src=\"https:\/\/www.aarquiteta.com.br\/blog\/wp-content\/uploads\/2025\/03\/327cce8277a8cd9628a7868584e19d7b-800x1200.jpg\" alt=\"Jardim Interior: Crie um Ref\u00fagio Verde em Casa\" width=\"1024\" height=\"1024\" title=\"\"><figcaption class=\"wp-caption-text\">Fonte: Pinterest<\/figcaption><\/figure>\n<h3>Como cuidar do seu jardim interior<\/h3>\n<p>Cuidar de um <b>ref\u00fagio verde<\/b> n\u00e3o precisa ser complicado. Basta regar com modera\u00e7\u00e3o, garantir ilumina\u00e7\u00e3o adequada e limpar as folhas de tempos em tempos.<\/p>\n<figure style=\"width: 1024px\" class=\"wp-caption aligncenter\"><img decoding=\"async\" src=\"https:\/\/www.aarquiteta.com.br\/blog\/wp-content\/uploads\/2025\/03\/c09fa5bd106d327ad83d5996f02f4d47.jpg\" alt=\"Jardim Interior: Crie um Ref\u00fagio Verde em Casa\" width=\"1024\" height=\"1024\" title=\"\"><figcaption class=\"wp-caption-text\">Fonte: Pinterest<\/figcaption><\/figure>\n<p>Ah, e nada de exagerar na \u00e1gua! Muitas plantas preferem um solo levemente seco do que ficarem &#8220;afogadas&#8221;.<\/p>\n<figure style=\"width: 1024px\" class=\"wp-caption aligncenter\"><img decoding=\"async\" src=\"https:\/\/www.aarquiteta.com.br\/blog\/wp-content\/uploads\/2025\/03\/f69791b006c92a270815a78efc9a7636.jpg\" alt=\"Jardim Interior: Crie um Ref\u00fagio Verde em Casa\" width=\"1024\" height=\"1024\" title=\"\"><figcaption class=\"wp-caption-text\">Fonte: Pinterest<\/figcaption><\/figure>\n<h3>Elementos decorativos que fazem a diferen\u00e7a<\/h3>\n<p>Al\u00e9m das plantas, adicionar pedras, vasos estilosos e pequenas fontes de \u00e1gua pode deixar seu <b>jardim interior ainda mais encantador<\/b>.<\/p>\n<figure style=\"width: 1024px\" class=\"wp-caption aligncenter\"><img decoding=\"async\" src=\"https:\/\/www.aarquiteta.com.br\/blog\/wp-content\/uploads\/2025\/03\/49c9cde12761c7d9ae5766521b1fd414-800x1200.jpg\" alt=\"Jardim Interior: Crie um Ref\u00fagio Verde em Casa\" width=\"1024\" height=\"1024\" title=\"\"><figcaption class=\"wp-caption-text\">Fonte: Pinterest<\/figcaption><\/figure>\n<p>Detalhes como suportes suspensos ou prateleiras de madeira criam um visual moderno e sofisticado, sem precisar gastar muito.<\/p>\n<figure style=\"width: 1024px\" class=\"wp-caption aligncenter\"><img decoding=\"async\" src=\"https:\/\/www.aarquiteta.com.br\/blog\/wp-content\/uploads\/2025\/03\/6731c224df909e59b82af38bd9985252-800x1200.jpg\" alt=\"Jardim Interior: Crie um Ref\u00fagio Verde em Casa\" width=\"1024\" height=\"1024\" title=\"\"><figcaption class=\"wp-caption-text\">Fonte: Pinterest<\/figcaption><\/figure>\n<h3>O poder do verde na sua qualidade de vida<\/h3>\n<p>Um <b>espa\u00e7o verde em casa<\/b> melhora o humor, purifica o ar e at\u00e9 reduz o estresse do dia a dia.<\/p>\n<figure style=\"width: 1024px\" class=\"wp-caption aligncenter\"><img decoding=\"async\" src=\"https:\/\/www.aarquiteta.com.br\/blog\/wp-content\/uploads\/2025\/03\/aeae209975b6bf0cee2f72759007f245.jpg\" alt=\"Jardim Interior: Crie um Ref\u00fagio Verde em Casa\" width=\"1024\" height=\"1024\" title=\"\"><figcaption class=\"wp-caption-text\">Fonte: Pinterest<\/figcaption><\/figure>\n<p>Com um <b>jardim interior bem cuidado<\/b>, seu lar se transforma em um o\u00e1sis particular, trazendo aquela sensa\u00e7\u00e3o maravilhosa de bem-estar.<\/p>\n<h3>Dicas r\u00e1pidas para iniciantes<\/h3>\n<ul>\n<li>Comece com poucas plantas f\u00e1ceis de cuidar.<\/li>\n<li>Observe a resposta das plantas \u00e0 luz e \u00e0 rega.<\/li>\n<li>Teste diferentes vasos e suportes at\u00e9 encontrar o estilo ideal.<\/li>\n<li>Aprecie o processo! Cuidar de um <b>jardim interior<\/b> \u00e9 terap\u00eautico.<\/li>\n<\/ul>\n<h3>Transformando pequenos espa\u00e7os em grandes ref\u00fagios<\/h3>\n<p>Nem toda casa tem espa\u00e7o para um jardim grande, mas, com criatividade, qualquer cantinho pode virar um <b>ref\u00fagio verde<\/b>.<\/p>\n<p>Pendure plantas, use prateleiras e aposte em vasos compactos para maximizar o ambiente sem comprometer a decora\u00e7\u00e3o.<\/p>\n<h3>Seu jardim interior, seu estilo<\/h3>\n<p>O mais importante \u00e9 que seu <b>jardim interior<\/b> reflita sua personalidade.<\/p>\n<p>Seja minimalista, tropical ou bo\u00eamio, o segredo est\u00e1 em criar um espa\u00e7o que traga paz, harmonia e claro, muito verde para o seu dia a dia!<\/p>\n<p><\/body><\/p>\n","protected":false},"excerpt":{"rendered":"<p>5 Dicas para Transformar Seu Espa\u00e7o em um Jardim Interior<\/p>\n","protected":false},"author":102,"featured_media":146968,"comment_status":"open","ping_status":"","sticky":false,"template":"","format":"standard","meta":{"footnotes":""},"categories":[1484],"tags":[],"class_list":["post-146979","post","type-post","status-publish","format-standard","has-post-thumbnail","category-decoracao"],"_wp_attached_file":null,"_wp_attachment_metadata":null,"_wp_attachment_context":null,"_wp_attachment_is_custom_header":null,"geo_longitude":null,"geo_public":null,"geo_latitude":null,"_publicize_done_external":null,"_wpas_done_3897181":null,"publicize_twitter_user":null,"_wpas_done_3897175":null,"_wpas_skip_3897181":null,"_wpas_skip_3897175":null,"_wpas_skip_3924723":null,"_wpas_mess":null,"_wpas_done_3924723":null,"wps_subtitle":"","_links":{"self":[{"href":"https:\/\/www.aarquiteta.com.br\/blog\/wp-json\/wp\/v2\/posts\/146979","targetHints":{"allow":["GET"]}}],"collection":[{"href":"https:\/\/www.aarquiteta.com.br\/blog\/wp-json\/wp\/v2\/posts"}],"about":[{"href":"https:\/\/www.aarquiteta.com.br\/blog\/wp-json\/wp\/v2\/types\/post"}],"author":[{"embeddable":true,"href":"https:\/\/www.aarquiteta.com.br\/blog\/wp-json\/wp\/v2\/users\/102"}],"replies":[{"embeddable":true,"href":"https:\/\/www.aarquiteta.com.br\/blog\/wp-json\/wp\/v2\/comments?post=146979"}],"version-history":[{"count":0,"href":"https:\/\/www.aarquiteta.com.br\/blog\/wp-json\/wp\/v2\/posts\/146979\/revisions"}],"wp:featuredmedia":[{"embeddable":true,"href":"https:\/\/www.aarquiteta.com.br\/blog\/wp-json\/wp\/v2\/media\/146968"}],"wp:attachment":[{"href":"https:\/\/www.aarquiteta.com.br\/blog\/wp-json\/wp\/v2\/media?parent=146979"}],"wp:term":[{"taxonomy":"category","embeddable":true,"href":"https:\/\/www.aarquiteta.com.br\/blog\/wp-json\/wp\/v2\/categories?post=146979"},{"taxonomy":"post_tag","embeddable":true,"href":"https:\/\/www.aarquiteta.com.br\/blog\/wp-json\/wp\/v2\/tags?post=146979"}],"curies":[{"name":"wp","href":"https:\/\/api.w.org\/{rel}","templated":true}]}}