{"id":146929,"date":"2025-03-14T13:38:08","date_gmt":"2025-03-14T16:38:08","guid":{"rendered":"https:\/\/www.aarquiteta.com.br\/blog\/?p=146929"},"modified":"2025-03-14T14:38:27","modified_gmt":"2025-03-14T17:38:27","slug":"projeto-de-reforma-do-patio-e-lavanderia-modernizacao-e-conforto","status":"publish","type":"post","link":"https:\/\/www.aarquiteta.com.br\/blog\/projeto-de-reforma-do-patio-e-lavanderia-modernizacao-e-conforto\/","title":{"rendered":"Projeto de Reforma do P\u00e1tio e Lavanderia \u2013 Moderniza\u00e7\u00e3o e Conforto"},"content":{"rendered":"<p data-start=\"269\" data-end=\"635\">O p\u00e1tio apresentado tem um grande potencial de transforma\u00e7\u00e3o, sendo um ambiente social importante para os moradores. Atualmente, a \u00e1rea conta com uma piscina, um espa\u00e7o gourmet e uma lavanderia que precisa ser modernizada para ser mais funcional. Al\u00e9m disso, h\u00e1 a necessidade de trocar o piso do p\u00e1tio e adicionar um chuveiro na <a href=\"https:\/\/www.aarquiteta.com.br\/blog\/?s=PAREDE\">parede<\/a> pr\u00f3xima ao motor da piscina.<\/p><h2 data-start=\"213\" data-end=\"268\"><strong data-start=\"216\" data-end=\"268\">Introdu\u00e7\u00e3o: As necessidades e desafios do espa\u00e7o<\/strong><\/h2><p data-start=\"637\" data-end=\"883\">A escolha do porcelanato estilo \u201ccimento queimado\u201d em tom de cinza m\u00e9dio trar\u00e1 modernidade e um toque industrial para o ambiente, <strong>o que exige uma harmoniza\u00e7\u00e3o cuidadosa na escolha de <a href=\"https:\/\/www.aarquiteta.com.br\/blog\/?s=CORES\">cores<\/a> e acabamentos na lavanderia e nos detalhes decorativos.<\/strong><\/p><p data-start=\"885\" data-end=\"1083\">Vamos apresentar um <a href=\"https:\/\/www.aarquiteta.com.br\/blog\/?s=PROJETO\">projeto<\/a> que equilibre funcionalidade, est\u00e9tica e conforto, otimizando a \u00e1rea da lavanderia, criando um espa\u00e7o de conviv\u00eancia agrad\u00e1vel e trazendo um visual mais moderno ao p\u00e1tio.<\/p><div class=\"mceTemp\"><\/div><figure id=\"attachment_146954\" aria-describedby=\"caption-attachment-146954\" style=\"width: 2048px\" class=\"wp-caption alignnone\"><img decoding=\"async\" class=\"size-full wp-image-146954\" src=\"https:\/\/www.aarquiteta.com.br\/blog\/wp-content\/uploads\/2025\/03\/PatioCasaMirian9-scaled.jpg\" alt=\"Projeto de Reforma do P\u00e1tio e Lavanderia Moderniza\u00e7\u00e3o e Conforto\" width=\"2048\" height=\"922\" title=\"\"><figcaption id=\"caption-attachment-146954\" class=\"wp-caption-text\">Projeto de <a href=\"https:\/\/www.aarquiteta.com.br\/blog\/cursos-de-arquitetura-e-decoracao\/curso-de-gerenciamento-de-obras\">Reforma<\/a> do P\u00e1tio e Lavanderia Moderniza\u00e7\u00e3o e Conforto<\/figcaption><\/figure><h2 data-start=\"1090\" data-end=\"1128\"><strong data-start=\"1093\" data-end=\"1128\">Solu\u00e7\u00f5es propostas para o p\u00e1tio<\/strong><\/h2><h3 data-start=\"1130\" data-end=\"1154\"><strong data-start=\"1134\" data-end=\"1154\">1. Troca do Piso<\/strong><\/h3><p data-start=\"1155\" data-end=\"1381\">O novo porcelanato ciment\u00edcio cinza m\u00e9dio trar\u00e1 <strong>sofistica\u00e7\u00e3o e resist\u00eancia ao ambiente<\/strong> externo. Como \u00e9 um porcelanato fosco ou acetinado, ele ter\u00e1 menor risco de escorregamento, tornando a \u00e1rea ao redor da piscina mais segura.<\/p><h3 data-start=\"1383\" data-end=\"1440\"><strong data-start=\"1387\" data-end=\"1440\">2. Chuveiro na Parede Pr\u00f3xima ao Motor da Piscina<\/strong><\/h3><p data-start=\"1441\" data-end=\"1815\">A instala\u00e7\u00e3o do chuveiro entre o motor da piscina e a piscina ser\u00e1 funcional e agrad\u00e1vel, permitindo que os usu\u00e1rios possam se refrescar rapidamente antes e depois de entrar na \u00e1gua. A tubula\u00e7\u00e3o pode ser embutida no <a href=\"https:\/\/www.aarquiteta.com.br\/blog\/?s=MURO\">muro<\/a> para manter a est\u00e9tica limpa. Sugere-se um chuveiro com design minimalista e acabamento cromado ou preto fosco, para combinar com o novo estilo do p\u00e1tio.<\/p><figure id=\"attachment_146946\" aria-describedby=\"caption-attachment-146946\" style=\"width: 1232px\" class=\"wp-caption alignnone\"><img decoding=\"async\" class=\"size-full wp-image-146946\" src=\"https:\/\/www.aarquiteta.com.br\/blog\/wp-content\/uploads\/2025\/03\/Projeto-de-Reforma-do-Patio-e-Lavanderia-Modernizacao-e-Conforto-5.png\" alt=\"Projeto de Reforma do P\u00e1tio e Lavanderia Moderniza\u00e7\u00e3o e Conforto\" width=\"1232\" height=\"928\" title=\"\"><figcaption id=\"caption-attachment-146946\" class=\"wp-caption-text\">Projeto de Reforma do P\u00e1tio e Lavanderia Moderniza\u00e7\u00e3o e Conforto. Ideias e concep\u00e7\u00e3o art\u00edstica.<\/figcaption><\/figure><h3 data-start=\"1817\" data-end=\"1846\"><strong data-start=\"1821\" data-end=\"1846\">3. Decora\u00e7\u00e3o do P\u00e1tio<\/strong><\/h3><p data-start=\"1847\" data-end=\"1954\">A proposta decorativa do p\u00e1tio ser\u00e1 baseada em um estilo moderno e aconchegante. Algumas sugest\u00f5es incluem:<\/p><ul data-start=\"1955\" data-end=\"2725\"><li data-start=\"1955\" data-end=\"2214\"><strong data-start=\"1957\" data-end=\"1969\">Paredes:<\/strong> As paredes podem ser pintadas em tons neutros para harmonizar com o cinza do piso, como <strong data-start=\"2058\" data-end=\"2108\">off-white, bege claro ou um tom de cinza suave<\/strong>. Se quiser algo mais ousado, um tom de azul petr\u00f3leo ou verde oliva pode criar um contraste interessante.<\/li><li data-start=\"2215\" data-end=\"2357\"><strong data-start=\"2217\" data-end=\"2232\">Ilumina\u00e7\u00e3o:<\/strong> Fitas de LED embutidas em pontos estrat\u00e9gicos e arandelas com luz quente nas paredes trar\u00e3o sofistica\u00e7\u00e3o e aconchego \u00e0 \u00e1rea.<\/li><li data-start=\"2358\" data-end=\"2550\"><strong data-start=\"2360\" data-end=\"2375\">Paisagismo:<\/strong> Vasos grandes com plantas tropicais, como palmeiras-f\u00eanix e costela-de-ad\u00e3o, podem trazer um toque verde para o p\u00e1tio e contrastar bem com os tons industriais do porcelanato.<\/li><li data-start=\"2551\" data-end=\"2725\"><strong data-start=\"2553\" data-end=\"2568\">Mobili\u00e1rio:<\/strong> Um conjunto de sof\u00e1s e poltronas de \u00e1rea externa com estrutura met\u00e1lica e estofado imperme\u00e1vel pode ser disposto pr\u00f3ximo \u00e0 \u00e1rea gourmet para maior conforto.<\/li><\/ul><figure id=\"attachment_146982\" aria-describedby=\"caption-attachment-146982\" style=\"width: 384px\" class=\"wp-caption alignnone\"><img decoding=\"async\" class=\"size-full wp-image-146982\" src=\"https:\/\/www.aarquiteta.com.br\/blog\/wp-content\/uploads\/2025\/03\/sugestao-area-de-servico.png\" alt=\"\" width=\"384\" height=\"768\" title=\"\"><figcaption id=\"caption-attachment-146982\" class=\"wp-caption-text\">Sugest\u00e3o para a \u00e1rea de servi\u00e7o<\/figcaption><\/figure><h2 data-start=\"2732\" data-end=\"2775\"><strong data-start=\"2735\" data-end=\"2775\">Solu\u00e7\u00f5es propostas para a lavanderia<\/strong><\/h2><p data-start=\"2776\" data-end=\"2863\">A lavanderia ser\u00e1 modernizada para ficar mais funcional e integrada ao design do p\u00e1tio.<\/p><h3 data-start=\"2865\" data-end=\"2898\"><strong data-start=\"2869\" data-end=\"2898\">1. Instala\u00e7\u00e3o de Arm\u00e1rios<\/strong><\/h3><p data-start=\"2899\" data-end=\"3140\">Ser\u00e3o instalados <strong data-start=\"2916\" data-end=\"2958\">arm\u00e1rios planejados na parede do fundo<\/strong>, otimizando o espa\u00e7o e criando um ambiente organizado. Sugere-se o uso de MDF com acabamento amadeirado ou branco fosco, que s\u00e3o f\u00e1ceis de limpar e combinam bem com o cinza do piso.<\/p><h3 data-start=\"3142\" data-end=\"3189\"><strong data-start=\"3146\" data-end=\"3189\">2. Eleva\u00e7\u00e3o da M\u00e1quina de Lavar e Secar<\/strong><\/h3><p data-start=\"3190\" data-end=\"3391\">A m\u00e1quina ser\u00e1 elevada em <strong data-start=\"3216\" data-end=\"3233\">60 cm do ch\u00e3o<\/strong> sobre uma base de alvenaria ou um m\u00f3vel planejado, permitindo maior comodidade no manuseio das roupas e criando espa\u00e7o para cestos organizadores abaixo dela.<\/p><h3 data-start=\"3393\" data-end=\"3437\"><strong data-start=\"3397\" data-end=\"3437\">3. Revestimento das Paredes Laterais<\/strong><\/h3><p data-start=\"3438\" data-end=\"3565\">As laterais da lavanderia ser\u00e3o revestidas para facilitar a manuten\u00e7\u00e3o e <strong>dar um acabamento sofisticado.<\/strong> Algumas op\u00e7\u00f5es incluem:<\/p><ul data-start=\"3566\" data-end=\"3870\"><li data-start=\"3566\" data-end=\"3656\"><strong data-start=\"3568\" data-end=\"3623\">Revestimento cer\u00e2mico branco acetinado ou brilhante<\/strong>, para um visual clean e moderno.<\/li><li data-start=\"3657\" data-end=\"3763\"><strong data-start=\"3659\" data-end=\"3708\">Pastilhas hexagonais cinza ou em tons neutros<\/strong>, para um toque decorativo sem perder a funcionalidade.<\/li><li data-start=\"3764\" data-end=\"3870\"><strong data-start=\"3766\" data-end=\"3797\">Painel ripado de PVC ou MDF<\/strong>, caso queira um visual mais sofisticado e integrado ao restante da casa.<\/li><\/ul><h3 data-start=\"3872\" data-end=\"3893\"><strong data-start=\"3876\" data-end=\"3893\">4. Ilumina\u00e7\u00e3o<\/strong><\/h3><p data-start=\"3894\" data-end=\"4087\">A ilumina\u00e7\u00e3o da lavanderia pode ser embutida no teto ou com pendentes minimalistas para um toque moderno. Luz branca fria \u00e9 recomendada para facilitar a visualiza\u00e7\u00e3o das roupas e a organiza\u00e7\u00e3o.<\/p><figure id=\"attachment_146966\" aria-describedby=\"caption-attachment-146966\" style=\"width: 1232px\" class=\"wp-caption alignnone\"><img decoding=\"async\" class=\"wp-image-146966 size-full\" title=\"Projeto de Reforma do P\u00e1tio e Lavanderia Moderniza\u00e7\u00e3o e Conforto. Ideias e concep\u00e7\u00e3o art\u00edstica.\" src=\"https:\/\/www.aarquiteta.com.br\/blog\/wp-content\/uploads\/2025\/03\/modulo2121_httpss.mj_.runu9arBO7JEco_httpss.mj_.runiaTpWlGFfic__7eca3bac-111a-4dd7-b082-e18f06a0c027_1.png\" alt=\"Projeto de Reforma do P\u00e1tio e Lavanderia Moderniza\u00e7\u00e3o e Conforto. Ideias e concep\u00e7\u00e3o art\u00edstica.\" width=\"1232\" height=\"928\" \/><figcaption id=\"caption-attachment-146966\" class=\"wp-caption-text\">Projeto de Reforma do P\u00e1tio e Lavanderia Moderniza\u00e7\u00e3o e Conforto. Ideias e concep\u00e7\u00e3o art\u00edstica.<\/figcaption><\/figure><h2 data-start=\"4094\" data-end=\"4133\"><strong data-start=\"4097\" data-end=\"4133\">Harmoniza\u00e7\u00e3o de Cores com o Piso<\/strong><\/h2><p data-start=\"4134\" data-end=\"4238\">O porcelanato ciment\u00edcio combina bem com cores neutras e terrosas. Algumas combina\u00e7\u00f5es recomendadas s\u00e3o:<\/p><ul data-start=\"4239\" data-end=\"4455\"><li data-start=\"4239\" data-end=\"4302\"><strong data-start=\"4241\" data-end=\"4267\">Branco e madeira clara<\/strong>: Para um visual mais clean e leve.<\/li><li data-start=\"4303\" data-end=\"4374\"><strong data-start=\"4305\" data-end=\"4336\">Cinza claro e azul petr\u00f3leo<\/strong>: Para um toque sofisticado e moderno.<\/li><li data-start=\"4375\" data-end=\"4455\"><strong data-start=\"4377\" data-end=\"4415\">Tons terrosos (bege, marrom suave)<\/strong>: Para um ambiente acolhedor e elegante.<\/li><\/ul><figure id=\"attachment_146980\" aria-describedby=\"caption-attachment-146980\" style=\"width: 755px\" class=\"wp-caption alignnone\"><img decoding=\"async\" class=\"wp-image-146980 size-full\" title=\"Sugest\u00e3o de acabamentos\" src=\"https:\/\/www.aarquiteta.com.br\/blog\/wp-content\/uploads\/2025\/03\/sugestao-mobiliario.png\" alt=\"Sugest\u00e3o de acabamentos\" width=\"755\" height=\"685\" \/><figcaption id=\"caption-attachment-146980\" class=\"wp-caption-text\">Sugest\u00e3o de acabamentos<\/figcaption><\/figure><h2 data-start=\"0\" data-end=\"54\"><strong data-start=\"4\" data-end=\"52\">Sugest\u00e3o de Decora\u00e7\u00e3o para o Muro da Piscina<\/strong><\/h2><p data-start=\"56\" data-end=\"435\">Para transformar o muro da piscina em um elemento decorativo sofisticado e integrado ao novo design do p\u00e1tio, a melhor solu\u00e7\u00e3o seria a aplica\u00e7\u00e3o de um <strong data-start=\"207\" data-end=\"234\">revestimento amadeirado<\/strong> em porcelanato, criando um efeito elegante e acolhedor. O porcelanato amadeirado \u00e9 uma op\u00e7\u00e3o dur\u00e1vel, resistente \u00e0 umidade e mais econ\u00f4mica do que a madeira natural, al\u00e9m de exigir menos manuten\u00e7\u00e3o.<\/p><h4 data-start=\"437\" data-end=\"474\"><strong data-start=\"442\" data-end=\"472\">1. Escolha do Revestimento<\/strong><\/h4><p data-start=\"475\" data-end=\"695\">Recomendo um <strong data-start=\"488\" data-end=\"514\">porcelanato amadeirado<\/strong> em tom m\u00e9dio ou escuro para contrastar com o tom neutro do novo piso ciment\u00edcio. Modelos que imitam madeira ripada s\u00e3o ideais para dar uma sensa\u00e7\u00e3o de continuidade e modernidade.<\/p><h4 data-start=\"697\" data-end=\"739\"><strong data-start=\"702\" data-end=\"737\">2. Disposi\u00e7\u00e3o dos Revestimentos<\/strong><\/h4><p data-start=\"740\" data-end=\"785\">A instala\u00e7\u00e3o pode ser feita de duas formas:<\/p><ul data-start=\"786\" data-end=\"1065\"><li data-start=\"786\" data-end=\"950\"><strong data-start=\"788\" data-end=\"811\">Painel centralizado<\/strong>: Criando uma \u00e1rea retangular de destaque atr\u00e1s da piscina, com moldura em porcelanato cinza ou preto para valorizar ainda mais o efeito.<\/li><li data-start=\"951\" data-end=\"1065\"><strong data-start=\"953\" data-end=\"996\">Revestimento em toda a extens\u00e3o do muro<\/strong>: Proporcionando uma sensa\u00e7\u00e3o de amplitude e sofistica\u00e7\u00e3o cont\u00ednua.<\/li><\/ul><h4 data-start=\"1067\" data-end=\"1105\"><strong data-start=\"1072\" data-end=\"1103\">3. Ilumina\u00e7\u00e3o para Destaque<\/strong><\/h4><p data-start=\"1106\" data-end=\"1208\">A ilumina\u00e7\u00e3o desempenha um papel fundamental na valoriza\u00e7\u00e3o dessa parede. Algumas sugest\u00f5es incluem:<\/p><ul data-start=\"1209\" data-end=\"1535\"><li data-start=\"1209\" data-end=\"1309\"><strong data-start=\"1211\" data-end=\"1234\">Arandelas embutidas<\/strong>: Posicionadas ao longo do muro, criando um efeito de luz indireta suave.<\/li><li data-start=\"1310\" data-end=\"1418\"><strong data-start=\"1312\" data-end=\"1347\">Fitas de LED na base ou no topo<\/strong>: Proporcionam um efeito moderno e real\u00e7am a textura do revestimento.<\/li><li data-start=\"1419\" data-end=\"1535\"><strong data-start=\"1421\" data-end=\"1453\">Spots direcionados para cima<\/strong>: Criam um jogo de luz e sombra, destacando ainda mais o porcelanato amadeirado.<\/li><\/ul><h4 data-start=\"1537\" data-end=\"1585\"><strong data-start=\"1542\" data-end=\"1583\">4. Complemento com Elementos Naturais<\/strong><\/h4><p data-start=\"1586\" data-end=\"1888\">Para trazer mais sofistica\u00e7\u00e3o e aconchego ao ambiente, podem ser adicionados <strong data-start=\"1663\" data-end=\"1691\">pain\u00e9is verdes verticais<\/strong> com plantas resistentes ao sol, como samambaias ou jiboias, criando um efeito de jardim vertical parcial. Vasos grandes com plantas tropicais ao lado da piscina tamb\u00e9m complementam a composi\u00e7\u00e3o.<\/p><p data-start=\"1890\" data-end=\"2067\">Essa proposta unir\u00e1 <strong data-start=\"1910\" data-end=\"1970\">funcionalidade, sofistica\u00e7\u00e3o e baixo custo de manuten\u00e7\u00e3o<\/strong>, valorizando a \u00e1rea da piscina e criando um visual moderno e agrad\u00e1vel para momentos de lazer.<\/p><p data-start=\"1890\" data-end=\"2067\"><img decoding=\"async\" class=\"alignnone size-full wp-image-146985\" src=\"https:\/\/www.aarquiteta.com.br\/blog\/wp-content\/uploads\/2025\/03\/PatioCasaMirian4-scaled.jpg\" alt=\"\" width=\"2048\" height=\"922\" title=\"\"><\/p><figure id=\"attachment_146987\" aria-describedby=\"caption-attachment-146987\" style=\"width: 794px\" class=\"wp-caption alignnone\"><img decoding=\"async\" class=\"size-full wp-image-146987\" src=\"https:\/\/www.aarquiteta.com.br\/blog\/wp-content\/uploads\/2025\/03\/ideia-de-muro-da-piscina.jpg\" alt=\"ideia de muro da piscina\" width=\"794\" height=\"859\" title=\"\"><figcaption id=\"caption-attachment-146987\" class=\"wp-caption-text\">ideia de muro da piscina<\/figcaption><\/figure><figure id=\"attachment_146988\" aria-describedby=\"caption-attachment-146988\" style=\"width: 1408px\" class=\"wp-caption alignnone\"><img decoding=\"async\" class=\"size-full wp-image-146988\" src=\"https:\/\/www.aarquiteta.com.br\/blog\/wp-content\/uploads\/2025\/03\/image_fx_-25.png\" alt=\"Ideia de decora\u00e7\u00e3o do muro da piscina\" width=\"1408\" height=\"768\" title=\"\"><figcaption id=\"caption-attachment-146988\" class=\"wp-caption-text\">Ideia de decora\u00e7\u00e3o do muro da piscina<\/figcaption><\/figure><h2 data-start=\"4462\" data-end=\"4488\"><strong data-start=\"4465\" data-end=\"4488\">Memorial Descritivo<\/strong><\/h2><h3 data-start=\"4489\" data-end=\"4505\"><strong data-start=\"4493\" data-end=\"4505\">1. P\u00e1tio<\/strong><\/h3><ul data-start=\"4506\" data-end=\"4799\"><li data-start=\"4506\" data-end=\"4573\"><strong data-start=\"4508\" data-end=\"4516\">Piso<\/strong>: Porcelanato ciment\u00edcio cinza m\u00e9dio, retificado e fosco.<\/li><li data-start=\"4574\" data-end=\"4647\"><strong data-start=\"4576\" data-end=\"4587\">Paredes<\/strong>: Pintura acr\u00edlica em tom neutro (off-white ou cinza claro).<\/li><li data-start=\"4648\" data-end=\"4698\"><strong data-start=\"4650\" data-end=\"4664\">Ilumina\u00e7\u00e3o<\/strong>: Arandelas de parede + fitas LED.<\/li><li data-start=\"4699\" data-end=\"4753\"><strong data-start=\"4701\" data-end=\"4715\">Paisagismo<\/strong>: Vasos grandes com plantas tropicais.<\/li><li data-start=\"4754\" data-end=\"4799\"><strong data-start=\"4756\" data-end=\"4770\">Mobili\u00e1rio<\/strong>: Sof\u00e1s e poltronas externas.<\/li><\/ul><h3 data-start=\"4801\" data-end=\"4822\"><strong data-start=\"4805\" data-end=\"4822\">2. Lavanderia<\/strong><\/h3><ul data-start=\"4823\" data-end=\"5099\"><li data-start=\"4823\" data-end=\"4862\"><strong data-start=\"4825\" data-end=\"4833\">Piso<\/strong>: Mesmo porcelanato do p\u00e1tio.<\/li><li data-start=\"4863\" data-end=\"4924\"><strong data-start=\"4865\" data-end=\"4876\">Paredes<\/strong>: Revestimento cer\u00e2mico ou pastilhas hexagonais.<\/li><li data-start=\"4925\" data-end=\"4986\"><strong data-start=\"4927\" data-end=\"4939\">Arm\u00e1rios<\/strong>: Planejados em MDF branco fosco ou amadeirado.<\/li><li data-start=\"4987\" data-end=\"5051\"><strong data-start=\"4989\" data-end=\"5012\">Eleva\u00e7\u00e3o da m\u00e1quina<\/strong>: Base de alvenaria ou m\u00f3vel planejado.<\/li><li data-start=\"5052\" data-end=\"5099\"><strong data-start=\"5054\" data-end=\"5068\">Ilumina\u00e7\u00e3o<\/strong>: Pendentes ou spots embutidos.<\/li><\/ul><figure id=\"attachment_146983\" aria-describedby=\"caption-attachment-146983\" style=\"width: 954px\" class=\"wp-caption alignnone\"><img decoding=\"async\" class=\"wp-image-146983 size-full\" title=\"Sugest\u00e3o para a churrasqueira\" src=\"https:\/\/www.aarquiteta.com.br\/blog\/wp-content\/uploads\/2025\/03\/sugestao-churrasqueira.jpg\" alt=\"Sugest\u00e3o para a churrasqueira\" width=\"954\" height=\"768\" \/><figcaption id=\"caption-attachment-146983\" class=\"wp-caption-text\">Sugest\u00e3o para a churrasqueira<\/figcaption><\/figure><h2 data-start=\"5106\" data-end=\"5131\"><strong data-start=\"5109\" data-end=\"5131\">Or\u00e7amento Estimado<\/strong><\/h2><p data-start=\"5132\" data-end=\"5206\">Com base na proposta, um or\u00e7amento aproximado pode ser feito considerando:<\/p><ul data-start=\"5207\" data-end=\"5638\"><li data-start=\"5207\" data-end=\"5267\"><strong data-start=\"5209\" data-end=\"5244\">Porcelanato para 100m\u00b2 de p\u00e1tio<\/strong>: R$ 7.000 &#8211; R$ 10.000.<\/li><li data-start=\"5268\" data-end=\"5340\"><strong data-start=\"5270\" data-end=\"5318\">M\u00e3o de obra para assentamento do porcelanato<\/strong>: R$ 5.000 &#8211; R$ 8.000.<\/li><li data-start=\"5341\" data-end=\"5391\"><strong data-start=\"5343\" data-end=\"5369\">Instala\u00e7\u00e3o do chuveiro<\/strong>: R$ 1.000 &#8211; R$ 2.000.<\/li><li data-start=\"5392\" data-end=\"5439\"><strong data-start=\"5394\" data-end=\"5417\">Pintura das paredes<\/strong>: R$ 2.000 &#8211; R$ 3.500.<\/li><li data-start=\"5440\" data-end=\"5494\"><strong data-start=\"5442\" data-end=\"5472\">Revestimento da lavanderia<\/strong>: R$ 3.000 &#8211; R$ 5.000.<\/li><li data-start=\"5495\" data-end=\"5542\"><strong data-start=\"5497\" data-end=\"5520\">Arm\u00e1rios planejados<\/strong>: R$ 5.000 &#8211; R$ 8.000.<\/li><li data-start=\"5543\" data-end=\"5590\"><strong data-start=\"5545\" data-end=\"5568\">Eleva\u00e7\u00e3o da m\u00e1quina<\/strong>: R$ 1.500 &#8211; R$ 2.500.<\/li><li data-start=\"5591\" data-end=\"5638\"><strong data-start=\"5593\" data-end=\"5616\">Ilumina\u00e7\u00e3o completa<\/strong>: R$ 2.500 &#8211; R$ 4.000.<\/li><\/ul><h3 data-start=\"5639\" data-end=\"5685\"><strong data-start=\"5643\" data-end=\"5685\">Total estimado: R$ 27.000 &#8211; R$ 42.000.<\/strong><\/h3><p data-start=\"5687\" data-end=\"5859\">Se o or\u00e7amento precisar ser reduzido, algumas solu\u00e7\u00f5es DIY podem ser implementadas, como pintar as paredes por conta pr\u00f3pria e buscar m\u00f3veis prontos ao inv\u00e9s de planejados.<\/p><h2 data-start=\"6716\" data-end=\"6732\"><strong data-start=\"6719\" data-end=\"6732\">Conclus\u00e3o<\/strong><\/h2><p data-start=\"6733\" data-end=\"7085\">Essa reforma trar\u00e1 um grande impacto visual e funcional para o p\u00e1tio e lavanderia. O novo piso ciment\u00edcio modernizar\u00e1 o espa\u00e7o, enquanto a lavanderia ganhar\u00e1 organiza\u00e7\u00e3o e efici\u00eancia. Pequenos toques decorativos, como ilumina\u00e7\u00e3o estrat\u00e9gica e paisagismo, complementar\u00e3o a est\u00e9tica do ambiente, criando um local agrad\u00e1vel para os moradores e visitantes.<\/p><p data-start=\"7087\" data-end=\"7221\" data-is-last-node=\"\" data-is-only-node=\"\">Lembre-se de que este projeto \u00e9 um ponto de partida para sua inspira\u00e7\u00e3o e pode ser ajustado conforme suas prefer\u00eancias e or\u00e7amento! \ud83d\ude80<\/p>","protected":false},"excerpt":{"rendered":"<p>O p\u00e1tio apresentado tem um grande potencial de transforma\u00e7\u00e3o, sendo um ambiente social importante para os moradores. Atualmente, a \u00e1rea conta com uma piscina, um espa\u00e7o gourmet e uma lavanderia que precisa ser modernizada para ser mais funcional. Al\u00e9m disso, h\u00e1 a necessidade de trocar o piso do p\u00e1tio e adicionar um chuveiro na parede [&hellip;]<\/p>\n","protected":false},"author":102,"featured_media":146946,"comment_status":"open","ping_status":"closed","sticky":false,"template":"","format":"standard","meta":{"footnotes":""},"categories":[1507,1484],"tags":[],"class_list":["post-146929","post","type-post","status-publish","format-standard","has-post-thumbnail","category-arquitetura","category-decoracao"],"_wp_attached_file":null,"_wp_attachment_metadata":null,"_wp_attachment_context":null,"_wp_attachment_is_custom_header":null,"geo_longitude":null,"geo_public":null,"geo_latitude":null,"_publicize_done_external":null,"_wpas_done_3897181":null,"publicize_twitter_user":null,"_wpas_done_3897175":null,"_wpas_skip_3897181":null,"_wpas_skip_3897175":null,"_wpas_skip_3924723":null,"_wpas_mess":null,"_wpas_done_3924723":null,"wps_subtitle":"","_links":{"self":[{"href":"https:\/\/www.aarquiteta.com.br\/blog\/wp-json\/wp\/v2\/posts\/146929","targetHints":{"allow":["GET"]}}],"collection":[{"href":"https:\/\/www.aarquiteta.com.br\/blog\/wp-json\/wp\/v2\/posts"}],"about":[{"href":"https:\/\/www.aarquiteta.com.br\/blog\/wp-json\/wp\/v2\/types\/post"}],"author":[{"embeddable":true,"href":"https:\/\/www.aarquiteta.com.br\/blog\/wp-json\/wp\/v2\/users\/102"}],"replies":[{"embeddable":true,"href":"https:\/\/www.aarquiteta.com.br\/blog\/wp-json\/wp\/v2\/comments?post=146929"}],"version-history":[{"count":0,"href":"https:\/\/www.aarquiteta.com.br\/blog\/wp-json\/wp\/v2\/posts\/146929\/revisions"}],"wp:featuredmedia":[{"embeddable":true,"href":"https:\/\/www.aarquiteta.com.br\/blog\/wp-json\/wp\/v2\/media\/146946"}],"wp:attachment":[{"href":"https:\/\/www.aarquiteta.com.br\/blog\/wp-json\/wp\/v2\/media?parent=146929"}],"wp:term":[{"taxonomy":"category","embeddable":true,"href":"https:\/\/www.aarquiteta.com.br\/blog\/wp-json\/wp\/v2\/categories?post=146929"},{"taxonomy":"post_tag","embeddable":true,"href":"https:\/\/www.aarquiteta.com.br\/blog\/wp-json\/wp\/v2\/tags?post=146929"}],"curies":[{"name":"wp","href":"https:\/\/api.w.org\/{rel}","templated":true}]}}