{"id":146904,"date":"2025-03-14T03:40:29","date_gmt":"2025-03-14T06:40:29","guid":{"rendered":"https:\/\/www.aarquiteta.com.br\/blog\/mercado-de-trabalho\/"},"modified":"2025-03-14T03:40:29","modified_gmt":"2025-03-14T06:40:29","slug":"mercado-de-trabalho","status":"publish","type":"post","link":"https:\/\/www.aarquiteta.com.br\/blog\/mercado-de-trabalho\/","title":{"rendered":"Descubra as Melhores Dicas para o Mercado de Trabalho."},"content":{"rendered":"<p>O mercado de trabalho brasileiro tem enfrentado desafios e transforma\u00e7\u00f5es significativas nos \u00faltimos anos, especialmente ap\u00f3s a pandemia. Neste artigo, vou explorar as oportunidades e as mudan\u00e7as que moldam o cen\u00e1rio atual, al\u00e9m de oferecer dicas valiosas para quem busca se destacar nesse ambiente competitivo.<\/p>\n<ul>\n<li><b>O cen\u00e1rio atual:<\/b> O mercado de trabalho brasileiro est\u00e1 em constante transforma\u00e7\u00e3o, com a pandemia acelerando mudan\u00e7as e exigindo novas habilidades dos profissionais.<\/li>\n<li><b>Aumento da competitividade:<\/b> Com mais pessoas buscando emprego, a concorr\u00eancia por vagas se intensificou, tornando essencial a qualifica\u00e7\u00e3o e a diferencia\u00e7\u00e3o.<\/li>\n<li><b>Crescimento da informalidade:<\/b> A gig economy e o trabalho informal t\u00eam crescido, oferecendo flexibilidade, mas tamb\u00e9m trazendo inseguran\u00e7as e falta de direitos trabalhistas.<\/li>\n<li><b>Impactos da reforma trabalhista:<\/b> As mudan\u00e7as na legisla\u00e7\u00e3o afetaram a din\u00e2mica do mercado, gerando debates sobre direitos e deveres dos trabalhadores.<\/li>\n<li><b>Perspectivas futuras:<\/b> O futuro do trabalho ser\u00e1 moldado pela tecnologia, novas demandas e a necessidade de adapta\u00e7\u00e3o constante dos profissionais.<\/li>\n<li><b>Como se destacar:<\/b> Investir em capacita\u00e7\u00e3o, desenvolver habilidades interpessoais e ter uma mentalidade empreendedora s\u00e3o fundamentais para o sucesso.<\/li>\n<\/ul>\n<h2>O cen\u00e1rio atual do mercado de trabalho brasileiro<\/h2>\n<p>Nos \u00faltimos anos, o <b>mercado de trabalho brasileiro<\/b> tem enfrentado uma montanha-russa de desafios. Desde a crise econ\u00f4mica at\u00e9 a pandemia, as mudan\u00e7as t\u00eam sido r\u00e1pidas e, muitas vezes, desafiadoras. A verdade \u00e9 que, mesmo com as dificuldades, surgem novas oportunidades. O que precisamos entender \u00e9 que o cen\u00e1rio atual exige uma adapta\u00e7\u00e3o constante. O jovem de hoje n\u00e3o pode se dar ao luxo de ficar parado; \u00e9 preciso buscar diferenciais na capacita\u00e7\u00e3o.<\/p>\n<p>Com a pandemia, muitos setores foram for\u00e7ados a se reinventar. O trabalho remoto se tornou uma realidade para muitos, e as empresas come\u00e7aram a perceber que a flexibilidade pode ser uma vantagem competitiva. No entanto, essa mudan\u00e7a tamb\u00e9m trouxe \u00e0 tona a necessidade de habilidades digitais e de comunica\u00e7\u00e3o eficaz. O que antes era considerado um &#8220;diferencial&#8221; agora \u00e9 uma <b>necessidade<\/b>.<\/p>\n<h3>Aumento da competitividade<\/h3>\n<p>Com a crise econ\u00f4mica, o n\u00famero de pessoas em busca de emprego aumentou consideravelmente. Isso significa que a <b>competitividade<\/b> por uma vaga se intensificou. As empresas, por sua vez, se tornaram mais exigentes, buscando candidatos com qualifica\u00e7\u00f5es espec\u00edficas e habilidades interpessoais. O que isso significa para voc\u00ea? Que \u00e9 hora de se destacar! N\u00e3o basta ter um diploma; \u00e9 preciso mostrar que voc\u00ea \u00e9 a melhor escolha para a vaga.<\/p>\n<p>As longas filas de entrevistas se tornaram comuns, e a press\u00e3o para se destacar \u00e9 maior do que nunca. Portanto, investir em cursos, workshops e experi\u00eancias pr\u00e1ticas \u00e9 fundamental. O mercado est\u00e1 em busca de profissionais que n\u00e3o apenas tenham conhecimento, mas que tamb\u00e9m saibam aplic\u00e1-lo de forma eficaz.<\/p>\n<h3>Crescimento da informalidade e da gig economy<\/h3>\n<figure style=\"width: 1024px\" class=\"wp-caption aligncenter\"><img decoding=\"async\" src=\"https:\/\/www.aarquiteta.com.br\/blog\/wp-content\/uploads\/2025\/03\/mercado-de-trabalho.jpg\" alt=\"Descubra as Melhores Dicas para o Mercado de Trabalho.\" width=\"1024\" height=\"1024\" title=\"\"><figcaption class=\"wp-caption-text\">Fonte: <a href=\"https:\/\/blog.anhanguera.com\/mercado-de-trabalho\/\" target=\"_blank\" rel=\"noopener\">Blog anhanguera<\/a><\/figcaption><\/figure>\n<p>Outro fen\u00f4meno que ganhou for\u00e7a nos \u00faltimos anos \u00e9 o crescimento da <b>informalidade<\/b> e da gig economy. Cada vez mais pessoas est\u00e3o optando por trabalhos informais, como motoristas de aplicativo, freelancers e prestadores de servi\u00e7os. Essa mudan\u00e7a traz vantagens, como a flexibilidade de hor\u00e1rios, mas tamb\u00e9m apresenta desafios, como a falta de direitos trabalhistas e a inseguran\u00e7a financeira.<\/p>\n<p>Embora a informalidade tenha contribu\u00eddo para a redu\u00e7\u00e3o do desemprego, \u00e9 importante lembrar que essa realidade pode ser arriscada. Sem um v\u00ednculo empregat\u00edcio formal, muitos trabalhadores ficam vulner\u00e1veis a crises e imprevistos. Portanto, \u00e9 essencial que aqueles que optam por esse caminho busquem formas de se proteger, como a cria\u00e7\u00e3o de uma reserva financeira e a formaliza\u00e7\u00e3o do neg\u00f3cio sempre que poss\u00edvel.<\/p>\n<h3>Impactos da reforma trabalhista<\/h3>\n<p>A <b>reforma trabalhista<\/b> de 2017 trouxe mudan\u00e7as significativas para o mercado de trabalho. Com a flexibiliza\u00e7\u00e3o das leis, muitas empresas passaram a adotar modelos de contrata\u00e7\u00e3o mais flex\u00edveis, como o trabalho intermitente. Isso, por um lado, pode ser visto como uma oportunidade, mas, por outro, gera inseguran\u00e7a para os trabalhadores, que podem se sentir desprotegidos.<\/p>\n<p>As discuss\u00f5es sobre os impactos da reforma ainda est\u00e3o em andamento, e muitos profissionais se sentem inseguros quanto aos seus direitos. \u00c9 fundamental que os trabalhadores estejam informados sobre suas obriga\u00e7\u00f5es e direitos, e que busquem se adaptar a essa nova realidade. O conhecimento \u00e9 uma ferramenta poderosa para garantir a seguran\u00e7a no trabalho.<\/p>\n<h3>Perspectivas futuras<\/h3>\n<p>O futuro do mercado de trabalho \u00e9 incerto, mas algumas tend\u00eancias j\u00e1 podem ser observadas. A tecnologia continuar\u00e1 a desempenhar um papel central, e as empresas buscar\u00e3o profissionais que saibam se adaptar a novas ferramentas e processos. Al\u00e9m disso, a demanda por habilidades interpessoais, como comunica\u00e7\u00e3o e empatia, ser\u00e1 cada vez mais valorizada.<\/p>\n<p>O que podemos esperar? Um mercado em constante evolu\u00e7\u00e3o, onde a capacidade de aprender e se reinventar ser\u00e1 a chave para o sucesso. Portanto, \u00e9 hora de investir em educa\u00e7\u00e3o e desenvolvimento pessoal. O futuro pertence \u00e0queles que est\u00e3o dispostos a se adaptar e a crescer.<\/p>\n<h3>Como se destacar no mercado de trabalho<\/h3>\n<p>Agora que j\u00e1 discutimos o cen\u00e1rio atual, \u00e9 hora de falar sobre como voc\u00ea pode se destacar nesse ambiente competitivo. Aqui est\u00e3o algumas dicas valiosas:<\/p>\n<ul>\n<li><b>Invista em capacita\u00e7\u00e3o:<\/b> Cursos, workshops e especializa\u00e7\u00f5es s\u00e3o essenciais para se manter atualizado e relevante no mercado.<\/li>\n<li><b>Desenvolva habilidades interpessoais:<\/b> A comunica\u00e7\u00e3o eficaz e a empatia s\u00e3o habilidades cada vez mais valorizadas pelas empresas.<\/li>\n<li><b>Tenha uma mentalidade empreendedora:<\/b> Seja proativo e busque solu\u00e7\u00f5es criativas para os desafios que surgirem.<\/li>\n<li><b>Construa uma rede de contatos:<\/b> Networking \u00e9 fundamental para abrir portas e encontrar novas oportunidades.<\/li>\n<li><b>Esteja aberto a feedbacks:<\/b> Aprender com as cr\u00edticas e buscar melhorias cont\u00ednuas \u00e9 essencial para o crescimento profissional.<\/li>\n<\/ul>\n<p>Al\u00e9m disso, \u00e9 importante estar sempre atento \u00e0s tend\u00eancias do mercado e \u00e0s novas demandas. O site <a href=\"https:\/\/www.gov.br\/pt-br\/servicos\/registro-de-emprego\" target=\"_blank\" rel=\"noopener\">https:\/\/www.gov.br\/pt-br\/servicos\/registro-de-emprego<\/a> pode ser uma boa fonte de informa\u00e7\u00f5es sobre oportunidades e registro de emprego.<\/p>\n<h2>Conclus\u00e3o<\/h2>\n<p>O mercado de trabalho brasileiro est\u00e1 em constante transforma\u00e7\u00e3o, e as oportunidades est\u00e3o ao nosso redor, mas \u00e9 preciso estar preparado para aproveit\u00e1-las. A chave para o sucesso \u00e9 a <b>adapta\u00e7\u00e3o<\/b>. Investir em capacita\u00e7\u00e3o, desenvolver habilidades interpessoais e ter uma mentalidade empreendedora s\u00e3o passos fundamentais para se destacar nesse cen\u00e1rio desafiador. Portanto, n\u00e3o perca tempo! Comece a se preparar hoje mesmo para o futuro que deseja construir.<\/p>\n<p><iframe width=\"560\" height=\"315\" src=\"https:\/\/www.youtube.com\/embed\/u6CvyLlU1po\" title=\"YouTube video player\" frameborder=\"0\" allow=\"accelerometer; autoplay; clipboard-write; encrypted-media; gyroscope; picture-in-picture; web-share\" referrerpolicy=\"strict-origin-when-cross-origin\" allowfullscreen><\/iframe><\/p>\n","protected":false},"excerpt":{"rendered":"<p>O mercado de trabalho brasileiro tem enfrentado desafios e transforma\u00e7\u00f5es significativas nos \u00faltimos anos, especialmente ap\u00f3s a pandemia. Neste artigo, vou explorar as oportunidades e as mudan\u00e7as que moldam o cen\u00e1rio atual, al\u00e9m de oferecer dicas valiosas para quem busca se destacar nesse ambiente competitivo. O cen\u00e1rio atual: O mercado de trabalho brasileiro est\u00e1 em [&hellip;]<\/p>\n","protected":false},"author":20,"featured_media":146903,"comment_status":"open","ping_status":"","sticky":false,"template":"","format":"standard","meta":{"footnotes":""},"categories":[6,35497],"tags":[],"class_list":["post-146904","post","type-post","status-publish","format-standard","has-post-thumbnail","category-carreira-de-arquitetura","category-estudante"],"_wp_attached_file":null,"_wp_attachment_metadata":null,"_wp_attachment_context":null,"_wp_attachment_is_custom_header":null,"geo_longitude":null,"geo_public":null,"geo_latitude":null,"_publicize_done_external":null,"_wpas_done_3897181":null,"publicize_twitter_user":null,"_wpas_done_3897175":null,"_wpas_skip_3897181":null,"_wpas_skip_3897175":null,"_wpas_skip_3924723":null,"_wpas_mess":null,"_wpas_done_3924723":null,"wps_subtitle":"","_links":{"self":[{"href":"https:\/\/www.aarquiteta.com.br\/blog\/wp-json\/wp\/v2\/posts\/146904","targetHints":{"allow":["GET"]}}],"collection":[{"href":"https:\/\/www.aarquiteta.com.br\/blog\/wp-json\/wp\/v2\/posts"}],"about":[{"href":"https:\/\/www.aarquiteta.com.br\/blog\/wp-json\/wp\/v2\/types\/post"}],"author":[{"embeddable":true,"href":"https:\/\/www.aarquiteta.com.br\/blog\/wp-json\/wp\/v2\/users\/20"}],"replies":[{"embeddable":true,"href":"https:\/\/www.aarquiteta.com.br\/blog\/wp-json\/wp\/v2\/comments?post=146904"}],"version-history":[{"count":0,"href":"https:\/\/www.aarquiteta.com.br\/blog\/wp-json\/wp\/v2\/posts\/146904\/revisions"}],"wp:featuredmedia":[{"embeddable":true,"href":"https:\/\/www.aarquiteta.com.br\/blog\/wp-json\/wp\/v2\/media\/146903"}],"wp:attachment":[{"href":"https:\/\/www.aarquiteta.com.br\/blog\/wp-json\/wp\/v2\/media?parent=146904"}],"wp:term":[{"taxonomy":"category","embeddable":true,"href":"https:\/\/www.aarquiteta.com.br\/blog\/wp-json\/wp\/v2\/categories?post=146904"},{"taxonomy":"post_tag","embeddable":true,"href":"https:\/\/www.aarquiteta.com.br\/blog\/wp-json\/wp\/v2\/tags?post=146904"}],"curies":[{"name":"wp","href":"https:\/\/api.w.org\/{rel}","templated":true}]}}