{"id":146902,"date":"2025-03-13T20:30:30","date_gmt":"2025-03-13T23:30:30","guid":{"rendered":"https:\/\/www.aarquiteta.com.br\/blog\/protetor-de-sofa-conforto-durabilidade-e-estilo\/"},"modified":"2025-03-13T20:30:30","modified_gmt":"2025-03-13T23:30:30","slug":"protetor-de-sofa-conforto-durabilidade-e-estilo","status":"publish","type":"post","link":"https:\/\/www.aarquiteta.com.br\/blog\/protetor-de-sofa-conforto-durabilidade-e-estilo\/","title":{"rendered":"5 solu\u00e7\u00f5es criativas para escolher o protetor de sof\u00e1 ideal."},"content":{"rendered":"<p>O protetor de sof\u00e1 \u00e9 mais do que um simples acess\u00f3rio; ele \u00e9 um verdadeiro aliado na prote\u00e7\u00e3o e embelezamento do ambiente, garantindo conforto e durabilidade ao estofado.<\/p>\n<h2>Destaques principais<\/h2>\n<ul>\n<li><b>Prote\u00e7\u00e3o e Estilo:<\/b> O protetor de sof\u00e1 n\u00e3o s\u00f3 protege contra sujeira e manchas, mas tamb\u00e9m transforma a decora\u00e7\u00e3o do ambiente.<\/li>\n<li><b>Variedade de Op\u00e7\u00f5es:<\/b> Existem diversos modelos, como os de dupla face e estampados, que se adaptam a diferentes estilos e necessidades.<\/li>\n<li><b>Conforto e Durabilidade:<\/b> Os protetores s\u00e3o feitos com materiais de alta qualidade, garantindo conforto e resist\u00eancia ao longo do tempo.<\/li>\n<\/ul>\n<h2>O que \u00e9 um protetor de sof\u00e1?<\/h2>\n<p>Um protetor de sof\u00e1 \u00e9 uma pe\u00e7a que se coloca sobre o estofado, <b>protegendo-o<\/b> de sujeira, pelos de animais e manchas indesejadas. Al\u00e9m de sua fun\u00e7\u00e3o pr\u00e1tica, ele tamb\u00e9m serve para <b>renovar a est\u00e9tica<\/b> do ambiente, trazendo um toque de estilo e personalidade. Com a variedade de modelos dispon\u00edveis no mercado, \u00e9 poss\u00edvel encontrar op\u00e7\u00f5es que se encaixam perfeitamente em qualquer decora\u00e7\u00e3o, seja ela mais cl\u00e1ssica ou moderna.<\/p>\n<h3>Por que usar um protetor de sof\u00e1?<\/h3>\n<p>Usar um protetor de sof\u00e1 \u00e9 como colocar uma armadura em um cavaleiro; ele <b>defende<\/b> o estofado contra os desafios do dia a dia. Com crian\u00e7as e animais de estima\u00e7\u00e3o em casa, a sujeira e os acidentes s\u00e3o inevit\u00e1veis. Um protetor ajuda a manter o sof\u00e1 limpo e em bom estado, prolongando sua vida \u00fatil. Al\u00e9m disso, ele pode ser facilmente lavado, o que \u00e9 uma m\u00e3o na roda para quem busca praticidade.<\/p>\n<h3>Tipos de protetores de sof\u00e1<\/h3>\n<figure style=\"width: 1024px\" class=\"wp-caption aligncenter\"><img decoding=\"async\" src=\"https:\/\/www.aarquiteta.com.br\/blog\/wp-content\/uploads\/2025\/03\/protetor-de-sofa-dupla-face-manu-3-lugares-king-preto-cinza-1200x675.jpg\" alt=\"5 solu\u00e7\u00f5es criativas para escolher o protetor de sof\u00e1 ideal.\" width=\"1024\" height=\"1024\" title=\"\"><figcaption class=\"wp-caption-text\">Source: <a href=\"https:\/\/ndmais.com.br\/arquitetura-e-decoracao\/protetor-de-sofa-conforto-durabilidade-e-estilo\/\" target=\"_blank\" rel=\"noopener\">NDMAIS<\/a><\/figcaption><\/figure>\n<p>Existem diversos tipos de protetores de sof\u00e1, cada um com suas caracter\u00edsticas e vantagens. O <b>protetor de sof\u00e1 dupla face<\/b>, por exemplo, \u00e9 uma excelente escolha para quem gosta de mudar a decora\u00e7\u00e3o com frequ\u00eancia. Com cores diferentes em cada lado, ele permite que o usu\u00e1rio altere o visual do ambiente sem muito esfor\u00e7o. J\u00e1 os protetores estampados, como o floral, trazem um ar mais alegre e descontra\u00eddo, ideal para quem quer dar vida ao espa\u00e7o.<\/p>\n<h3>Como escolher o protetor ideal?<\/h3>\n<p>Escolher o protetor ideal pode parecer uma tarefa complicada, mas n\u00e3o precisa ser. O primeiro passo \u00e9 considerar o <b>tamanho do sof\u00e1<\/b>. \u00c9 fundamental que o protetor se encaixe perfeitamente, evitando que ele escorregue ou fique desajeitado. Al\u00e9m disso, \u00e9 importante pensar no material. Protetores com enchimento em poli\u00e9ster, por exemplo, oferecem mais conforto e s\u00e3o mais resistentes. Por \u00faltimo, a est\u00e9tica tamb\u00e9m deve ser levada em conta; escolher uma cor ou estampa que harmonize com o restante da decora\u00e7\u00e3o \u00e9 essencial para criar um ambiente agrad\u00e1vel.<\/p>\n<h3>Cuidados e manuten\u00e7\u00e3o<\/h3>\n<h3>Assista agora a minha recomenda\u00e7\u00e3o de video abaixo sobre o tema que estamos tratando neste artigo: <\/h3>\n<p><iframe title=\"YouTube video player\" src=\"\" width=\"560\" height=\"315\" frameborder=\"0\" allowfullscreen=\"allowfullscreen\"><\/iframe><\/p>\n<p>Para que o protetor de sof\u00e1 mantenha sua beleza e funcionalidade, alguns cuidados s\u00e3o necess\u00e1rios. A <b>lavagem regular<\/b> \u00e9 fundamental, e muitos modelos podem ser lavados \u00e0 m\u00e1quina, o que facilita a manuten\u00e7\u00e3o. Al\u00e9m disso, \u00e9 importante evitar o uso de produtos qu\u00edmicos agressivos que possam danificar o tecido. Um pano \u00famido e sab\u00e3o neutro costumam ser suficientes para a limpeza do dia a dia. Com esses cuidados simples, o protetor pode durar muito mais tempo, mantendo o sof\u00e1 sempre bonito e protegido.<\/p>\n<h3>Benef\u00edcios adicionais do protetor de sof\u00e1<\/h3>\n<p>Al\u00e9m de proteger e embelezar, o protetor de sof\u00e1 tamb\u00e9m pode trazer outros benef\u00edcios. Ele pode ajudar a <b>reduzir alergias<\/b>, j\u00e1 que evita o ac\u00famulo de poeira e pelos. Para quem tem animais de estima\u00e7\u00e3o, isso \u00e9 uma grande vantagem. Outro ponto positivo \u00e9 que, ao usar um protetor, o sof\u00e1 fica menos exposto ao desgaste natural, o que significa que ele pode durar mais tempo, economizando dinheiro a longo prazo. Em resumo, um protetor de sof\u00e1 \u00e9 um investimento inteligente para qualquer lar.<\/p>\n<h2>Conclus\u00e3o<\/h2>\n<p>Em suma, o protetor de sof\u00e1 \u00e9 uma pe\u00e7a essencial para quem deseja aliar <b>conforto, durabilidade e estilo<\/b> em sua casa. Com uma variedade de op\u00e7\u00f5es dispon\u00edveis, \u00e9 poss\u00edvel encontrar o modelo perfeito que atenda \u00e0s necessidades e ao gosto pessoal de cada um. Ao escolher um protetor, o usu\u00e1rio n\u00e3o s\u00f3 protege seu sof\u00e1, mas tamb\u00e9m transforma o ambiente, criando um espa\u00e7o mais acolhedor e agrad\u00e1vel. Portanto, n\u00e3o hesite em investir nessa pe\u00e7a que, com certeza, far\u00e1 toda a diferen\u00e7a no seu lar.<\/p>\n","protected":false},"excerpt":{"rendered":"<p>O protetor de sof\u00e1 \u00e9 mais do que um simples acess\u00f3rio; ele \u00e9 um verdadeiro aliado na prote\u00e7\u00e3o e embelezamento do ambiente, garantindo conforto e durabilidade ao estofado. Destaques principais Prote\u00e7\u00e3o e Estilo: O protetor de sof\u00e1 n\u00e3o s\u00f3 protege contra sujeira e manchas, mas tamb\u00e9m transforma a decora\u00e7\u00e3o do ambiente. Variedade de Op\u00e7\u00f5es: Existem [&hellip;]<\/p>\n","protected":false},"author":102,"featured_media":146901,"comment_status":"open","ping_status":"","sticky":false,"template":"","format":"standard","meta":{"footnotes":""},"categories":[249,19127],"tags":[],"class_list":["post-146902","post","type-post","status-publish","format-standard","has-post-thumbnail","category-engenharia-e-construcao-civil","category-reforma-e-manutencao"],"_wp_attached_file":null,"_wp_attachment_metadata":null,"_wp_attachment_context":null,"_wp_attachment_is_custom_header":null,"geo_longitude":null,"geo_public":null,"geo_latitude":null,"_publicize_done_external":null,"_wpas_done_3897181":null,"publicize_twitter_user":null,"_wpas_done_3897175":null,"_wpas_skip_3897181":null,"_wpas_skip_3897175":null,"_wpas_skip_3924723":null,"_wpas_mess":null,"_wpas_done_3924723":null,"wps_subtitle":"","_links":{"self":[{"href":"https:\/\/www.aarquiteta.com.br\/blog\/wp-json\/wp\/v2\/posts\/146902","targetHints":{"allow":["GET"]}}],"collection":[{"href":"https:\/\/www.aarquiteta.com.br\/blog\/wp-json\/wp\/v2\/posts"}],"about":[{"href":"https:\/\/www.aarquiteta.com.br\/blog\/wp-json\/wp\/v2\/types\/post"}],"author":[{"embeddable":true,"href":"https:\/\/www.aarquiteta.com.br\/blog\/wp-json\/wp\/v2\/users\/102"}],"replies":[{"embeddable":true,"href":"https:\/\/www.aarquiteta.com.br\/blog\/wp-json\/wp\/v2\/comments?post=146902"}],"version-history":[{"count":0,"href":"https:\/\/www.aarquiteta.com.br\/blog\/wp-json\/wp\/v2\/posts\/146902\/revisions"}],"wp:featuredmedia":[{"embeddable":true,"href":"https:\/\/www.aarquiteta.com.br\/blog\/wp-json\/wp\/v2\/media\/146901"}],"wp:attachment":[{"href":"https:\/\/www.aarquiteta.com.br\/blog\/wp-json\/wp\/v2\/media?parent=146902"}],"wp:term":[{"taxonomy":"category","embeddable":true,"href":"https:\/\/www.aarquiteta.com.br\/blog\/wp-json\/wp\/v2\/categories?post=146902"},{"taxonomy":"post_tag","embeddable":true,"href":"https:\/\/www.aarquiteta.com.br\/blog\/wp-json\/wp\/v2\/tags?post=146902"}],"curies":[{"name":"wp","href":"https:\/\/api.w.org\/{rel}","templated":true}]}}