{"id":146898,"date":"2025-03-13T17:45:33","date_gmt":"2025-03-13T20:45:33","guid":{"rendered":"https:\/\/www.aarquiteta.com.br\/blog\/quarto-industrial\/"},"modified":"2025-03-13T17:45:33","modified_gmt":"2025-03-13T20:45:33","slug":"quarto-industrial","status":"publish","type":"post","link":"https:\/\/www.aarquiteta.com.br\/blog\/quarto-industrial\/","title":{"rendered":"Transforme seu Quarto com Estilo Industrial: 70 Ideias Incr\u00edveis que Voc\u00ea Precisa Conhecer!"},"content":{"rendered":"<p>Transformar seu quarto com estilo industrial \u00e9 mais simples do que imagina! Aqui, voc\u00ea vai conhecer 70 ideias incrivelmente criativas e pr\u00e1ticas.<\/p>\n<h3>Por que optar pelo estilo industrial?<\/h3>\n<figure style=\"width: 1024px\" class=\"wp-caption aligncenter\"><img decoding=\"async\" src=\"https:\/\/www.aarquiteta.com.br\/blog\/wp-content\/uploads\/2025\/03\/quarto-industrial-5-730x486.jpg\" alt=\"Foto de quarto industrial 6 - 6\" title=\"\"><figcaption class=\"wp-caption-text\">Foto de quarto industrial 6 &#8211; 6<\/figcaption><\/figure>\n<p>Voc\u00ea j\u00e1 parou pra pensar como o <b>estilo industrial<\/b> traz um ar despojado e moderno ao ambiente? Com elementos r\u00fasticos e urbanos, fica dif\u00edcil n\u00e3o se apaixonar! Esse estilo mistura o que h\u00e1 de melhor em conforto e est\u00e9tica.<\/p>\n<h3>Elementos-chave para um quarto industrial<\/h3>\n<figure style=\"width: 1024px\" class=\"wp-caption aligncenter\"><img decoding=\"async\" src=\"https:\/\/www.aarquiteta.com.br\/blog\/wp-content\/uploads\/2025\/03\/quarto-industrial01.jpg\" alt=\"70 Ideias para ter um Quarto com Estilo Industrial\" width=\"1024\" height=\"1024\" title=\"\"><figcaption class=\"wp-caption-text\">70 Ideias para ter um Quarto com Estilo Industrial<\/figcaption><\/figure>\n<p>Primeiro, os acabamentos r\u00fasticos s\u00e3o uma marca forte. Level up se voc\u00ea incluir <b>tijolinhos \u00e0 vista<\/b> ou paredes de cimento queimado. Isso n\u00e3o \u00e9 s\u00f3 lindo, \u00e9 uma verdadeira obra de arte na decora\u00e7\u00e3o.<\/p>\n<h3>Ilumina\u00e7\u00e3o que transforma<\/h3>\n<figure style=\"width: 1024px\" class=\"wp-caption aligncenter\"><img decoding=\"async\" src=\"https:\/\/www.aarquiteta.com.br\/blog\/wp-content\/uploads\/2025\/03\/quarto-industrial-00.jpg\" alt=\"Foto de quarto industrial 1 - 1\" title=\"\"><figcaption class=\"wp-caption-text\">Foto de quarto industrial 1 &#8211; 1<\/figcaption><\/figure>\n<p>A ilumina\u00e7\u00e3o \u00e9 tudo, e por isso os pendentes aramados s\u00e3o essenciais. Eles s\u00e3o pr\u00e1ticos e d\u00e3o um toque <b>charmoso<\/b> ao ambiente. Que tal um modelo retro que lembre as f\u00e1bricas antigas?<\/p>\n<h3>Materiais que fazem a diferen\u00e7a<\/h3>\n<figure style=\"width: 1024px\" class=\"wp-caption aligncenter\"><img decoding=\"async\" src=\"https:\/\/www.aarquiteta.com.br\/blog\/wp-content\/uploads\/2025\/03\/quarto-industrial02.jpg\" alt=\"70 Ideias para ter um Quarto com Estilo Industrial\" width=\"1024\" height=\"1024\" title=\"\"><figcaption class=\"wp-caption-text\">70 Ideias para ter um Quarto com Estilo Industrial<\/figcaption><\/figure>\n<p>Use pe\u00e7as em metal, como prateleiras e m\u00f3veis. Isso cria um visual robusto e atraente. Ao misturar <b>madeira e metal<\/b>, voc\u00ea garante que a sua decora\u00e7\u00e3o seja, ao mesmo tempo, acolhedora e estilosa.<\/p>\n<h3>Inspira\u00e7\u00e3o em cores<\/h3>\n<figure style=\"width: 1024px\" class=\"wp-caption aligncenter\"><img decoding=\"async\" src=\"https:\/\/www.aarquiteta.com.br\/blog\/wp-content\/uploads\/2025\/03\/quarto-industrial-1-730x1095.jpg\" alt=\"Foto de quarto industrial 2 - 2\" title=\"\"><figcaption class=\"wp-caption-text\">Foto de quarto industrial 2 &#8211; 2<\/figcaption><\/figure>\n<p>As cores tamb\u00e9m contam uma hist\u00f3ria. Invista em tons escuros, como preto e cinza, mas n\u00e3o tenha medo de adicionar uma pitada de cor. Um <b>detalhe em vermelho<\/b> ou rosa pode quebrar a seriedade e trazer mais alegria ao espa\u00e7o!<\/p>\n<h3>Personaliza\u00e7\u00e3o \u00e9 a chave<\/h3>\n<figure style=\"width: 1024px\" class=\"wp-caption aligncenter\"><img decoding=\"async\" src=\"https:\/\/www.aarquiteta.com.br\/blog\/wp-content\/uploads\/2025\/03\/quarto-industrial03.jpg\" alt=\"70 Ideias para ter um Quarto com Estilo Industrial\" width=\"1024\" height=\"1024\" title=\"\"><figcaption class=\"wp-caption-text\">70 Ideias para ter um Quarto com Estilo Industrial<\/figcaption><\/figure>\n<p>Ah, personaliza\u00e7\u00e3o! Que tal expor seus <b>quadros favoritos<\/b> ou criar uma \u201cgallery wall\u201d? Isso traz sua ess\u00eancia para o quarto e faz com que o espa\u00e7o seja realmente seu.<\/p>\n<h3>O uso de plantas no ambiente<\/h3>\n<figure style=\"width: 1024px\" class=\"wp-caption aligncenter\"><img decoding=\"async\" src=\"https:\/\/www.aarquiteta.com.br\/blog\/wp-content\/uploads\/2025\/03\/quarto-industrial-2-730x541.jpg\" alt=\"Foto de quarto industrial 3 - 3\" title=\"\"><figcaption class=\"wp-caption-text\">Foto de quarto industrial 3 &#8211; 3<\/figcaption><\/figure>\n<p>Plantas s\u00e3o \u00f3timas para decorar. Al\u00e9m de trazer vida, elas purificam o ar. Uma <b>suculenta<\/b> na mesinha de cabeceira \u00e9 super estilosa e f\u00e1cil de cuidar, mesmo pra quem n\u00e3o tem talento com jardinagem!<\/p>\n<h3>Desafios e solu\u00e7\u00f5es no estilo industrial<\/h3>\n<figure style=\"width: 1024px\" class=\"wp-caption aligncenter\"><img decoding=\"async\" src=\"https:\/\/www.aarquiteta.com.br\/blog\/wp-content\/uploads\/2025\/03\/quarto-industrial4.jpg\" alt=\"70 Ideias para ter um Quarto com Estilo Industrial\" width=\"1024\" height=\"1024\" title=\"\"><figcaption class=\"wp-caption-text\">70 Ideias para ter um Quarto com Estilo Industrial<\/figcaption><\/figure>\n<p>Voc\u00ea pode achar que o estilo industrial \u00e9 s\u00f3 pra quem tem quartos enormes. Ledo engano! \u00c9 poss\u00edvel fazer pequenas mudan\u00e7as que geram um baita impacto e \u2022 o quarto pequeno tamb\u00e9m pode ser incr\u00edvel!<\/p>\n<p>Com essas 70 ideias, voc\u00ea est\u00e1 mais do que preparado para <b>transformar seu quarto<\/b> em um espa\u00e7o com estilo industrial incr\u00edvel. Vamos arrega\u00e7ar as mangas e por a m\u00e3o na massa?<\/p>\n<figure style=\"width: 1024px\" class=\"wp-caption aligncenter\"><img decoding=\"async\" src=\"https:\/\/www.aarquiteta.com.br\/blog\/wp-content\/uploads\/2025\/03\/quarto-industrial-3-730x487.jpg\" alt=\"Foto de quarto industrial 4 - 4\" title=\"\"><figcaption class=\"wp-caption-text\">Foto de quarto industrial 4 &#8211; 4<\/figcaption><\/figure>\n<h3>Para se aprofundar mais sobre o tema, veja a minha recomenda\u00e7\u00e3o sobre o tema deste artigo no v\u00eddeo a seguir abaixo:<\/h3>\n<p><iframe title=\"YouTube video player\" src=\"https:\/\/www.youtube.com\/embed\/cC1Hq4LdA2I\" width=\"560\" height=\"315\" frameborder=\"0\" allowfullscreen=\"allowfullscreen\"><\/iframe><\/p>\n<figure style=\"width: 1024px\" class=\"wp-caption aligncenter\"><img decoding=\"async\" src=\"https:\/\/www.aarquiteta.com.br\/blog\/wp-content\/uploads\/2025\/03\/quarto-industrial-4-730x602.jpg\" alt=\"Foto de quarto industrial 5 - 5\" title=\"\"><figcaption class=\"wp-caption-text\">Foto de quarto industrial 5 &#8211; 5<\/figcaption><\/figure>\n","protected":false},"excerpt":{"rendered":"<p>Descubra 70 ideias criativas e inspiradoras para transformar o seu quarto com estilo industrial.<\/p>\n","protected":false},"author":102,"featured_media":146891,"comment_status":"open","ping_status":"","sticky":false,"template":"","format":"standard","meta":{"footnotes":""},"categories":[1484],"tags":[],"class_list":["post-146898","post","type-post","status-publish","format-standard","has-post-thumbnail","category-decoracao"],"_wp_attached_file":null,"_wp_attachment_metadata":null,"_wp_attachment_context":null,"_wp_attachment_is_custom_header":null,"geo_longitude":null,"geo_public":null,"geo_latitude":null,"_publicize_done_external":null,"_wpas_done_3897181":null,"publicize_twitter_user":null,"_wpas_done_3897175":null,"_wpas_skip_3897181":null,"_wpas_skip_3897175":null,"_wpas_skip_3924723":null,"_wpas_mess":null,"_wpas_done_3924723":null,"wps_subtitle":"","_links":{"self":[{"href":"https:\/\/www.aarquiteta.com.br\/blog\/wp-json\/wp\/v2\/posts\/146898","targetHints":{"allow":["GET"]}}],"collection":[{"href":"https:\/\/www.aarquiteta.com.br\/blog\/wp-json\/wp\/v2\/posts"}],"about":[{"href":"https:\/\/www.aarquiteta.com.br\/blog\/wp-json\/wp\/v2\/types\/post"}],"author":[{"embeddable":true,"href":"https:\/\/www.aarquiteta.com.br\/blog\/wp-json\/wp\/v2\/users\/102"}],"replies":[{"embeddable":true,"href":"https:\/\/www.aarquiteta.com.br\/blog\/wp-json\/wp\/v2\/comments?post=146898"}],"version-history":[{"count":0,"href":"https:\/\/www.aarquiteta.com.br\/blog\/wp-json\/wp\/v2\/posts\/146898\/revisions"}],"wp:featuredmedia":[{"embeddable":true,"href":"https:\/\/www.aarquiteta.com.br\/blog\/wp-json\/wp\/v2\/media\/146891"}],"wp:attachment":[{"href":"https:\/\/www.aarquiteta.com.br\/blog\/wp-json\/wp\/v2\/media?parent=146898"}],"wp:term":[{"taxonomy":"category","embeddable":true,"href":"https:\/\/www.aarquiteta.com.br\/blog\/wp-json\/wp\/v2\/categories?post=146898"},{"taxonomy":"post_tag","embeddable":true,"href":"https:\/\/www.aarquiteta.com.br\/blog\/wp-json\/wp\/v2\/tags?post=146898"}],"curies":[{"name":"wp","href":"https:\/\/api.w.org\/{rel}","templated":true}]}}