{"id":146843,"date":"2025-03-13T08:08:30","date_gmt":"2025-03-13T11:08:30","guid":{"rendered":"https:\/\/www.aarquiteta.com.br\/blog\/revestimento-com-relevo-decoracao-para-ver-e-sentir\/"},"modified":"2025-03-13T08:08:30","modified_gmt":"2025-03-13T11:08:30","slug":"revestimento-com-relevo-decoracao-para-ver-e-sentir","status":"publish","type":"post","link":"https:\/\/www.aarquiteta.com.br\/blog\/revestimento-com-relevo-decoracao-para-ver-e-sentir\/","title":{"rendered":"Revestimento Texturizado: O Toque que Transforma sua Decora\u00e7\u00e3o!"},"content":{"rendered":"<p>Voc\u00ea j\u00e1 percebeu como um simples detalhe pode transformar completamente a decora\u00e7\u00e3o da sua sala? Os <b>revestimentos com relevo<\/b> est\u00e3o aqui para mostrar isso!<\/p>\n<h3>O que s\u00e3o Revestimentos com Relevo?<\/h3>\n<figure style=\"width: 1024px\" class=\"wp-caption aligncenter\"><img decoding=\"async\" src=\"https:\/\/www.aarquiteta.com.br\/blog\/wp-content\/uploads\/2025\/03\/revestimento-com-relevo-decoracao-para-ver-e-sentir-01.jpg\" alt=\"Revestimento com Relevo: Decora\u00e7\u00e3o para Ver e Sentir\" width=\"1024\" height=\"1024\" title=\"\"><figcaption class=\"wp-caption-text\">Revestimento com Relevo: Decora\u00e7\u00e3o para Ver e Sentir<\/figcaption><\/figure>\n<p>Os <b>revestimentos com relevo<\/b> s\u00e3o aplica\u00e7\u00f5es que criam texturas e formas nos ambientes, tornando tudo muito mais atraente. Eles trazem um efeito tridimensional, que faz qualquer espa\u00e7o se destacar.<\/p>\n<h3>Estilo e Eleg\u00e2ncia<\/h3>\n<figure style=\"width: 1024px\" class=\"wp-caption aligncenter\"><img decoding=\"async\" src=\"https:\/\/www.aarquiteta.com.br\/blog\/wp-content\/uploads\/2025\/03\/1697068192598568-1120x700.jpg\" alt=\"Paredes texturizadas que elevam o visual do ambiente, tornando-o acolhedor.\" title=\"\"><figcaption class=\"wp-caption-text\">Paredes texturizadas que elevam o visual do ambiente, tornando-o acolhedor.<\/figcaption><\/figure>\n<p>Op\u00e7\u00f5es de <b>revestimentos com relevo<\/b> podem variar de estilos r\u00fasticos a contempor\u00e2neos. Com isso, \u00e9 poss\u00edvel encontrar o tipo ideal para cada ambiente, sempre com muita <b>eleg\u00e2ncia<\/b>!<\/p>\n<h3>Praticidade em Diversos Ambientes<\/h3>\n<figure style=\"width: 1024px\" class=\"wp-caption aligncenter\"><img decoding=\"async\" src=\"https:\/\/www.aarquiteta.com.br\/blog\/wp-content\/uploads\/2025\/03\/1697067910550568-1200x750.jpg\" alt=\"Revestimento com relevo: este produto \u00e9 resistente e f\u00e1cil de limpar, ideal para ambientes \u00famidos como cozinhas e banheiros.\" title=\"\"><figcaption class=\"wp-caption-text\">Revestimento com relevo: este produto \u00e9 resistente e f\u00e1cil de limpar, ideal para ambientes \u00famidos como cozinhas e banheiros.<\/figcaption><\/figure>\n<p>Al\u00e9m de bonitos, esses revestimentos s\u00e3o pr\u00e1ticos. Eles podem ser usados em <b>salas<\/b>, <b>cozinhas<\/b> e at\u00e9 em banheiros, garantindo que cada canto tenha seu charme especial.<\/p>\n<h3>Resist\u00eancia ao Longo do Tempo<\/h3>\n<figure style=\"width: 1024px\" class=\"wp-caption aligncenter\"><img decoding=\"async\" src=\"https:\/\/www.aarquiteta.com.br\/blog\/wp-content\/uploads\/2025\/03\/revestimento-com-relevo-decoracao-para-ver-e-sentir-02.jpg\" alt=\"Revestimento com Relevo: Decora\u00e7\u00e3o para Ver e Sentir\" width=\"1024\" height=\"1024\" title=\"\"><figcaption class=\"wp-caption-text\">Revestimento com Relevo: Decora\u00e7\u00e3o para Ver e Sentir<\/figcaption><\/figure>\n<p>Outro ponto positivo \u00e9 a <b>resist\u00eancia<\/b>. Muitos revestimentos s\u00e3o feitos de materiais que suportam bem o tempo e os desgastes do dia a dia. Isso significa menos preocupa\u00e7\u00f5es na hora de decorar!<\/p>\n<h3>Como Escolher o Revestimento Perfeito<\/h3>\n<figure style=\"width: 1024px\" class=\"wp-caption aligncenter\"><img decoding=\"async\" src=\"https:\/\/www.aarquiteta.com.br\/blog\/wp-content\/uploads\/2025\/03\/169706796557845-1120x800.jpg\" alt=\"Cer\u00e2mica com diferentes texturas que adicionam um efeito est\u00e9tico agrad\u00e1vel.\" title=\"\"><figcaption class=\"wp-caption-text\">Cer\u00e2mica com diferentes texturas que adicionam um efeito est\u00e9tico agrad\u00e1vel.<\/figcaption><\/figure>\n<p>\u00c9 importante considerar a <b>textura<\/b> e as cores que combinam com o restante da decora\u00e7\u00e3o. Aposte em uma paleta que converse com os m\u00f3veis e a ilumina\u00e7\u00e3o do ambiente.<\/p>\n<h3>Dicas Pr\u00e1ticas para Aplica\u00e7\u00e3o<\/h3>\n<figure style=\"width: 1024px\" class=\"wp-caption aligncenter\"><img decoding=\"async\" src=\"https:\/\/www.aarquiteta.com.br\/blog\/wp-content\/uploads\/2025\/03\/revestimento-com-relevo-decoracao-para-ver-e-sentir-03.jpg\" alt=\"Revestimento com Relevo: Decora\u00e7\u00e3o para Ver e Sentir\" width=\"1024\" height=\"1024\" title=\"\"><figcaption class=\"wp-caption-text\">Revestimento com Relevo: Decora\u00e7\u00e3o para Ver e Sentir<\/figcaption><\/figure>\n<p>Na hora da aplica\u00e7\u00e3o, d\u00e1 pra criar efeitos incr\u00edveis combinando as diferentes <b>texturas<\/b>. Em vez de revestir toda a parede, que tal trabalhar com pain\u00e9is apenas em uma \u00e1rea? Isso d\u00e1 um efeito surpreendente!<\/p>\n<h3>Custos que Valem a Pena<\/h3>\n<figure style=\"width: 1024px\" class=\"wp-caption aligncenter\"><img decoding=\"async\" src=\"https:\/\/www.aarquiteta.com.br\/blog\/wp-content\/uploads\/2025\/03\/16970680534519343-1120x800.jpg\" alt=\"Parede com revestimento que n\u00e3o apenas \u00e9 est\u00e9tico, mas tamb\u00e9m pr\u00e1tico em manuten\u00e7\u00e3o.\" title=\"\"><figcaption class=\"wp-caption-text\">Parede com revestimento que n\u00e3o apenas \u00e9 est\u00e9tico, mas tamb\u00e9m pr\u00e1tico em manuten\u00e7\u00e3o.<\/figcaption><\/figure>\n<p>Investir em <b>revestimentos com relevo<\/b> pode parecer um pouco mais caro, mas o retorno em est\u00e9tica e durabilidade faz tudo valer a pena. Pense no custo-benef\u00edcio e gaste com sabedoria!<\/p>\n<h3>Uma Decora\u00e7\u00e3o para Ver e Sentir<\/h3>\n<figure style=\"width: 1024px\" class=\"wp-caption aligncenter\"><img decoding=\"async\" src=\"https:\/\/www.aarquiteta.com.br\/blog\/wp-content\/uploads\/2025\/03\/revestimento-com-relevo-decoracao-para-ver-e-sentir-4.jpg\" alt=\"Revestimento com Relevo: Decora\u00e7\u00e3o para Ver e Sentir\" width=\"1024\" height=\"1024\" title=\"\"><figcaption class=\"wp-caption-text\">Revestimento com Relevo: Decora\u00e7\u00e3o para Ver e Sentir<\/figcaption><\/figure>\n<p>Por fim, os <b>revestimentos com relevo<\/b> s\u00e3o uma \u00f3tima escolha para quem busca uma decora\u00e7\u00e3o que n\u00e3o s\u00f3 enxerga, mas tamb\u00e9m sente. Experimente e surpreenda-se com o resultado!<\/p>\n<p>Resumindo, os <b>revestimentos com relevo<\/b> s\u00e3o uma combina\u00e7\u00e3o perfeita de estilo, praticidade e resist\u00eancia. Assim, sua decora\u00e7\u00e3o fica linda, dur\u00e1vel e cheia de personalidade!<\/p>\n<figure style=\"width: 1024px\" class=\"wp-caption aligncenter\"><img decoding=\"async\" src=\"https:\/\/www.aarquiteta.com.br\/blog\/wp-content\/uploads\/2025\/03\/16970681014057884-747x1120.jpg\" alt=\"Painel decorativo que refor\u00e7a a import\u00e2ncia do design minimalista e vers\u00e1til.\" title=\"\"><figcaption class=\"wp-caption-text\">Painel decorativo que refor\u00e7a a import\u00e2ncia do design minimalista e vers\u00e1til.<\/figcaption><\/figure>\n<h3>Para se aprofundar mais sobre o tema, veja a minha recomenda\u00e7\u00e3o sobre o tema deste artigo no v\u00eddeo a seguir abaixo:<\/h3>\n<p><iframe title=\"YouTube video player\" src=\"https:\/\/www.youtube.com\/embed\/4VA8889aDbg\" width=\"560\" height=\"315\" frameborder=\"0\" allowfullscreen=\"allowfullscreen\"><\/iframe><\/p>\n<figure style=\"width: 1024px\" class=\"wp-caption aligncenter\"><img decoding=\"async\" src=\"https:\/\/www.aarquiteta.com.br\/blog\/wp-content\/uploads\/2025\/03\/16970682742621522-1120x1087.jpg\" alt=\"Revestimento que promove uma sensa\u00e7\u00e3o de bem-estar, desenvolvido a partir de conchas de sururu.\" title=\"\"><figcaption class=\"wp-caption-text\">Revestimento que promove uma sensa\u00e7\u00e3o de bem-estar, desenvolvido a partir de conchas de sururu.<\/figcaption><\/figure>\n","protected":false},"excerpt":{"rendered":"<p>Explore como os revestimentos com relevo elevam a decora\u00e7\u00e3o com estilo, praticidade e resist\u00eancia, adequados para todos os ambientes.<\/p>\n","protected":false},"author":102,"featured_media":146835,"comment_status":"open","ping_status":"","sticky":false,"template":"","format":"standard","meta":{"footnotes":""},"categories":[35375,971,19206],"tags":[],"class_list":["post-146843","post","type-post","status-publish","format-standard","has-post-thumbnail","category-acabamentos","category-design-de-interiores","category-revestimentos"],"_wp_attached_file":null,"_wp_attachment_metadata":null,"_wp_attachment_context":null,"_wp_attachment_is_custom_header":null,"geo_longitude":null,"geo_public":null,"geo_latitude":null,"_publicize_done_external":null,"_wpas_done_3897181":null,"publicize_twitter_user":null,"_wpas_done_3897175":null,"_wpas_skip_3897181":null,"_wpas_skip_3897175":null,"_wpas_skip_3924723":null,"_wpas_mess":null,"_wpas_done_3924723":null,"wps_subtitle":"","_links":{"self":[{"href":"https:\/\/www.aarquiteta.com.br\/blog\/wp-json\/wp\/v2\/posts\/146843","targetHints":{"allow":["GET"]}}],"collection":[{"href":"https:\/\/www.aarquiteta.com.br\/blog\/wp-json\/wp\/v2\/posts"}],"about":[{"href":"https:\/\/www.aarquiteta.com.br\/blog\/wp-json\/wp\/v2\/types\/post"}],"author":[{"embeddable":true,"href":"https:\/\/www.aarquiteta.com.br\/blog\/wp-json\/wp\/v2\/users\/102"}],"replies":[{"embeddable":true,"href":"https:\/\/www.aarquiteta.com.br\/blog\/wp-json\/wp\/v2\/comments?post=146843"}],"version-history":[{"count":0,"href":"https:\/\/www.aarquiteta.com.br\/blog\/wp-json\/wp\/v2\/posts\/146843\/revisions"}],"wp:featuredmedia":[{"embeddable":true,"href":"https:\/\/www.aarquiteta.com.br\/blog\/wp-json\/wp\/v2\/media\/146835"}],"wp:attachment":[{"href":"https:\/\/www.aarquiteta.com.br\/blog\/wp-json\/wp\/v2\/media?parent=146843"}],"wp:term":[{"taxonomy":"category","embeddable":true,"href":"https:\/\/www.aarquiteta.com.br\/blog\/wp-json\/wp\/v2\/categories?post=146843"},{"taxonomy":"post_tag","embeddable":true,"href":"https:\/\/www.aarquiteta.com.br\/blog\/wp-json\/wp\/v2\/tags?post=146843"}],"curies":[{"name":"wp","href":"https:\/\/api.w.org\/{rel}","templated":true}]}}