{"id":146772,"date":"2025-03-12T14:41:59","date_gmt":"2025-03-12T17:41:59","guid":{"rendered":"https:\/\/www.aarquiteta.com.br\/blog\/mosaicos-minimalistas-2\/"},"modified":"2025-03-12T14:41:59","modified_gmt":"2025-03-12T17:41:59","slug":"mosaicos-minimalistas-2","status":"publish","type":"post","link":"https:\/\/www.aarquiteta.com.br\/blog\/mosaicos-minimalistas-2\/","title":{"rendered":"Descubra Como os Mosaicos Minimalistas Unem Tradi\u00e7\u00e3o e Design Moderno!"},"content":{"rendered":"<p>Voc\u00ea j\u00e1 notou como um simples detalhe pode transformar completamente a decora\u00e7\u00e3o de um ambiente? <b>Mosaicos minimalistas<\/b> s\u00e3o a resposta para quem busca eleg\u00e2ncia e autenticidade.<\/p>\n<h3>O Que S\u00e3o Mosaicos Minimalistas?<\/h3>\n<figure style=\"width: 1024px\" class=\"wp-caption aligncenter\"><img decoding=\"async\" src=\"https:\/\/www.aarquiteta.com.br\/blog\/wp-content\/uploads\/2025\/03\/mosaicos-minimalistas-01.jpg\" alt=\"Mosaicos minimalistas: t\u00e9cnica tradicional e design contempor\u00e2neo\" width=\"1024\" height=\"1024\" title=\"\"><figcaption class=\"wp-caption-text\">Mosaicos minimalistas: t\u00e9cnica tradicional e design contempor\u00e2neo<\/figcaption><\/figure>\n<p><b>Mosaicos minimalistas<\/b> s\u00e3o uma forma de arte que une t\u00e9cnica tradicional e design contempor\u00e2neo.<\/p>\n<p>Esses mosaicos trazem linhas simples e tons neutros, criando um efeito visual impactante.<\/p>\n<h3>A Arte do Mosaico e sua Hist\u00f3ria<\/h3>\n<figure style=\"width: 1024px\" class=\"wp-caption aligncenter\"><img decoding=\"async\" src=\"https:\/\/www.aarquiteta.com.br\/blog\/wp-content\/uploads\/2025\/03\/mosaicos-mosarte-portobello-2-747x1120.jpg\" alt=\"Sinergia entre Portobello e Mosarte favorece parceria para oferecer mosaicos minimalistas (Projeto: Portobello)\" title=\"\"><figcaption class=\"wp-caption-text\">Sinergia entre Portobello e Mosarte favorece parceria para oferecer mosaicos minimalistas (Projeto: Portobello)<\/figcaption><\/figure>\n<p>A t\u00e9cnica do mosaico tem ra\u00edzes na antiguidade. Era usada por romanos e gregos para adornar pisos e paredes.<\/p>\n<p>Hoje, essa arte se encontra renovada com <b>design contempor\u00e2neo<\/b>, trazendo frescor ao cl\u00e1ssico.<\/p>\n<h3>Mosasrt: A Marca<\/h3>\n<figure style=\"width: 1024px\" class=\"wp-caption aligncenter\"><img decoding=\"async\" src=\"https:\/\/www.aarquiteta.com.br\/blog\/wp-content\/uploads\/2025\/03\/mosaicos-mosarte-portobello-800x1200.jpg\" alt=\"Mosaicos minimalistas da Mosarte chegam \u00e0s lojas Portobello Shop em diferentes op\u00e7\u00f5es (Projeto: Portobello)\" title=\"\"><figcaption class=\"wp-caption-text\">Mosaicos minimalistas da Mosarte chegam \u00e0s lojas Portobello Shop em diferentes op\u00e7\u00f5es (Projeto: Portobello)<\/figcaption><\/figure>\n<p>Particularmente, a Mosarte se destaca por suas obras que misturam tradi\u00e7\u00e3o e inova\u00e7\u00e3o.<\/p>\n<p>Com a cole\u00e7\u00e3o <b>Senza Tempo<\/b>, a marca eleva o mosaico a um novo patamar. \u00c9 uma verdadeira dan\u00e7a de formas e cores!<\/p>\n<h3>A Eleg\u00e2ncia da Cole\u00e7\u00e3o Senza Tempo<\/h3>\n<figure style=\"width: 1024px\" class=\"wp-caption aligncenter\"><img decoding=\"async\" src=\"https:\/\/www.aarquiteta.com.br\/blog\/wp-content\/uploads\/2025\/03\/mosaicos-minimalistas-02.jpg\" alt=\"Mosaicos minimalistas: t\u00e9cnica tradicional e design contempor\u00e2neo\" width=\"1024\" height=\"1024\" title=\"\"><figcaption class=\"wp-caption-text\">Mosaicos minimalistas: t\u00e9cnica tradicional e design contempor\u00e2neo<\/figcaption><\/figure>\n<p>A cole\u00e7\u00e3o <b>Senza Tempo<\/b> oferece produtos que trazem uma profunda conex\u00e3o com a natureza. As texturas e cores remetem a elementos naturais.<\/p>\n<p>Confesso: cada pe\u00e7a \u00e9 como uma obra de arte que voc\u00ea pode ter na sua casa. Quer algo mais chic?<\/p>\n<h3>Como Usar Mosaicos Minimalistas na Decora\u00e7\u00e3o<\/h3>\n<figure style=\"width: 1024px\" class=\"wp-caption aligncenter\"><img decoding=\"async\" src=\"https:\/\/www.aarquiteta.com.br\/blog\/wp-content\/uploads\/2025\/03\/image-12-1200x1200.jpg\" alt=\"Para formar um mosaico, materiais de diferentes formas e cores podem ser usados (Projeto: Portobello)\" title=\"\"><figcaption class=\"wp-caption-text\">Para formar um mosaico, materiais de diferentes formas e cores podem ser usados (Projeto: Portobello)<\/figcaption><\/figure>\n<p>Para quem tem medo de errar, a dica \u00e9 simples: busque <b>harmonia<\/b>.<\/p>\n<p>Combinar mosaicos com m\u00f3veis neutros cria um efeito equilibrado. Voc\u00ea n\u00e3o vai querer uma competi\u00e7\u00e3o de designs, n\u00e3o \u00e9 mesmo?<\/p>\n<h3>Onde Aplicar Mosaicos Minimalistas?<\/h3>\n<figure style=\"width: 1024px\" class=\"wp-caption aligncenter\"><img decoding=\"async\" src=\"https:\/\/www.aarquiteta.com.br\/blog\/wp-content\/uploads\/2025\/03\/mosaicos-minimalistas-03.jpg\" alt=\"Mosaicos minimalistas: t\u00e9cnica tradicional e design contempor\u00e2neo\" width=\"1024\" height=\"1024\" title=\"\"><figcaption class=\"wp-caption-text\">Mosaicos minimalistas: t\u00e9cnica tradicional e design contempor\u00e2neo<\/figcaption><\/figure>\n<p>Esses mosaicos podem ser usados em v\u00e1rios ambientes. Desde a cozinha at\u00e9 o banheiro, as possibilidades s\u00e3o imensas.<\/p>\n<p>Um backsplash de mosaico na cozinha? Pode apostar! Versatilidade \u00e9 a palavra-chave.<\/p>\n<h3>O Toque Final<\/h3>\n<figure style=\"width: 1024px\" class=\"wp-caption aligncenter\"><img decoding=\"async\" src=\"https:\/\/www.aarquiteta.com.br\/blog\/wp-content\/uploads\/2025\/03\/image-13-848x1200.jpg\" alt=\"\u00c9 poss\u00edvel usar diferentes materiais para formar mosaicos. Entre eles, pedra e cer\u00e2mica (Projeto: Portobello)\" title=\"\"><figcaption class=\"wp-caption-text\">\u00c9 poss\u00edvel usar diferentes materiais para formar mosaicos. Entre eles, pedra e cer\u00e2mica (Projeto: Portobello)<\/figcaption><\/figure>\n<p>Para finalizar, um mosaico minimalista \u00e9 mais que um detalhe. Ele conta uma hist\u00f3ria, traz uma emo\u00e7\u00e3o.<\/p>\n<p>Quando bem aplicado, transforma qualquer ambiente em um espa\u00e7o sofisticado e acolhedor.<\/p>\n<h3>Resumo dos Principais Pontos<\/h3>\n<figure style=\"width: 1024px\" class=\"wp-caption aligncenter\"><img decoding=\"async\" src=\"https:\/\/www.aarquiteta.com.br\/blog\/wp-content\/uploads\/2025\/03\/mosaicos-minimalistas-4.jpg\" alt=\"Mosaicos minimalistas: t\u00e9cnica tradicional e design contempor\u00e2neo\" width=\"1024\" height=\"1024\" title=\"\"><figcaption class=\"wp-caption-text\">Mosaicos minimalistas: t\u00e9cnica tradicional e design contempor\u00e2neo<\/figcaption><\/figure>\n<p>Mosaicos minimalistas s\u00e3o arte, eleg\u00e2ncia e autenticidade. Com a cole\u00e7\u00e3o <b>Senza Tempo<\/b> da Mosarte, \u00e9 poss\u00edvel renovar seu espa\u00e7o.<\/p>\n<p>Pense com carinho onde essas belezuras podem ser aplicadas! Com um toque de criatividade, a sua casa pode ficar ainda mais especial.<\/p>\n<figure style=\"width: 1024px\" class=\"wp-caption aligncenter\"><img decoding=\"async\" src=\"https:\/\/www.aarquiteta.com.br\/blog\/wp-content\/uploads\/2025\/03\/decoracao-atemporal-mosarte-00-792x1120.jpg\" alt=\"Vers\u00e1teis, mosaicos minimalistas podem decorar estantes e nichos (Projeto: Portobello)\" title=\"\"><figcaption class=\"wp-caption-text\">Vers\u00e1teis, mosaicos minimalistas podem decorar estantes e nichos (Projeto: Portobello)<\/figcaption><\/figure>\n<h3>Para se aprofundar mais sobre o tema, veja a minha recomenda\u00e7\u00e3o sobre o tema deste artigo no v\u00eddeo a seguir abaixo:<\/h3>\n<p><iframe title=\"YouTube video player\" src=\"https:\/\/www.youtube.com\/embed\/woArO9rrVN8\" width=\"560\" height=\"315\" frameborder=\"0\" allowfullscreen=\"allowfullscreen\"><\/iframe><\/p>\n<figure style=\"width: 1024px\" class=\"wp-caption aligncenter\"><img decoding=\"async\" src=\"https:\/\/www.aarquiteta.com.br\/blog\/wp-content\/uploads\/2025\/03\/image-10-848x1200.jpg\" alt=\"Cole\u00e7\u00e3o Senza Tempo \u00e9 atemporal e contempor\u00e2nea (Projeto: Portobello)\" title=\"\"><figcaption class=\"wp-caption-text\">Cole\u00e7\u00e3o Senza Tempo \u00e9 atemporal e contempor\u00e2nea (Projeto: Portobello)<\/figcaption><\/figure>\n","protected":false},"excerpt":{"rendered":"<p>Descubra como os mosaicos minimalistas da Mosarte trazem eleg\u00e2ncia e autenticidade aos ambientes com a cole\u00e7\u00e3o Senza Tempo.<\/p>\n","protected":false},"author":102,"featured_media":146761,"comment_status":"open","ping_status":"","sticky":false,"template":"","format":"standard","meta":{"footnotes":""},"categories":[35375,971,19206],"tags":[],"class_list":["post-146772","post","type-post","status-publish","format-standard","has-post-thumbnail","category-acabamentos","category-design-de-interiores","category-revestimentos"],"_wp_attached_file":null,"_wp_attachment_metadata":null,"_wp_attachment_context":null,"_wp_attachment_is_custom_header":null,"geo_longitude":null,"geo_public":null,"geo_latitude":null,"_publicize_done_external":null,"_wpas_done_3897181":null,"publicize_twitter_user":null,"_wpas_done_3897175":null,"_wpas_skip_3897181":null,"_wpas_skip_3897175":null,"_wpas_skip_3924723":null,"_wpas_mess":null,"_wpas_done_3924723":null,"wps_subtitle":"","_links":{"self":[{"href":"https:\/\/www.aarquiteta.com.br\/blog\/wp-json\/wp\/v2\/posts\/146772","targetHints":{"allow":["GET"]}}],"collection":[{"href":"https:\/\/www.aarquiteta.com.br\/blog\/wp-json\/wp\/v2\/posts"}],"about":[{"href":"https:\/\/www.aarquiteta.com.br\/blog\/wp-json\/wp\/v2\/types\/post"}],"author":[{"embeddable":true,"href":"https:\/\/www.aarquiteta.com.br\/blog\/wp-json\/wp\/v2\/users\/102"}],"replies":[{"embeddable":true,"href":"https:\/\/www.aarquiteta.com.br\/blog\/wp-json\/wp\/v2\/comments?post=146772"}],"version-history":[{"count":0,"href":"https:\/\/www.aarquiteta.com.br\/blog\/wp-json\/wp\/v2\/posts\/146772\/revisions"}],"wp:featuredmedia":[{"embeddable":true,"href":"https:\/\/www.aarquiteta.com.br\/blog\/wp-json\/wp\/v2\/media\/146761"}],"wp:attachment":[{"href":"https:\/\/www.aarquiteta.com.br\/blog\/wp-json\/wp\/v2\/media?parent=146772"}],"wp:term":[{"taxonomy":"category","embeddable":true,"href":"https:\/\/www.aarquiteta.com.br\/blog\/wp-json\/wp\/v2\/categories?post=146772"},{"taxonomy":"post_tag","embeddable":true,"href":"https:\/\/www.aarquiteta.com.br\/blog\/wp-json\/wp\/v2\/tags?post=146772"}],"curies":[{"name":"wp","href":"https:\/\/api.w.org\/{rel}","templated":true}]}}