{"id":146691,"date":"2025-03-11T16:02:27","date_gmt":"2025-03-11T19:02:27","guid":{"rendered":"https:\/\/www.aarquiteta.com.br\/blog\/textura-de-tecido\/"},"modified":"2025-03-11T16:02:27","modified_gmt":"2025-03-11T19:02:27","slug":"textura-de-tecido","status":"publish","type":"post","link":"https:\/\/www.aarquiteta.com.br\/blog\/textura-de-tecido\/","title":{"rendered":"Desvende as Tend\u00eancias que Est\u00e3o Transformando a Arquitetura e o Design com o Archtrends Portobello!"},"content":{"rendered":"<p>Voc\u00ea j\u00e1 percebeu como um simples detalhe pode transformar completamente a decora\u00e7\u00e3o da sua sala? Pois \u00e9, eu tamb\u00e9m! E nesse universo de tend\u00eancias, o <b>Archtrends Portobello<\/b> se destaca ao nos apresentar as novidades em arquitetura e design.<\/p>\n<h3>O que \u00e9 o Archtrends Portobello?<\/h3>\n<figure style=\"width: 1024px\" class=\"wp-caption aligncenter\"><img decoding=\"async\" src=\"https:\/\/www.aarquiteta.com.br\/blog\/wp-content\/uploads\/2025\/03\/textura-de-tecido-01.jpg\" alt=\"Descubra o Archtrends Portobello: Tend\u00eancias em Arquitetura e Design\" width=\"1024\" height=\"1024\" title=\"\"><figcaption class=\"wp-caption-text\">Descubra o Archtrends Portobello: Tend\u00eancias em Arquitetura e Design<\/figcaption><\/figure>\n<p>O <b>Archtrends Portobello<\/b> \u00e9 uma plataforma que traz uma verdadeira enxurrada de inspira\u00e7\u00f5es para quem ama criar ambientes marcantes. O foco aqui? Os <b>revestimentos<\/b>! Essas belezuras s\u00e3o o que tornam nossos espa\u00e7os \u00fanicos e cheios de personalidade.<\/p>\n<h3>Revestimentos que fazem diferen\u00e7a<\/h3>\n<img decoding=\"async\" src=\"\" alt=\"\" title=\"\">\n<p>Os <b>revestimentos<\/b> da Portobello v\u00e3o muito al\u00e9m do b\u00e1sico. S\u00e3o eles que trazem a alma dos ambientes. Desde op\u00e7\u00f5es mais texturizadas at\u00e9 acabamentos brilhantes, a escolha certa leva a qualquer espa\u00e7o a outro n\u00edvel. E quem n\u00e3o quer isso, n\u00e3o \u00e9 mesmo?<\/p>\n<h3>Cores que inspiram<\/h3>\n<img decoding=\"async\" src=\"\" alt=\"\" title=\"\">\n<p>Sabia que as cores podem mudar toda a <b>energia<\/b> do seu lar? Tons terrosos, por exemplo, transmitem aconchego, enquanto os vibrantes trazem vida aos ambientes. \u00c9 s\u00f3 encontrar a paleta perfeita e arrasar na escolha!<\/p>\n<h3>A import\u00e2ncia da ilumina\u00e7\u00e3o<\/h3>\n<figure style=\"width: 1024px\" class=\"wp-caption aligncenter\"><img decoding=\"async\" src=\"https:\/\/www.aarquiteta.com.br\/blog\/wp-content\/uploads\/2025\/03\/textura-de-tecido-02.jpg\" alt=\"Descubra o Archtrends Portobello: Tend\u00eancias em Arquitetura e Design\" width=\"1024\" height=\"1024\" title=\"\"><figcaption class=\"wp-caption-text\">Descubra o Archtrends Portobello: Tend\u00eancias em Arquitetura e Design<\/figcaption><\/figure>\n<p>A luz \u00e9 aquele \u201cdetalhe\u201d que pode salvar a sua <b>decora\u00e7\u00e3o<\/b>. Uma ilumina\u00e7\u00e3o bonita valoriza os revestimentos e d\u00e1 destaque a cada cantinho do seu espa\u00e7o. Como um m\u00e1gico, a modernidade faz com que a ilumina\u00e7\u00e3o seja sua aliada em qualquer projeto.<\/p>\n<h3>Dicas de disposi\u00e7\u00e3o<\/h3>\n<img decoding=\"async\" src=\"\" alt=\"\" title=\"\">\n<p>Na hora de montar o ambiente, n\u00e3o tenha medo de usar a criatividade! Variar a <b>disposi\u00e7\u00e3o<\/b> dos m\u00f3veis pode criar diferentes sensa\u00e7\u00f5es em um mesmo local. Mais espa\u00e7o, mais fluidez e, claro, mais estilo!<\/p>\n<h3>Hist\u00f3rias de sucesso<\/h3>\n<figure style=\"width: 1024px\" class=\"wp-caption aligncenter\"><img decoding=\"async\" src=\"https:\/\/www.aarquiteta.com.br\/blog\/wp-content\/uploads\/2025\/03\/textura-de-tecido-03.jpg\" alt=\"Descubra o Archtrends Portobello: Tend\u00eancias em Arquitetura e Design\" width=\"1024\" height=\"1024\" title=\"\"><figcaption class=\"wp-caption-text\">Descubra o Archtrends Portobello: Tend\u00eancias em Arquitetura e Design<\/figcaption><\/figure>\n<p>Vou te contar: conhe\u00e7o um casal que transformou completamente sua sala com revestimentos da Portobello. O antes e depois foi surreal! As pessoas at\u00e9 perguntam o segredo deles. \u00c0s vezes, a mudan\u00e7a simples \u00e9 a mais eficaz!<\/p>\n<h3>Refer\u00eancias que inspiram<\/h3>\n<img decoding=\"async\" src=\"\" alt=\"\" title=\"\">\n<p>Os projetos dispon\u00edveis no <b>Archtrends<\/b> servem como refer\u00eancias incr\u00edveis! \u00c9 como folhear uma revista de design que nunca sai de moda. A cada p\u00e1gina, um novo <b>inspirar<\/b> para aplicar em casa.<\/p>\n<h3>A sua vez de brilhar<\/h3>\n<figure style=\"width: 1024px\" class=\"wp-caption aligncenter\"><img decoding=\"async\" src=\"https:\/\/www.aarquiteta.com.br\/blog\/wp-content\/uploads\/2025\/03\/textura-de-tecido-4.jpg\" alt=\"Descubra o Archtrends Portobello: Tend\u00eancias em Arquitetura e Design\" width=\"1024\" height=\"1024\" title=\"\"><figcaption class=\"wp-caption-text\">Descubra o Archtrends Portobello: Tend\u00eancias em Arquitetura e Design<\/figcaption><\/figure>\n<p>Agora que voc\u00ea conhece um pouco mais sobre o <b>Archtrends Portobello<\/b>, que tal embarcar nessa jornada de transforma\u00e7\u00e3o? A escolha dos revestimentos certos pode ser a chave para um espa\u00e7o cheio de hist\u00f3ria e personalidade.<\/p>\n<p>Por isso, n\u00e3o hesite em explorar as op\u00e7\u00f5es dispon\u00edveis e deixe seu lar com a sua cara. Em cada detalhe, h\u00e1 uma oportunidade de se expressar!<\/p>\n<img decoding=\"async\" src=\"\" alt=\"\" title=\"\">\n<h3>Para se aprofundar mais sobre o tema, veja a minha recomenda\u00e7\u00e3o sobre o tema deste artigo no v\u00eddeo a seguir abaixo:<\/h3>\n<p><iframe title=\"YouTube video player\" src=\"https:\/\/www.youtube.com\/embed\/Pe7_ioL-7K4\" width=\"560\" height=\"315\" frameborder=\"0\" allowfullscreen=\"allowfullscreen\"><\/iframe><\/p>\n<img decoding=\"async\" src=\"\" alt=\"\" title=\"\">\n","protected":false},"excerpt":{"rendered":"<p>Explore tend\u00eancias e refer\u00eancias em arquitetura e design com foco em revestimentos no Archtrends da Portobello.<\/p>\n","protected":false},"author":102,"featured_media":146690,"comment_status":"open","ping_status":"","sticky":false,"template":"","format":"standard","meta":{"footnotes":""},"categories":[35375,971,19206],"tags":[],"class_list":["post-146691","post","type-post","status-publish","format-standard","has-post-thumbnail","category-acabamentos","category-design-de-interiores","category-revestimentos"],"_wp_attached_file":null,"_wp_attachment_metadata":null,"_wp_attachment_context":null,"_wp_attachment_is_custom_header":null,"geo_longitude":null,"geo_public":null,"geo_latitude":null,"_publicize_done_external":null,"_wpas_done_3897181":null,"publicize_twitter_user":null,"_wpas_done_3897175":null,"_wpas_skip_3897181":null,"_wpas_skip_3897175":null,"_wpas_skip_3924723":null,"_wpas_mess":null,"_wpas_done_3924723":null,"wps_subtitle":"","_links":{"self":[{"href":"https:\/\/www.aarquiteta.com.br\/blog\/wp-json\/wp\/v2\/posts\/146691","targetHints":{"allow":["GET"]}}],"collection":[{"href":"https:\/\/www.aarquiteta.com.br\/blog\/wp-json\/wp\/v2\/posts"}],"about":[{"href":"https:\/\/www.aarquiteta.com.br\/blog\/wp-json\/wp\/v2\/types\/post"}],"author":[{"embeddable":true,"href":"https:\/\/www.aarquiteta.com.br\/blog\/wp-json\/wp\/v2\/users\/102"}],"replies":[{"embeddable":true,"href":"https:\/\/www.aarquiteta.com.br\/blog\/wp-json\/wp\/v2\/comments?post=146691"}],"version-history":[{"count":0,"href":"https:\/\/www.aarquiteta.com.br\/blog\/wp-json\/wp\/v2\/posts\/146691\/revisions"}],"wp:featuredmedia":[{"embeddable":true,"href":"https:\/\/www.aarquiteta.com.br\/blog\/wp-json\/wp\/v2\/media\/146690"}],"wp:attachment":[{"href":"https:\/\/www.aarquiteta.com.br\/blog\/wp-json\/wp\/v2\/media?parent=146691"}],"wp:term":[{"taxonomy":"category","embeddable":true,"href":"https:\/\/www.aarquiteta.com.br\/blog\/wp-json\/wp\/v2\/categories?post=146691"},{"taxonomy":"post_tag","embeddable":true,"href":"https:\/\/www.aarquiteta.com.br\/blog\/wp-json\/wp\/v2\/tags?post=146691"}],"curies":[{"name":"wp","href":"https:\/\/api.w.org\/{rel}","templated":true}]}}