{"id":146630,"date":"2025-03-10T20:30:32","date_gmt":"2025-03-10T23:30:32","guid":{"rendered":"https:\/\/www.aarquiteta.com.br\/blog\/adeus-ar-condicionado-aparelho-resfria-casa-energia\/"},"modified":"2025-03-10T20:30:32","modified_gmt":"2025-03-10T23:30:32","slug":"adeus-ar-condicionado-aparelho-resfria-casa-energia","status":"publish","type":"post","link":"https:\/\/www.aarquiteta.com.br\/blog\/adeus-ar-condicionado-aparelho-resfria-casa-energia\/","title":{"rendered":"5 solu\u00e7\u00f5es inteligentes para resfriar sua casa e economizar energia."},"content":{"rendered":"<p>Com o calor escaldante do ver\u00e3o, a busca por alternativas ao ar-condicionado se intensifica. Um novo sistema franc\u00eas promete resfriar ambientes de forma eficiente e sustent\u00e1vel, consumindo menos energia e protegendo o meio ambiente.<\/p>\n<h2>Destaques principais<\/h2>\n<ul>\n<li><b>Inova\u00e7\u00e3o Sustent\u00e1vel:<\/b> O sistema Caeli Energie utiliza resfriamento adiab\u00e1tico, reduzindo a temperatura sem gases refrigerantes.<\/li>\n<li><b>Economia de Energia:<\/b> Este aparelho consome at\u00e9 cinco vezes menos energia que os ar-condicionados tradicionais.<\/li>\n<li><b>Design Adapt\u00e1vel:<\/b> Compacto e silencioso, o dispositivo se integra facilmente a diferentes ambientes residenciais.<\/li>\n<\/ul>\n<h2>Sistema inovador franc\u00eas est\u00e1 se tornando tend\u00eancia mundial<\/h2>\n<p>Com as altas temperaturas do ver\u00e3o, o uso do ar-condicionado se tornou uma pr\u00e1tica comum. No entanto, existe uma alternativa inovadora que consome menos energia e protege o meio ambiente, oferecendo uma op\u00e7\u00e3o sustent\u00e1vel e eficiente para quem deseja manter os espa\u00e7os frescos. O <b>Caeli Energie<\/b>, um sistema projetado na Fran\u00e7a, est\u00e1 ganhando destaque por sua abordagem \u00fanica e ecol\u00f3gica.<\/p>\n<h3>O que \u00e9 o Caeli Energie?<\/h3>\n<p>O Caeli Energie \u00e9 um aparelho que utiliza o <b>resfriamento adiab\u00e1tico<\/b>, um m\u00e9todo que aproveita a evapora\u00e7\u00e3o da \u00e1gua para reduzir a temperatura do ambiente. Ao contr\u00e1rio dos ar-condicionados tradicionais, que dependem de gases refrigerantes, esse sistema \u00e9 uma alternativa mais segura e ambientalmente amig\u00e1vel. O design compacto do equipamento elimina a necessidade de uma unidade externa, facilitando a instala\u00e7\u00e3o e se adaptando de forma pr\u00e1tica e elegante a diversas resid\u00eancias.<\/p>\n<h3>Por que funciona melhor que o ar-condicionado<\/h3>\n<figure style=\"width: 1024px\" class=\"wp-caption aligncenter\"><img decoding=\"async\" src=\"https:\/\/www.aarquiteta.com.br\/blog\/wp-content\/uploads\/2025\/03\/caeli-energy.jpg\" alt=\"5 solu\u00e7\u00f5es inteligentes para resfriar sua casa e economizar energia.\" width=\"1024\" height=\"1024\" title=\"\"><figcaption class=\"wp-caption-text\">Source: <a href=\"https:\/\/ndmais.com.br\/arquitetura-e-decoracao\/adeus-ar-condicionado-conheca-o-aparelho-que-resfria-a-casa-e-consome-menos-energia\/\" target=\"_blank\" rel=\"noopener\">NDMAIS<\/a><\/figcaption><\/figure>\n<p>Entre as vantagens que esse resfriador oferece, destaca-se a <b>redu\u00e7\u00e3o do consumo energ\u00e9tico<\/b> em at\u00e9 cinco vezes menos do que os aparelhos convencionais. Essa economia consider\u00e1vel se traduz em uma queda significativa na conta de energia el\u00e9trica, beneficiando tanto os usu\u00e1rios quanto o meio ambiente em um contexto de efici\u00eancia energ\u00e9tica renovada. O design do dispositivo, com formato oval e constru\u00eddo a partir de materiais recicl\u00e1veis, integra-se harmoniosamente a qualquer ambiente.<\/p>\n<h3>Modos de opera\u00e7\u00e3o flex\u00edveis<\/h3>\n<p>O Caeli Energie opera em tr\u00eas modos distintos: <b>inteligente<\/b>, <b>eco<\/b> e <b>boost<\/b>. Cada um permite ajustar a climatiza\u00e7\u00e3o conforme as prefer\u00eancias e necessidades do usu\u00e1rio, garantindo um ambiente ideal e assegurando flexibilidade e personaliza\u00e7\u00e3o. Essa versatilidade \u00e9 um dos pontos altos do aparelho, permitindo que cada usu\u00e1rio encontre a configura\u00e7\u00e3o perfeita para seu espa\u00e7o.<\/p>\n<h3>F\u00e1cil de adaptar a diferentes ambientes<\/h3>\n<h3>Assista agora a minha recomenda\u00e7\u00e3o de video abaixo sobre o tema que estamos tratando neste artigo: <\/h3>\n<p><iframe title=\"YouTube video player\" src=\"\" width=\"560\" height=\"315\" frameborder=\"0\" allowfullscreen=\"allowfullscreen\"><\/iframe><\/p>\n<p>Capaz de climatizar \u00e1reas que variam entre 20 e 40 metros quadrados, esse sistema se adapta a diversos ambientes residenciais. A opera\u00e7\u00e3o silenciosa do aparelho permite desfrutar de um espa\u00e7o sereno e agrad\u00e1vel, sem ru\u00eddos inc\u00f4modos que perturbem a tranquilidade no lar. Embora o custo inicial seja de 2500 euros, o investimento \u00e9 compensado pela economia energ\u00e9tica a longo prazo.<\/p>\n<h3>Impacto ambiental positivo<\/h3>\n<p>O Caeli Energie n\u00e3o apenas proporciona conforto, mas tamb\u00e9m representa um <b>compromisso ecol\u00f3gico<\/b>. Ao eliminar a necessidade de gases refrigerantes e reduzir o consumo de energia, esse sistema se alinha com as crescentes preocupa\u00e7\u00f5es ambientais. Em um mundo onde a sustentabilidade \u00e9 cada vez mais valorizada, essa inova\u00e7\u00e3o se destaca como uma solu\u00e7\u00e3o vi\u00e1vel e respons\u00e1vel.<\/p>\n<h3>O futuro do resfriamento<\/h3>\n<p>Com a crescente demanda por solu\u00e7\u00f5es sustent\u00e1veis, o Caeli Energie pode muito bem ser o futuro do resfriamento. \u00c0 medida que mais pessoas buscam alternativas ao ar-condicionado tradicional, esse sistema franc\u00eas pode se tornar uma escolha popular em lares ao redor do mundo. A combina\u00e7\u00e3o de efici\u00eancia energ\u00e9tica, design moderno e impacto ambiental positivo faz dele uma op\u00e7\u00e3o atraente para quem deseja um lar mais fresco e sustent\u00e1vel.<\/p>\n<h2>Conclus\u00e3o<\/h2>\n<p>O Caeli Energie representa uma revolu\u00e7\u00e3o no modo como as pessoas pensam sobre resfriamento. Com sua tecnologia inovadora e compromisso com a sustentabilidade, esse aparelho n\u00e3o s\u00f3 resfria ambientes, mas tamb\u00e9m contribui para um futuro mais verde. \u00c0 medida que a conscientiza\u00e7\u00e3o sobre a efici\u00eancia energ\u00e9tica cresce, \u00e9 prov\u00e1vel que mais pessoas adotem essa alternativa ao ar-condicionado, tornando suas casas mais confort\u00e1veis e o planeta um lugar melhor.<\/p>\n","protected":false},"excerpt":{"rendered":"<p>Com o calor escaldante do ver\u00e3o, a busca por alternativas ao ar-condicionado se intensifica. Um novo sistema franc\u00eas promete resfriar ambientes de forma eficiente e sustent\u00e1vel, consumindo menos energia e protegendo o meio ambiente. Destaques principais Inova\u00e7\u00e3o Sustent\u00e1vel: O sistema Caeli Energie utiliza resfriamento adiab\u00e1tico, reduzindo a temperatura sem gases refrigerantes. Economia de Energia: Este [&hellip;]<\/p>\n","protected":false},"author":102,"featured_media":146629,"comment_status":"open","ping_status":"","sticky":false,"template":"","format":"standard","meta":{"footnotes":""},"categories":[249,19127],"tags":[],"class_list":["post-146630","post","type-post","status-publish","format-standard","has-post-thumbnail","category-engenharia-e-construcao-civil","category-reforma-e-manutencao"],"_wp_attached_file":null,"_wp_attachment_metadata":null,"_wp_attachment_context":null,"_wp_attachment_is_custom_header":null,"geo_longitude":null,"geo_public":null,"geo_latitude":null,"_publicize_done_external":null,"_wpas_done_3897181":null,"publicize_twitter_user":null,"_wpas_done_3897175":null,"_wpas_skip_3897181":null,"_wpas_skip_3897175":null,"_wpas_skip_3924723":null,"_wpas_mess":null,"_wpas_done_3924723":null,"wps_subtitle":"","_links":{"self":[{"href":"https:\/\/www.aarquiteta.com.br\/blog\/wp-json\/wp\/v2\/posts\/146630","targetHints":{"allow":["GET"]}}],"collection":[{"href":"https:\/\/www.aarquiteta.com.br\/blog\/wp-json\/wp\/v2\/posts"}],"about":[{"href":"https:\/\/www.aarquiteta.com.br\/blog\/wp-json\/wp\/v2\/types\/post"}],"author":[{"embeddable":true,"href":"https:\/\/www.aarquiteta.com.br\/blog\/wp-json\/wp\/v2\/users\/102"}],"replies":[{"embeddable":true,"href":"https:\/\/www.aarquiteta.com.br\/blog\/wp-json\/wp\/v2\/comments?post=146630"}],"version-history":[{"count":0,"href":"https:\/\/www.aarquiteta.com.br\/blog\/wp-json\/wp\/v2\/posts\/146630\/revisions"}],"wp:featuredmedia":[{"embeddable":true,"href":"https:\/\/www.aarquiteta.com.br\/blog\/wp-json\/wp\/v2\/media\/146629"}],"wp:attachment":[{"href":"https:\/\/www.aarquiteta.com.br\/blog\/wp-json\/wp\/v2\/media?parent=146630"}],"wp:term":[{"taxonomy":"category","embeddable":true,"href":"https:\/\/www.aarquiteta.com.br\/blog\/wp-json\/wp\/v2\/categories?post=146630"},{"taxonomy":"post_tag","embeddable":true,"href":"https:\/\/www.aarquiteta.com.br\/blog\/wp-json\/wp\/v2\/tags?post=146630"}],"curies":[{"name":"wp","href":"https:\/\/api.w.org\/{rel}","templated":true}]}}