{"id":146595,"date":"2025-03-10T13:42:54","date_gmt":"2025-03-10T16:42:54","guid":{"rendered":"https:\/\/www.aarquiteta.com.br\/blog\/tons-mocha-mousse-decoracao-2025\/"},"modified":"2025-03-10T13:42:54","modified_gmt":"2025-03-10T16:42:54","slug":"tons-mocha-mousse-decoracao-2025","status":"publish","type":"post","link":"https:\/\/www.aarquiteta.com.br\/blog\/tons-mocha-mousse-decoracao-2025\/","title":{"rendered":"5 Inspira\u00e7\u00f5es com Tons Mocha Mousse para 2025"},"content":{"rendered":"<p><body><\/p>\n<p><b>Voc\u00ea j\u00e1 imaginou uma cor capaz de transformar qualquer ambiente em um espa\u00e7o sofisticado e aconchegante?<\/b> Apresento o <b>Mocha Mousse<\/b>, a tend\u00eancia de 2025 que promete aquecer e dar eleg\u00e2ncia \u00e0 sua decora\u00e7\u00e3o!<\/p>\n<figure style=\"width: 1024px\" class=\"wp-caption aligncenter\"><img decoding=\"async\" src=\"https:\/\/www.aarquiteta.com.br\/blog\/wp-content\/uploads\/2025\/03\/tons-mocha-mousse-decoracao-202501.jpg\" alt=\"Tons Mocha Mousse: A Cor de 2025 na Sua Decora\u00e7\u00e3o\" width=\"1024\" height=\"1024\" title=\"\"><figcaption class=\"wp-caption-text\">Tons Mocha Mousse: A Cor de 2025 na Sua Decora\u00e7\u00e3o<\/figcaption><\/figure>\n<h3>O que \u00e9 o tom Mocha Mousse?<\/h3>\n<p>O <b>Mocha Mousse<\/b> \u00e9 aquela mistura encantadora entre o marrom, o caramelo e um toque de suavidade, criando um tom que lembra um delicioso mousse de chocolate.<\/p>\n<figure style=\"width: 1024px\" class=\"wp-caption aligncenter\"><img decoding=\"async\" src=\"https:\/\/www.aarquiteta.com.br\/blog\/wp-content\/uploads\/2025\/03\/tons-mocha-mousse-decoracao-202502.jpg\" alt=\"Tons Mocha Mousse: A Cor de 2025 na Sua Decora\u00e7\u00e3o\" width=\"1024\" height=\"1024\" title=\"\"><figcaption class=\"wp-caption-text\">Tons Mocha Mousse: A Cor de 2025 na Sua Decora\u00e7\u00e3o<\/figcaption><\/figure>\n<p>Esse tom traz <b>eleg\u00e2ncia<\/b> sem esfor\u00e7o, funcionando como um abra\u00e7o visual que deixa qualquer ambiente mais acolhedor e sofisticado.<\/p>\n<h3>Por que o Mocha Mousse ser\u00e1 a cor de 2025?<\/h3>\n<p>A decora\u00e7\u00e3o segue tend\u00eancias, e o <b>Mocha Mousse<\/b> chega como um reflexo do desejo por aconchego e sofistica\u00e7\u00e3o sem perder a modernidade.<\/p>\n<p>Essa cor se encaixa perfeitamente na busca por espa\u00e7os mais naturais, conectando-se \u00e0 paleta terrosa que tem dominado o design de interiores.<\/p>\n<figure style=\"width: 1024px\" class=\"wp-caption aligncenter\"><img decoding=\"async\" src=\"https:\/\/i.pinimg.com\/originals\/03\/03\/e4\/0303e4f856fa1240a96829d5503afae7.jpg\" alt=\"Tons Mocha Mousse: A Cor de 2025 na Sua Decora\u00e7\u00e3o\" width=\"1024\" height=\"1024\" title=\"\"><figcaption class=\"wp-caption-text\">Fonte: Pinterest<\/figcaption><\/figure>\n<h3>Como usar o Mocha Mousse na decora\u00e7\u00e3o?<\/h3>\n<p>Seja nas <b>paredes<\/b>, m\u00f3veis ou nos detalhes, esse tom cria um visual sofisticado e equilibrado.<\/p>\n<figure style=\"width: 1024px\" class=\"wp-caption aligncenter\"><img decoding=\"async\" src=\"https:\/\/www.aarquiteta.com.br\/blog\/wp-content\/uploads\/2025\/03\/8b14d4df85d1b34ba842e57e2546c6b6.jpg\" alt=\"Tons Mocha Mousse: A Cor de 2025 na Sua Decora\u00e7\u00e3o\" width=\"1024\" height=\"1024\" title=\"\"><figcaption class=\"wp-caption-text\">Fonte: Pinterest<\/figcaption><\/figure>\n<p>Para um ambiente mais <b>moderno<\/b>, combine com tons neutros como bege e cinza. Se prefere algo mais vibrante, adicione toques de dourado ou verde-oliva.<\/p>\n<figure style=\"width: 1024px\" class=\"wp-caption aligncenter\"><img decoding=\"async\" src=\"https:\/\/www.aarquiteta.com.br\/blog\/wp-content\/uploads\/2025\/03\/fa0fd91b117938cab49a917a09836f98.jpg\" alt=\"Tons Mocha Mousse: A Cor de 2025 na Sua Decora\u00e7\u00e3o\" width=\"1024\" height=\"1024\" title=\"\"><figcaption class=\"wp-caption-text\">Fonte: Pinterest<\/figcaption><\/figure>\n<h3>Mocha Mousse nas paredes: sim ou n\u00e3o?<\/h3>\n<p><b>Sim, sim e mil vezes sim!<\/b> Pintar uma parede com esse tom cria profundidade e um visual chique, sem esfor\u00e7o.<\/p>\n<figure style=\"width: 1024px\" class=\"wp-caption aligncenter\"><img decoding=\"async\" src=\"https:\/\/www.aarquiteta.com.br\/blog\/wp-content\/uploads\/2025\/03\/819e904dbb187e9f3851093f28164fe8.jpg\" alt=\"Tons Mocha Mousse: A Cor de 2025 na Sua Decora\u00e7\u00e3o\" width=\"1024\" height=\"1024\" title=\"\"><figcaption class=\"wp-caption-text\">Fonte: Pinterest<\/figcaption><\/figure>\n<p>Se tem medo de ousar, comece com uma parede de destaque ou com um papel de parede em textura suave.<\/p>\n<figure style=\"width: 1024px\" class=\"wp-caption aligncenter\"><img decoding=\"async\" src=\"https:\/\/www.aarquiteta.com.br\/blog\/wp-content\/uploads\/2025\/03\/549b73518f1f3860471fd114a151f1c5-675x1200.jpg\" alt=\"Tons Mocha Mousse: A Cor de 2025 na Sua Decora\u00e7\u00e3o\" width=\"1024\" height=\"1024\" title=\"\"><figcaption class=\"wp-caption-text\">Fonte: Pinterest<\/figcaption><\/figure>\n<h3>Combina\u00e7\u00f5es perfeitas: quais materiais usar?<\/h3>\n<p>Materiais naturais como madeira, couro e linho <b>harmonizam<\/b> lindamente com a tonalidade Mocha Mousse.<\/p>\n<figure style=\"width: 1024px\" class=\"wp-caption aligncenter\"><img decoding=\"async\" src=\"https:\/\/i.pinimg.com\/originals\/1f\/16\/e5\/1f16e586d7276391e34c11472e2925ab.jpg\" alt=\"Tons Mocha Mousse: A Cor de 2025 na Sua Decora\u00e7\u00e3o\" width=\"1024\" height=\"1024\" title=\"\"><figcaption class=\"wp-caption-text\">Fonte: Pinterest<\/figcaption><\/figure>\n<p>O metal dourado traz um toque de luxo, enquanto elementos de vidro deixam o ambiente mais leve e clean.<\/p>\n<h3>Mocha Mousse em m\u00f3veis e objetos decorativos<\/h3>\n<p>Para quem n\u00e3o quer uma mudan\u00e7a radical, aposte em <b>almofadas<\/b>, tapetes, cortinas e at\u00e9 mesmo em sof\u00e1s nesse tom.<\/p>\n<p>Pequenos detalhes fazem toda a diferen\u00e7a e conseguem transformar um ambiente sem precisar de uma reforma completa.<\/p>\n<h3>A cor certa para cada c\u00f4modo<\/h3>\n<p>No <b>quarto<\/b>, o Mocha Mousse cria uma sensa\u00e7\u00e3o de conforto e relaxamento.<\/p>\n<p>J\u00e1 na <b>sala<\/b>, ele traz uma atmosfera refinada. Para cozinhas e banheiros, equilibre com tons claros para n\u00e3o pesar o ambiente.<\/p>\n<p><\/body><\/p>\n","protected":false},"excerpt":{"rendered":"<p>5 Inspira\u00e7\u00f5es com Tons Mocha Mousse para 2025<\/p>\n","protected":false},"author":102,"featured_media":146588,"comment_status":"open","ping_status":"","sticky":false,"template":"","format":"standard","meta":{"footnotes":""},"categories":[1484],"tags":[],"class_list":["post-146595","post","type-post","status-publish","format-standard","has-post-thumbnail","category-decoracao"],"_wp_attached_file":null,"_wp_attachment_metadata":null,"_wp_attachment_context":null,"_wp_attachment_is_custom_header":null,"geo_longitude":null,"geo_public":null,"geo_latitude":null,"_publicize_done_external":null,"_wpas_done_3897181":null,"publicize_twitter_user":null,"_wpas_done_3897175":null,"_wpas_skip_3897181":null,"_wpas_skip_3897175":null,"_wpas_skip_3924723":null,"_wpas_mess":null,"_wpas_done_3924723":null,"wps_subtitle":"","_links":{"self":[{"href":"https:\/\/www.aarquiteta.com.br\/blog\/wp-json\/wp\/v2\/posts\/146595","targetHints":{"allow":["GET"]}}],"collection":[{"href":"https:\/\/www.aarquiteta.com.br\/blog\/wp-json\/wp\/v2\/posts"}],"about":[{"href":"https:\/\/www.aarquiteta.com.br\/blog\/wp-json\/wp\/v2\/types\/post"}],"author":[{"embeddable":true,"href":"https:\/\/www.aarquiteta.com.br\/blog\/wp-json\/wp\/v2\/users\/102"}],"replies":[{"embeddable":true,"href":"https:\/\/www.aarquiteta.com.br\/blog\/wp-json\/wp\/v2\/comments?post=146595"}],"version-history":[{"count":0,"href":"https:\/\/www.aarquiteta.com.br\/blog\/wp-json\/wp\/v2\/posts\/146595\/revisions"}],"wp:featuredmedia":[{"embeddable":true,"href":"https:\/\/www.aarquiteta.com.br\/blog\/wp-json\/wp\/v2\/media\/146588"}],"wp:attachment":[{"href":"https:\/\/www.aarquiteta.com.br\/blog\/wp-json\/wp\/v2\/media?parent=146595"}],"wp:term":[{"taxonomy":"category","embeddable":true,"href":"https:\/\/www.aarquiteta.com.br\/blog\/wp-json\/wp\/v2\/categories?post=146595"},{"taxonomy":"post_tag","embeddable":true,"href":"https:\/\/www.aarquiteta.com.br\/blog\/wp-json\/wp\/v2\/tags?post=146595"}],"curies":[{"name":"wp","href":"https:\/\/api.w.org\/{rel}","templated":true}]}}