{"id":146561,"date":"2025-03-09T19:41:50","date_gmt":"2025-03-09T22:41:50","guid":{"rendered":"https:\/\/www.aarquiteta.com.br\/blog\/porcelanato-para-area-externa-3\/"},"modified":"2025-03-09T19:41:50","modified_gmt":"2025-03-09T22:41:50","slug":"porcelanato-para-area-externa-3","status":"publish","type":"post","link":"https:\/\/www.aarquiteta.com.br\/blog\/porcelanato-para-area-externa-3\/","title":{"rendered":"Descubra como escolher o porcelanato perfeito para transformar suas \u00e1reas externas!"},"content":{"rendered":"<p><body><\/p>\n<p>Voc\u00ea sabe como o <b>porcelanato<\/b> certo pode transformar suas \u00e1reas externas? Vamos juntos descobrir dicas infal\u00edveis para n\u00e3o errar na escolha!<\/p>\n<h3>Escolhendo a textura ideal<\/h3>\n<figure style=\"width: 1024px\" class=\"wp-caption aligncenter\"><img decoding=\"async\" src=\"https:\/\/www.aarquiteta.com.br\/blog\/wp-content\/uploads\/2025\/03\/porcelanato-para-area-externa-02-1-730x449.jpg\" alt=\"A op\u00e7\u00e3o hard deste revestimento confere um toque mais r\u00fastico\" title=\"\"><figcaption class=\"wp-caption-text\">A op\u00e7\u00e3o hard deste revestimento confere um toque mais r\u00fastico<\/figcaption><\/figure>\n<p>A primeira coisa a considerar \u00e9 a <b>textura<\/b> do porcelanato. Se a \u00e1rea externa \u00e9 descoberta, opte por um modelo mais poroso.<\/p>\n<p>Isso garante <b>seguran\u00e7a<\/b> contra escorreg\u00f5es. Para \u00e1reas cobertas, est\u00e9ticos acetinados s\u00e3o bem-vindos!<\/p>\n<h3>A beleza do cimento queimado<\/h3>\n<figure style=\"width: 1024px\" class=\"wp-caption aligncenter\"><img decoding=\"async\" src=\"https:\/\/www.aarquiteta.com.br\/blog\/wp-content\/uploads\/2025\/03\/porcelanato-para-area-externa01.jpg\" alt=\"Como Escolher o Porcelanato Ideal para \u00c1reas Externas\" width=\"1024\" height=\"1024\" title=\"\"><figcaption class=\"wp-caption-text\">Como Escolher o Porcelanato Ideal para \u00c1reas Externas<\/figcaption><\/figure>\n<p>Vamos falar do porcelanato que imita <b>cimento queimado<\/b>. Ele \u00e9 super vers\u00e1til e combina com qualquer estilo. Pode usar no quintal ou na \u00e1rea gourmet!<\/p>\n<p>Um acabamento hard \u00e9 a escolha certa para \u00e1reas expostas ao tempo. Voc\u00ea vai amar o resultado!<\/p>\n<h3>O charme da madeira<\/h3>\n<figure style=\"width: 1024px\" class=\"wp-caption aligncenter\"><img decoding=\"async\" src=\"https:\/\/www.aarquiteta.com.br\/blog\/wp-content\/uploads\/2025\/03\/porcelanato-para-area-externa-00-1.jpg\" alt=\"Como utilizar porcelanato para \u00e1rea externa em seu projeto\" title=\"\"><figcaption class=\"wp-caption-text\">Como utilizar porcelanato para \u00e1rea externa em seu projeto<\/figcaption><\/figure>\n<p>Um porcelanato que imita <b>madeira<\/b> traz um toque r\u00fastico e acolhedor. Super indicado para \u00e1reas de piscina!<\/p>\n<p>Comparando com um deck de madeira, a durabilidade e a manuten\u00e7\u00e3o do porcelanato s\u00e3o imbat\u00edveis. Voc\u00ea n\u00e3o vai querer trocar!<\/p>\n<h3>Eleg\u00e2ncia do terrazo<\/h3>\n<figure style=\"width: 1024px\" class=\"wp-caption aligncenter\"><img decoding=\"async\" src=\"https:\/\/www.aarquiteta.com.br\/blog\/wp-content\/uploads\/2025\/03\/porcelanato-para-area-externa02.jpg\" alt=\"Como Escolher o Porcelanato Ideal para \u00c1reas Externas\" width=\"1024\" height=\"1024\" title=\"\"><figcaption class=\"wp-caption-text\">Como Escolher o Porcelanato Ideal para \u00c1reas Externas<\/figcaption><\/figure>\n<p>Buscando resist\u00eancia e eleg\u00e2ncia? O porcelanato <b>terrazo<\/b> \u00e9 perfeito! Com gr\u00e2nulos de pedra e m\u00e1rmore, ele \u00e9 um investimento que vale a pena.<\/p>\n<p>\u00c9 uma op\u00e7\u00e3o mais cara, mas a durabilidade compensa com sobras. E quem n\u00e3o ama um toque sofisticado?<\/p>\n<h3>Pisos que lembram pedra<\/h3>\n<figure style=\"width: 1024px\" class=\"wp-caption aligncenter\"><img decoding=\"async\" src=\"https:\/\/www.aarquiteta.com.br\/blog\/wp-content\/uploads\/2025\/03\/modelos-de-portoes-00-286x160.jpg\" alt=\"Modelos de port\u00f5es para uma fachada bonita e interessante\" title=\"\"><figcaption class=\"wp-caption-text\">Modelos de port\u00f5es para uma fachada bonita e interessante<\/figcaption><\/figure>\n<p>Se voc\u00ea deseja um ambiente mais natural, o porcelanato com textura <b>pedra<\/b> \u00e9 ideal! Ele cria uma atmosfera aconchegante.<\/p>\n<p>Perfeito para compor \u00e1reas de jardim e piscina, ele \u00e9 uma escolha que faz a diferen\u00e7a!<\/p>\n<h3>Acabamentos r\u00fasticos<\/h3>\n<figure style=\"width: 1024px\" class=\"wp-caption aligncenter\"><img decoding=\"async\" src=\"https:\/\/www.aarquiteta.com.br\/blog\/wp-content\/uploads\/2025\/03\/porcelanato-para-area-externa03.jpg\" alt=\"Como Escolher o Porcelanato Ideal para \u00c1reas Externas\" width=\"1024\" height=\"1024\" title=\"\"><figcaption class=\"wp-caption-text\">Como Escolher o Porcelanato Ideal para \u00c1reas Externas<\/figcaption><\/figure>\n<p>Outro que n\u00e3o pode faltar na sua lista \u00e9 o <b>Eco Off White Ext<\/b>. Ele garante um acabamento r\u00fastico e uniformidade visual.<\/p>\n<p>As \u00e1reas amplas ficam elegantes com este modelo. Bem na moda, ele \u00e9 uma super dica!<\/p>\n<h3>M\u00e1rmore para os amantes do luxo<\/h3>\n<figure style=\"width: 1024px\" class=\"wp-caption aligncenter\"><img decoding=\"async\" src=\"https:\/\/www.aarquiteta.com.br\/blog\/wp-content\/uploads\/2025\/03\/plantas-para-jardim-vertical-00-286x160.png\" alt=\"20 plantas para jardim vertical que deixar\u00e3o sua parede verde\" title=\"\"><figcaption class=\"wp-caption-text\">20 plantas para jardim vertical que deixar\u00e3o sua parede verde<\/figcaption><\/figure>\n<p>Quer um toque de <b>luxo<\/b>? O porcelanato que imita m\u00e1rmore travertino \u00e9 o eleito! Deixa o espa\u00e7o requintado, sem o trabalho de manuten\u00e7\u00e3o do m\u00e1rmore natural.<\/p>\n<h3>Dicas Extras<\/h3>\n<figure style=\"width: 1024px\" class=\"wp-caption aligncenter\"><img decoding=\"async\" src=\"https:\/\/www.aarquiteta.com.br\/blog\/wp-content\/uploads\/2025\/03\/porcelanato-para-area-externa4.jpg\" alt=\"Como Escolher o Porcelanato Ideal para \u00c1reas Externas\" width=\"1024\" height=\"1024\" title=\"\"><figcaption class=\"wp-caption-text\">Como Escolher o Porcelanato Ideal para \u00c1reas Externas<\/figcaption><\/figure>\n<ul>\n<li>Evite porcelanatos <b>polidos<\/b> em \u00e1reas externas, pois s\u00e3o escorregadios.<\/li>\n<li>Pe\u00e7as com as nomenclaturas hard e ext s\u00e3o apropriadas. Pergunte ao vendedor se tiver d\u00favidas!<\/li>\n<\/ul>\n<p><b>Resumindo<\/b>, escolher o porcelanato ideal para \u00e1reas externas vai transformar sua casa em um verdadeiro lar. \u00c9 s\u00f3 seguir nossas dicas e muito amor.<\/p>\n<p><\/body><br \/>\n<figure style=\"width: 1024px\" class=\"wp-caption aligncenter\"><img decoding=\"async\" src=\"https:\/\/www.aarquiteta.com.br\/blog\/wp-content\/uploads\/2025\/03\/piscina-branca-00-286x160.png\" alt=\"30 ideias de piscina branca para um espa\u00e7o externo magn\u00edfico\" title=\"\"><figcaption class=\"wp-caption-text\">30 ideias de piscina branca para um espa\u00e7o externo magn\u00edfico<\/figcaption><\/figure>\n<h3>Para se aprofundar mais sobre o tema, veja a minha recomenda\u00e7\u00e3o sobre o tema deste artigo no v\u00eddeo a seguir abaixo:<\/h3>\n<p><iframe title=\"YouTube video player\" src=\"https:\/\/www.youtube.com\/embed\/_qXxk8rmLVQ\" width=\"560\" height=\"315\" frameborder=\"0\" allowfullscreen=\"allowfullscreen\"><\/iframe><\/p>\n<figure style=\"width: 1024px\" class=\"wp-caption aligncenter\"><img decoding=\"async\" src=\"https:\/\/www.aarquiteta.com.br\/blog\/wp-content\/uploads\/2025\/03\/porcelanato-para-area-externa-01-1-730x449.jpg\" alt=\"O porcelanato que imita o cimento queimado combina com todos os estilos de decora\u00e7\u00e3o\" title=\"\"><figcaption class=\"wp-caption-text\">O porcelanato que imita o cimento queimado combina com todos os estilos de decora\u00e7\u00e3o<\/figcaption><\/figure>\n","protected":false},"excerpt":{"rendered":"<p>Descubra dicas essenciais para escolher porcelanato ideal para \u00e1reas externas e transformar seu projeto em um espa\u00e7o elegante e funcional.<\/p>\n","protected":false},"author":102,"featured_media":146554,"comment_status":"open","ping_status":"","sticky":false,"template":"","format":"standard","meta":{"footnotes":""},"categories":[1484],"tags":[],"class_list":["post-146561","post","type-post","status-publish","format-standard","has-post-thumbnail","category-decoracao"],"_wp_attached_file":null,"_wp_attachment_metadata":null,"_wp_attachment_context":null,"_wp_attachment_is_custom_header":null,"geo_longitude":null,"geo_public":null,"geo_latitude":null,"_publicize_done_external":null,"_wpas_done_3897181":null,"publicize_twitter_user":null,"_wpas_done_3897175":null,"_wpas_skip_3897181":null,"_wpas_skip_3897175":null,"_wpas_skip_3924723":null,"_wpas_mess":null,"_wpas_done_3924723":null,"wps_subtitle":"","_links":{"self":[{"href":"https:\/\/www.aarquiteta.com.br\/blog\/wp-json\/wp\/v2\/posts\/146561","targetHints":{"allow":["GET"]}}],"collection":[{"href":"https:\/\/www.aarquiteta.com.br\/blog\/wp-json\/wp\/v2\/posts"}],"about":[{"href":"https:\/\/www.aarquiteta.com.br\/blog\/wp-json\/wp\/v2\/types\/post"}],"author":[{"embeddable":true,"href":"https:\/\/www.aarquiteta.com.br\/blog\/wp-json\/wp\/v2\/users\/102"}],"replies":[{"embeddable":true,"href":"https:\/\/www.aarquiteta.com.br\/blog\/wp-json\/wp\/v2\/comments?post=146561"}],"version-history":[{"count":0,"href":"https:\/\/www.aarquiteta.com.br\/blog\/wp-json\/wp\/v2\/posts\/146561\/revisions"}],"wp:featuredmedia":[{"embeddable":true,"href":"https:\/\/www.aarquiteta.com.br\/blog\/wp-json\/wp\/v2\/media\/146554"}],"wp:attachment":[{"href":"https:\/\/www.aarquiteta.com.br\/blog\/wp-json\/wp\/v2\/media?parent=146561"}],"wp:term":[{"taxonomy":"category","embeddable":true,"href":"https:\/\/www.aarquiteta.com.br\/blog\/wp-json\/wp\/v2\/categories?post=146561"},{"taxonomy":"post_tag","embeddable":true,"href":"https:\/\/www.aarquiteta.com.br\/blog\/wp-json\/wp\/v2\/tags?post=146561"}],"curies":[{"name":"wp","href":"https:\/\/api.w.org\/{rel}","templated":true}]}}