{"id":146458,"date":"2025-03-08T19:40:10","date_gmt":"2025-03-08T22:40:10","guid":{"rendered":"https:\/\/www.aarquiteta.com.br\/blog\/como-conciliar-trabalho-faculdade-e-filhos\/"},"modified":"2025-03-08T19:40:10","modified_gmt":"2025-03-08T22:40:10","slug":"como-conciliar-trabalho-faculdade-e-filhos","status":"publish","type":"post","link":"https:\/\/www.aarquiteta.com.br\/blog\/como-conciliar-trabalho-faculdade-e-filhos\/","title":{"rendered":"Descubra como conciliar trabalho, faculdade e filhos com sucesso."},"content":{"rendered":"<p>Conciliar trabalho, faculdade e filhos pode parecer uma miss\u00e3o imposs\u00edvel, mas com as estrat\u00e9gias certas, \u00e9 totalmente vi\u00e1vel. Neste artigo, vou compartilhar dicas valiosas que me ajudaram a equilibrar essas tr\u00eas \u00e1reas da vida, garantindo que eu n\u00e3o perca de vista meus sonhos e responsabilidades.<\/p>\n<ul>\n<li><b>Pontos principais do artigo:<\/b><\/li>\n<li>Identificar suas motiva\u00e7\u00f5es \u00e9 essencial para manter o foco.<\/li>\n<li>Estabelecer metas claras ajuda a organizar o caminho a seguir.<\/li>\n<li>Criar um plano de estudos \u00e9 fundamental para otimizar o tempo.<\/li>\n<li>Manter uma rotina consistente facilita a concilia\u00e7\u00e3o das atividades.<\/li>\n<li>Ter uma rede de apoio \u00e9 crucial para dividir as responsabilidades.<\/li>\n<li>Dedicar tempo de qualidade \u00e0 fam\u00edlia fortalece os la\u00e7os.<\/li>\n<li>Utilizar recursos de gest\u00e3o do tempo pode aumentar a efici\u00eancia.<\/li>\n<\/ul>\n<h2>1. Lembrar o que motiva voc\u00ea<\/h2>\n<p>Quando a vida parece um turbilh\u00e3o, \u00e9 f\u00e1cil perder de vista o que realmente nos impulsiona. <b>Identificar suas motiva\u00e7\u00f5es<\/b> \u00e9 o primeiro passo para manter a energia e a determina\u00e7\u00e3o. Para mim, isso significou fazer uma lista das raz\u00f5es pelas quais decidi voltar a estudar e trabalhar ao mesmo tempo. Cada vez que me sentia sobrecarregada, olhava para essa lista e lembrava do que estava em jogo. Essa pr\u00e1tica n\u00e3o s\u00f3 me ajudou a manter o foco, mas tamb\u00e9m a recarregar as energias quando a rotina se tornava pesada.<\/p>\n<h2>2. Estabelecer metas<\/h2>\n<p>Uma vez que voc\u00ea tem suas motiva\u00e7\u00f5es claras, o pr\u00f3ximo passo \u00e9 <b>estabelecer metas realistas<\/b>. Isso n\u00e3o significa apenas sonhar acordada, mas sim tra\u00e7ar um plano de a\u00e7\u00e3o. Eu costumava escrever minhas metas em um caderno e revis\u00e1-las semanalmente. Isso me ajudou a visualizar o que precisava ser feito e a ajustar o que n\u00e3o estava funcionando. Al\u00e9m disso, ao definir prazos, eu me mantinha respons\u00e1vel e focada. Lembre-se, suas metas devem ser desafiadoras, mas alcan\u00e7\u00e1veis, considerando sua rotina.<\/p>\n<h2>3. Criar um plano de estudos<\/h2>\n<p>Um <b>plano de estudos<\/b> bem estruturado \u00e9 como um mapa em uma jornada. Sem ele, \u00e9 f\u00e1cil se perder. Eu costumava dedicar um tempo no final de semana para planejar a semana seguinte, anotando as mat\u00e9rias que precisava estudar e os hor\u00e1rios dispon\u00edveis. Isso me permitiu aproveitar pequenos momentos do dia, como durante o almo\u00e7o ou enquanto esperava os filhos na escola. A chave \u00e9 ser flex\u00edvel e adaptar o plano conforme necess\u00e1rio, mas sempre mantendo o foco nas prioridades.<\/p>\n<h2>4. Criar uma rotina e permanecer no ritmo<\/h2>\n<p>Estabelecer uma <b>rotina<\/b> \u00e9 fundamental para quem tenta equilibrar tantas responsabilidades. No in\u00edcio, pode parecer dif\u00edcil, mas com o tempo, voc\u00ea se acostuma. Eu descobri que, ao criar hor\u00e1rios fixos para estudar, trabalhar e passar tempo com a fam\u00edlia, tudo flui melhor. \u00c9 claro que imprevistos acontecem, e \u00e9 importante ser gentil consigo mesma quando isso ocorre. O importante \u00e9 tentar manter um ritmo que funcione para voc\u00ea e sua fam\u00edlia.<\/p>\n<h2>5. Ter uma rede de apoio<\/h2>\n<p>Ningu\u00e9m consegue fazer tudo sozinha, e ter uma <b>rede de apoio<\/b> \u00e9 essencial. Seja amigos, familiares ou colegas de trabalho, n\u00e3o hesite em pedir ajuda. Eu aprendi que compartilhar responsabilidades n\u00e3o \u00e9 um sinal de fraqueza, mas sim uma estrat\u00e9gia inteligente. Quando eu precisava estudar para uma prova, contava com a ajuda da minha m\u00e3e para cuidar das crian\u00e7as. Isso n\u00e3o s\u00f3 aliviava a carga, mas tamb\u00e9m fortalecia nossos la\u00e7os familiares.<\/p>\n<h2>6. Dedicar tempo de qualidade \u00e0 fam\u00edlia<\/h2>\n<p>\u00c9 f\u00e1cil se perder nas obriga\u00e7\u00f5es e esquecer de <b>dedicar tempo de qualidade<\/b> \u00e0 fam\u00edlia. Mesmo que a rotina seja corrida, \u00e9 importante reservar momentos para estar presente. Eu costumava fazer pequenas atividades com meus filhos, como um passeio no parque ou uma noite de jogos. Esses momentos n\u00e3o precisam ser longos, mas devem ser significativos. Conversar sobre o dia deles e ouvir suas hist\u00f3rias fortalece os la\u00e7os e ajuda a manter a harmonia em casa.<\/p>\n<h2>7. Utilizar recursos de gest\u00e3o do tempo<\/h2>\n<p>Por fim, existem diversos <b>recursos de gest\u00e3o do tempo<\/b> que podem facilitar sua vida. Desde aplicativos de agenda at\u00e9 t\u00e9cnicas de produtividade, como a t\u00e9cnica Pomodoro, que ajuda a manter o foco em tarefas espec\u00edficas. Eu experimentei v\u00e1rias ferramentas e encontrei aquelas que se encaixavam melhor na minha rotina. O importante \u00e9 encontrar o que funciona para voc\u00ea e n\u00e3o hesitar em experimentar novas abordagens.<\/p>\n<h2>Conclus\u00e3o<\/h2>\n<p>Conciliar trabalho, faculdade e filhos \u00e9 um desafio, mas com as estrat\u00e9gias certas, \u00e9 poss\u00edvel encontrar um equil\u00edbrio. Lembre-se de que cada passo dado hoje \u00e9 um investimento no seu futuro e na felicidade da sua fam\u00edlia. Se voc\u00ea est\u00e1 buscando mais dicas sobre como gerenciar essa jornada, recomendo acessar o conte\u00fado completo em <a href=\"https:\/\/blog.anhanguera.com\/trabalhar-estudar-e-ser-mae\/\" target=\"_blank\" rel=\"noopener\">https:\/\/blog.anhanguera.com\/trabalhar-estudar-e-ser-mae\/<\/a>. E ent\u00e3o, pronto para colocar essas dicas em pr\u00e1tica? Vamos juntos nessa jornada!<\/p>\n<figure style=\"width: 1024px\" class=\"wp-caption aligncenter\"><img decoding=\"async\" src=\"https:\/\/www.aarquiteta.com.br\/blog\/wp-content\/uploads\/2025\/03\/original-8b850b7d8c21aa8a6b9bea103aac0329.jpg\" alt=\"Descubra como conciliar trabalho, faculdade e filhos com sucesso.\" width=\"1024\" height=\"1024\" title=\"\"><figcaption class=\"wp-caption-text\">Fonte: <a href=\"https:\/\/blog.anhanguera.com\/como-conciliar-trabalho-faculdade-e-filhos\/\" target=\"_blank\" rel=\"noopener\">Blog anhanguera<\/a><\/figcaption><\/figure>\n<p><iframe width=\"560\" height=\"315\" src=\"https:\/\/www.youtube.com\/embed\/msZ8VlsHHfQ\" title=\"YouTube video player\" frameborder=\"0\" allow=\"accelerometer; autoplay; clipboard-write; encrypted-media; gyroscope; picture-in-picture; web-share\" referrerpolicy=\"strict-origin-when-cross-origin\" allowfullscreen><\/iframe><\/p>\n","protected":false},"excerpt":{"rendered":"<p>Conciliar trabalho, faculdade e filhos pode parecer uma miss\u00e3o imposs\u00edvel, mas com as estrat\u00e9gias certas, \u00e9 totalmente vi\u00e1vel. Neste artigo, vou compartilhar dicas valiosas que me ajudaram a equilibrar essas tr\u00eas \u00e1reas da vida, garantindo que eu n\u00e3o perca de vista meus sonhos e responsabilidades. Pontos principais do artigo: Identificar suas motiva\u00e7\u00f5es \u00e9 essencial para [&hellip;]<\/p>\n","protected":false},"author":20,"featured_media":146457,"comment_status":"open","ping_status":"","sticky":false,"template":"","format":"standard","meta":{"footnotes":""},"categories":[6,35497],"tags":[],"class_list":["post-146458","post","type-post","status-publish","format-standard","has-post-thumbnail","category-carreira-de-arquitetura","category-estudante"],"_wp_attached_file":null,"_wp_attachment_metadata":null,"_wp_attachment_context":null,"_wp_attachment_is_custom_header":null,"geo_longitude":null,"geo_public":null,"geo_latitude":null,"_publicize_done_external":null,"_wpas_done_3897181":null,"publicize_twitter_user":null,"_wpas_done_3897175":null,"_wpas_skip_3897181":null,"_wpas_skip_3897175":null,"_wpas_skip_3924723":null,"_wpas_mess":null,"_wpas_done_3924723":null,"wps_subtitle":"","_links":{"self":[{"href":"https:\/\/www.aarquiteta.com.br\/blog\/wp-json\/wp\/v2\/posts\/146458","targetHints":{"allow":["GET"]}}],"collection":[{"href":"https:\/\/www.aarquiteta.com.br\/blog\/wp-json\/wp\/v2\/posts"}],"about":[{"href":"https:\/\/www.aarquiteta.com.br\/blog\/wp-json\/wp\/v2\/types\/post"}],"author":[{"embeddable":true,"href":"https:\/\/www.aarquiteta.com.br\/blog\/wp-json\/wp\/v2\/users\/20"}],"replies":[{"embeddable":true,"href":"https:\/\/www.aarquiteta.com.br\/blog\/wp-json\/wp\/v2\/comments?post=146458"}],"version-history":[{"count":0,"href":"https:\/\/www.aarquiteta.com.br\/blog\/wp-json\/wp\/v2\/posts\/146458\/revisions"}],"wp:featuredmedia":[{"embeddable":true,"href":"https:\/\/www.aarquiteta.com.br\/blog\/wp-json\/wp\/v2\/media\/146457"}],"wp:attachment":[{"href":"https:\/\/www.aarquiteta.com.br\/blog\/wp-json\/wp\/v2\/media?parent=146458"}],"wp:term":[{"taxonomy":"category","embeddable":true,"href":"https:\/\/www.aarquiteta.com.br\/blog\/wp-json\/wp\/v2\/categories?post=146458"},{"taxonomy":"post_tag","embeddable":true,"href":"https:\/\/www.aarquiteta.com.br\/blog\/wp-json\/wp\/v2\/tags?post=146458"}],"curies":[{"name":"wp","href":"https:\/\/api.w.org\/{rel}","templated":true}]}}