{"id":146416,"date":"2025-03-08T12:46:18","date_gmt":"2025-03-08T15:46:18","guid":{"rendered":"https:\/\/www.aarquiteta.com.br\/blog\/mutina-design-italiano\/"},"modified":"2025-03-08T12:46:18","modified_gmt":"2025-03-08T15:46:18","slug":"mutina-design-italiano","status":"publish","type":"post","link":"https:\/\/www.aarquiteta.com.br\/blog\/mutina-design-italiano\/","title":{"rendered":"Transforme Seu Espa\u00e7o com o Toque Exclusivo do Design Italiano da Mutina!"},"content":{"rendered":"<p>Voc\u00ea j\u00e1 se perguntou como um detalhe pode mudar tudo na sua casa? A Mutina \u00e9 isso: um <b>design italiano<\/b> que faz a diferen\u00e7a!<\/p>\n<h3>Conhe\u00e7a a Mutina<\/h3>\n<figure style=\"width: 1024px\" class=\"wp-caption aligncenter\"><img decoding=\"async\" src=\"https:\/\/www.aarquiteta.com.br\/blog\/wp-content\/uploads\/2025\/03\/mutina-design-italiano-01.jpg\" alt=\"Mutina: design italiano com exclusividade na Portobello Shop\" width=\"1024\" height=\"1024\" title=\"\"><figcaption class=\"wp-caption-text\">Mutina: design italiano com exclusividade na Portobello Shop<\/figcaption><\/figure>\n<p>A <b>Mutina<\/b> \u00e9 uma marca italiana que traz um ar de sofistica\u00e7\u00e3o e exclusividade em revestimentos. <\/p>\n<p>Com suas pe\u00e7as, voc\u00ea consegue transformar qualquer ambiente. S\u00e3o <b>revestimentos<\/b> que falam por si s\u00f3 e que podem ser encontrados na Portobello Shop.<\/p>\n<h3>Por que escolher a Mutina?<\/h3>\n<figure style=\"width: 1024px\" class=\"wp-caption aligncenter\"><img decoding=\"async\" src=\"https:\/\/www.aarquiteta.com.br\/blog\/wp-content\/uploads\/2025\/03\/mutina-3-814x1120.jpg\" alt=\"Pico e Pico Bois por Ronan e Erwan Bouroullec para Mutina distribu\u00eddo pela Portobello Shop (Foto: Mutina)\" title=\"\"><figcaption class=\"wp-caption-text\">Pico e Pico Bois por Ronan e Erwan Bouroullec para Mutina distribu\u00eddo pela Portobello Shop (Foto: Mutina)<\/figcaption><\/figure>\n<p>Primeiro, vamos falar sobre a <b>qualidade<\/b>. Os produtos s\u00e3o cuidadosamente elaborados com materiais de alta durabilidade. <\/p>\n<p>Assim, voc\u00ea garante beleza e resist\u00eancia, um verdadeiro investimento em seu lar.<\/p>\n<h3>Design Exclusivo<\/h3>\n<figure style=\"width: 1024px\" class=\"wp-caption aligncenter\"><img decoding=\"async\" src=\"https:\/\/www.aarquiteta.com.br\/blog\/wp-content\/uploads\/2025\/03\/mutina-6-1200x800.jpg\" alt=\"Pico Bois por Ronan e Erwan Bouroullec para Mutina distribu\u00eddo pela Portobello Shop (Foto: divulga\u00e7\u00e3o)\" title=\"\"><figcaption class=\"wp-caption-text\">Pico Bois por Ronan e Erwan Bouroullec para Mutina distribu\u00eddo pela Portobello Shop (Foto: divulga\u00e7\u00e3o)<\/figcaption><\/figure>\n<p>A <b>exclusividade<\/b> da Mutina se destaca em cada cole\u00e7\u00e3o. As formas e texturas s\u00e3o \u00fanicas, criando um estilo que \u00e9 a sua cara!<\/p>\n<p>N\u00e3o importa seu gosto: da modernidade \u00e0 tradi\u00e7\u00e3o, sempre haver\u00e1 um revestimento perfeito para voc\u00ea.<\/p>\n<h3>Um toque de Arte<\/h3>\n<figure style=\"width: 1024px\" class=\"wp-caption aligncenter\"><img decoding=\"async\" src=\"https:\/\/www.aarquiteta.com.br\/blog\/wp-content\/uploads\/2025\/03\/mutina-design-italiano-02.jpg\" alt=\"Mutina: design italiano com exclusividade na Portobello Shop\" width=\"1024\" height=\"1024\" title=\"\"><figcaption class=\"wp-caption-text\">Mutina: design italiano com exclusividade na Portobello Shop<\/figcaption><\/figure>\n<p>Ao escolher Mutina, voc\u00ea trouxe um peda\u00e7o da <b>arte italiana<\/b> para sua casa. <\/p>\n<p>As pe\u00e7as s\u00e3o inspiradas em tend\u00eancias e cultura, dando um <b>charme especial<\/b> aos ambientes. Sabe aquele efeito &#8220;uau&#8221;? \u00c9 isso!<\/p>\n<h3>Versatilidade nos Revestimentos<\/h3>\n<figure style=\"width: 1024px\" class=\"wp-caption aligncenter\"><img decoding=\"async\" src=\"https:\/\/www.aarquiteta.com.br\/blog\/wp-content\/uploads\/2025\/03\/mutina-5-1120x753.jpg\" alt=\"Bas-Relief por Patricia Urquiola para Mutina distribu\u00eddo pela Portobello Shop (Foto: Mutina)\" title=\"\"><figcaption class=\"wp-caption-text\">Bas-Relief por Patricia Urquiola para Mutina distribu\u00eddo pela Portobello Shop (Foto: Mutina)<\/figcaption><\/figure>\n<p>Outro ponto que me encanta s\u00e3o as op\u00e7\u00f5es de <b>cores<\/b> e texturas. Desde neutros at\u00e9 tons vibrantes, a Mutina tem tudo! <\/p>\n<p>Isso ajuda a compor ambientes diversos, garantindo que a sua personalidade esteja sempre em evid\u00eancia.<\/p>\n<h3>Como harmonizar ambientes<\/h3>\n<figure style=\"width: 1024px\" class=\"wp-caption aligncenter\"><img decoding=\"async\" src=\"https:\/\/www.aarquiteta.com.br\/blog\/wp-content\/uploads\/2025\/03\/mutina-design-italiano-03.jpg\" alt=\"Mutina: design italiano com exclusividade na Portobello Shop\" width=\"1024\" height=\"1024\" title=\"\"><figcaption class=\"wp-caption-text\">Mutina: design italiano com exclusividade na Portobello Shop<\/figcaption><\/figure>\n<p>Uma dica crucial: pense na <b>ilumina\u00e7\u00e3o<\/b>. Um bom projeto de luz valoriza ainda mais os revestimentos da Mutina. <\/p>\n<p>Lembre-se, um espa\u00e7o bem iluminado traz vida a qualquer detalhe da decora\u00e7\u00e3o.<\/p>\n<h3>Experi\u00eancia na Portobello Shop<\/h3>\n<figure style=\"width: 1024px\" class=\"wp-caption aligncenter\"><img decoding=\"async\" src=\"https:\/\/www.aarquiteta.com.br\/blog\/wp-content\/uploads\/2025\/03\/mutina-2-1120x700.jpg\" alt=\"Bas-Relief por Patricia Urquiola para Mutina distribu\u00eddo pela Portobello Shop (Foto: Mutina)\" title=\"\"><figcaption class=\"wp-caption-text\">Bas-Relief por Patricia Urquiola para Mutina distribu\u00eddo pela Portobello Shop (Foto: Mutina)<\/figcaption><\/figure>\n<p>Assim como a Mutina, a Portobello Shop \u00e9 conhecida por oferecer <b>exclusividade<\/b> e op\u00e7\u00f5es diferenciadas para seus clientes. <\/p>\n<p>Visitar a loja \u00e9 como entrar em um mundo de <b>beleza e criatividade<\/b>.<\/p>\n<h3>Resumo das Vantagens<\/h3>\n<figure style=\"width: 1024px\" class=\"wp-caption aligncenter\"><img decoding=\"async\" src=\"https:\/\/www.aarquiteta.com.br\/blog\/wp-content\/uploads\/2025\/03\/mutina-design-italiano-4.jpg\" alt=\"Mutina: design italiano com exclusividade na Portobello Shop\" width=\"1024\" height=\"1024\" title=\"\"><figcaption class=\"wp-caption-text\">Mutina: design italiano com exclusividade na Portobello Shop<\/figcaption><\/figure>\n<ul>\n<li><b>Qualidade Premium<\/b> em revestimentos.<\/li>\n<li><b>Design \u00fanico<\/b> que se destaca em qualquer ambiente.<\/li>\n<li><b>Vastidade de op\u00e7\u00f5es<\/b> para todos os gostos.<\/li>\n<li>Harmoniza\u00e7\u00e3o perfeita com <b>ilumina\u00e7\u00e3o adequada<\/b>.<\/li>\n<\/ul>\n<p>Espero que voc\u00ea tenha gostado de conocer a Mutina! Se voc\u00ea busca <b>sofistica\u00e7\u00e3o<\/b> e exclusividade em revestimentos, n\u00e3o deixe de conferir na Portobello Shop.<\/p>\n<figure style=\"width: 1024px\" class=\"wp-caption aligncenter\"><img decoding=\"async\" src=\"https:\/\/www.aarquiteta.com.br\/blog\/wp-content\/uploads\/2025\/03\/mutina-4-1-733x1120.jpg\" alt=\"Pico e Pico Bois por Ronan e Erwan Bouroullec para Mutina distribu\u00eddo pela Portobello Shop (Foto: Mutina)\" title=\"\"><figcaption class=\"wp-caption-text\">Pico e Pico Bois por Ronan e Erwan Bouroullec para Mutina distribu\u00eddo pela Portobello Shop (Foto: Mutina)<\/figcaption><\/figure>\n<h3>Para se aprofundar mais sobre o tema, veja a minha recomenda\u00e7\u00e3o sobre o tema deste artigo no v\u00eddeo a seguir abaixo:<\/h3>\n<p><iframe title=\"YouTube video player\" src=\"https:\/\/www.youtube.com\/embed\/rY8hJyOQOHI\" width=\"560\" height=\"315\" frameborder=\"0\" allowfullscreen=\"allowfullscreen\"><\/iframe><\/p>\n<figure style=\"width: 1024px\" class=\"wp-caption aligncenter\"><img decoding=\"async\" src=\"https:\/\/www.aarquiteta.com.br\/blog\/wp-content\/uploads\/2025\/03\/mutina-1-1120x747.jpg\" alt=\"Mutina foi apresentada pela primeira vez no Brasil no Teatro Santander, em S\u00e3o Paulo, no Archtrends Summit 2023 e agora chega \u00e0s lojas Portobello Shop (Foto: Guto Campos)\" title=\"\"><figcaption class=\"wp-caption-text\">Mutina foi apresentada pela primeira vez no Brasil no Teatro Santander, em S\u00e3o Paulo, no Archtrends Summit 2023 e agora chega \u00e0s lojas Portobello Shop (Foto: Guto Campos)<\/figcaption><\/figure>\n","protected":false},"excerpt":{"rendered":"<p>Descubra a Mutina, marca italiana de design exclusivo em revestimentos, dispon\u00edvel na Portobello Shop.<\/p>\n","protected":false},"author":102,"featured_media":146408,"comment_status":"open","ping_status":"","sticky":false,"template":"","format":"standard","meta":{"footnotes":""},"categories":[35375,971,19206],"tags":[],"class_list":["post-146416","post","type-post","status-publish","format-standard","has-post-thumbnail","category-acabamentos","category-design-de-interiores","category-revestimentos"],"_wp_attached_file":null,"_wp_attachment_metadata":null,"_wp_attachment_context":null,"_wp_attachment_is_custom_header":null,"geo_longitude":null,"geo_public":null,"geo_latitude":null,"_publicize_done_external":null,"_wpas_done_3897181":null,"publicize_twitter_user":null,"_wpas_done_3897175":null,"_wpas_skip_3897181":null,"_wpas_skip_3897175":null,"_wpas_skip_3924723":null,"_wpas_mess":null,"_wpas_done_3924723":null,"wps_subtitle":"","_links":{"self":[{"href":"https:\/\/www.aarquiteta.com.br\/blog\/wp-json\/wp\/v2\/posts\/146416","targetHints":{"allow":["GET"]}}],"collection":[{"href":"https:\/\/www.aarquiteta.com.br\/blog\/wp-json\/wp\/v2\/posts"}],"about":[{"href":"https:\/\/www.aarquiteta.com.br\/blog\/wp-json\/wp\/v2\/types\/post"}],"author":[{"embeddable":true,"href":"https:\/\/www.aarquiteta.com.br\/blog\/wp-json\/wp\/v2\/users\/102"}],"replies":[{"embeddable":true,"href":"https:\/\/www.aarquiteta.com.br\/blog\/wp-json\/wp\/v2\/comments?post=146416"}],"version-history":[{"count":0,"href":"https:\/\/www.aarquiteta.com.br\/blog\/wp-json\/wp\/v2\/posts\/146416\/revisions"}],"wp:featuredmedia":[{"embeddable":true,"href":"https:\/\/www.aarquiteta.com.br\/blog\/wp-json\/wp\/v2\/media\/146408"}],"wp:attachment":[{"href":"https:\/\/www.aarquiteta.com.br\/blog\/wp-json\/wp\/v2\/media?parent=146416"}],"wp:term":[{"taxonomy":"category","embeddable":true,"href":"https:\/\/www.aarquiteta.com.br\/blog\/wp-json\/wp\/v2\/categories?post=146416"},{"taxonomy":"post_tag","embeddable":true,"href":"https:\/\/www.aarquiteta.com.br\/blog\/wp-json\/wp\/v2\/tags?post=146416"}],"curies":[{"name":"wp","href":"https:\/\/api.w.org\/{rel}","templated":true}]}}