{"id":146372,"date":"2025-03-08T09:46:50","date_gmt":"2025-03-08T12:46:50","guid":{"rendered":"https:\/\/www.aarquiteta.com.br\/blog\/como-decorar-um-apartamento-pequeno\/"},"modified":"2025-03-08T09:46:50","modified_gmt":"2025-03-08T12:46:50","slug":"como-decorar-um-apartamento-pequeno","status":"publish","type":"post","link":"https:\/\/www.aarquiteta.com.br\/blog\/como-decorar-um-apartamento-pequeno\/","title":{"rendered":"Dicas Criativas para Decorar Apartamentos Pequenos"},"content":{"rendered":"<p><body><\/p>\n<p>Transformar um apartamento pequeno em um lar acolhedor e funcional \u00e9 mais do que poss\u00edvel; \u00e9 uma arte! Com planejamento inteligente e escolhas estrat\u00e9gicas, voc\u00ea pode maximizar cada metro quadrado, criando um espa\u00e7o que reflete seu estilo pessoal sem abrir m\u00e3o da funcionalidade.<\/p>\n<h2>Como Decorar um Apartamento Pequeno<\/h2>\n<h3>1. Planejamento do Espa\u00e7o<\/h3>\n<figure style=\"width: 1024px\" class=\"wp-caption aligncenter\"><img decoding=\"async\" src=\"https:\/\/www.aarquiteta.com.br\/blog\/wp-content\/uploads\/2025\/03\/como-decorar-um-apartamento-pequeno01.jpg\" alt=\"Dicas Criativas para Decorar Apartamentos Pequenos\" width=\"1024\" height=\"1024\" title=\"\"><figcaption class=\"wp-caption-text\">Dicas Criativas para Decorar Apartamentos Pequenos<\/figcaption><\/figure>\n<p>Ao come\u00e7ar a decora\u00e7\u00e3o, o primeiro passo \u00e9 o <b>planejamento inteligente do espa\u00e7o<\/b>. N\u00e3o adianta ter as melhores ideias se n\u00e3o temos um plano. Vamos l\u00e1:<\/p>\n<h4>1.1 Avalia\u00e7\u00e3o das Necessidades<\/h4>\n<p>Quando olho para um ambiente, meu primeiro pensamento \u00e9: <b>como vou us\u00e1-lo?<\/b> Avaliar a necessidade de cada c\u00f4modo ajuda a entender quais elementos s\u00e3o essenciais. Por exemplo, se voc\u00ea precisa de um espa\u00e7o para trabalhar e dormir, \u00e9 vital pensar em m\u00f3veis que atendam a essas duas fun\u00e7\u00f5es, correto?<\/p>\n<h4>1.2 M\u00f3veis Multifuncionais<\/h4>\n<p>Outra dica preciosa \u00e9 investir em <b>m\u00f3veis multifuncionais<\/b>. Eles s\u00e3o a cereja do bolo na decora\u00e7\u00e3o de pequenos espa\u00e7os! Um sof\u00e1-cama, uma mesa que se transforma em escrivaninha ou um banco com espa\u00e7o de armazenamento s\u00e3o exemplos geniais. Para um arquiteto, a ideia \u00e9 sempre buscar o equil\u00edbrio entre beleza e funcionalidade!<\/p>\n<h4>1.3 Otimiza\u00e7\u00e3o do Layout<\/h4>\n<p>Depois de ter uma vis\u00e3o clara do que voc\u00ea realmente precisa, organize os m\u00f3veis para que o tr\u00e1fego do espa\u00e7o seja fluido. <b>E lembre-se!<\/b> Uma disposi\u00e7\u00e3o ideal ajuda a criar uma sensa\u00e7\u00e3o de amplitude, fazendo o apartamento parecer maior do que realmente \u00e9.<\/p>\n<h3>2. Cores e Ilumina\u00e7\u00e3o<\/h3>\n<figure style=\"width: 1024px\" class=\"wp-caption aligncenter\"><img decoding=\"async\" src=\"https:\/\/www.aarquiteta.com.br\/blog\/wp-content\/uploads\/2025\/03\/como-decorar-um-apartamento-pequeno-organizacao-1-1024x576.jpg\" alt=\"Imagem sobre a organiza\u00e7\u00e3o na decora\u00e7\u00e3o de apartamentos pequenos.\" title=\"\"><figcaption class=\"wp-caption-text\">Imagem sobre a organiza\u00e7\u00e3o na decora\u00e7\u00e3o de apartamentos pequenos.<\/figcaption><\/figure>\n<p>A escolha de <b>cores e ilumina\u00e7\u00e3o<\/b> \u00e9 uma parte crucial para transformar um espa\u00e7o. As cores podem criar n\u00e3o apenas o clima, mas tamb\u00e9m a sensa\u00e7\u00e3o de espa\u00e7o.<\/p>\n<h4>2.1 Esquemas de Cores Claras<\/h4>\n<p>Cores claras, como brancos, cremes e tons past\u00e9is, d\u00e3o a impress\u00e3o de um ambiente mais aberto e acolhedor. Ao inv\u00e9s de um laranja vibrante, pense em um <b>bege suave<\/b>, por exemplo. Isso n\u00e3o s\u00f3 amplia a sensa\u00e7\u00e3o do espa\u00e7o, mas traz tamb\u00e9m uma atmosfera relaxante.<\/p>\n<h4>2.2 Ilumina\u00e7\u00e3o Adequada<\/h4>\n<p>Mixar diferentes fontes de luz \u00e9 fundamental. Eu sempre opto por combina\u00e7\u00e3o de luz natural com l\u00e2mpadas quentes, criando um <b>ambiente aconchegante<\/b>. Um espa\u00e7o bem iluminado \u00e9 como um bom cafezinho: aquece e acolhe. Evite sombras e lugares muito escuros!<\/p>\n<h3>3. Organiza\u00e7\u00e3o e Armazenamento<\/h3>\n<figure style=\"width: 1024px\" class=\"wp-caption aligncenter\"><img decoding=\"async\" src=\"https:\/\/www.aarquiteta.com.br\/blog\/wp-content\/uploads\/2025\/03\/como-decorar-um-apartamento-pequeno-capa-1024x768.jpg\" alt=\"Capa do artigo sobre como decorar um apartamento pequeno.\" title=\"\"><figcaption class=\"wp-caption-text\">Capa do artigo sobre como decorar um apartamento pequeno.<\/figcaption><\/figure>\n<p>A desordem pode ser o vil\u00e3o em apartamentos pequenos. Por isso, pensar em <b>organiza\u00e7\u00e3o e armazenamento<\/b> desde o in\u00edcio \u00e9 um truque de mestre.<\/p>\n<h4>3.1 M\u00f3veis com Espa\u00e7o de Armazenamento<\/h4>\n<p>Nada como um sof\u00e1 que abre e revela um ba\u00fa ou uma cama que tem gavetas embutidas, n\u00e3o \u00e9? Esses m\u00f3veis ajudam a aproveitar cada cantinho. Lembre-se, o espa\u00e7o embaixo da cama ou do banco tamb\u00e9m pode ser \u00fatil para armazenar caixas de sapatos ou brinquedos!<\/p>\n<h4>3.2 Organizadores e Cestas<\/h4>\n<p>Invista em cestas bonitas e organizadores criativos. Eles ajudam a manter a desordem sob controle. Criar um sistema onde cada item tem seu lugar \u00e9 o caminho! Al\u00e9m de funcionais, podem se tornar elementos decorativos.<\/p>\n<h3>4. Personaliza\u00e7\u00e3o do Ambiente<\/h3>\n<figure style=\"width: 1024px\" class=\"wp-caption aligncenter\"><img decoding=\"async\" src=\"https:\/\/www.aarquiteta.com.br\/blog\/wp-content\/uploads\/2025\/03\/como-decorar-um-apartamento-pequeno02.jpg\" alt=\"Dicas Criativas para Decorar Apartamentos Pequenos\" width=\"1024\" height=\"1024\" title=\"\"><figcaption class=\"wp-caption-text\">Dicas Criativas para Decorar Apartamentos Pequenos<\/figcaption><\/figure>\n<p>A personaliza\u00e7\u00e3o do ambiente n\u00e3o deve ser esquecida! Adicionar <b>elementos que refletem sua personalidade<\/b>, como quadros, almofadas coloridas ou plantas, traz vida ao espa\u00e7o. Cada detalhe conta, ent\u00e3o, use sua criatividade! Um espa\u00e7o que conta a sua hist\u00f3ria \u00e9 sempre mais gostoso de habitar.<\/p>\n<h3>5. Consulta com Especialistas<\/h3>\n<figure style=\"width: 1024px\" class=\"wp-caption aligncenter\"><img decoding=\"async\" src=\"https:\/\/www.aarquiteta.com.br\/blog\/wp-content\/uploads\/2025\/03\/como-decorar-um-apartamento-pequeno-necessidades-1024x839.jpg\" alt=\"Imagem ilustrativa sobre como adaptar a decora\u00e7\u00e3o \u00e0s necessidades do espa\u00e7o.\" title=\"\"><figcaption class=\"wp-caption-text\">Imagem ilustrativa sobre como adaptar a decora\u00e7\u00e3o \u00e0s necessidades do espa\u00e7o.<\/figcaption><\/figure>\n<p>A consultoria de um arquiteto ou designer de interiores pode fazer toda a diferen\u00e7a. Eles t\u00eam o olhar treinado e conhecimento em <b>otimiza\u00e7\u00e3o de espa\u00e7os<\/b> que pode te surpreender. N\u00e3o hesite em buscar a ajuda deles. \u00c0s vezes, a vis\u00e3o externa traz solu\u00e7\u00f5es que voc\u00ea nunca imaginaria!<\/p>\n<h3>6. Exemplos de Decora\u00e7\u00e3o<\/h3>\n<figure style=\"width: 1024px\" class=\"wp-caption aligncenter\"><img decoding=\"async\" src=\"https:\/\/www.aarquiteta.com.br\/blog\/wp-content\/uploads\/2025\/03\/como-decorar-um-apartamento-pequeno03.jpg\" alt=\"Dicas Criativas para Decorar Apartamentos Pequenos\" width=\"1024\" height=\"1024\" title=\"\"><figcaption class=\"wp-caption-text\">Dicas Criativas para Decorar Apartamentos Pequenos<\/figcaption><\/figure>\n<p>Olhar para exemplos de <b>projetos bem-sucedidos<\/b> \u00e9 uma \u00f3tima maneira de se inspirar. Se voc\u00ea est\u00e1 em busca de ideias, plataformas como Pinterest e Instagram possuem mil possibilidades. N\u00e3o tenha medo de se inspirar e adaptar o que voc\u00ea adorar!<\/p>\n<h2>Conclus\u00e3o<\/h2>\n<p>Decorar um apartamento pequeno pode ser uma tarefa desafiadora, mas com um planejamento cuidadoso e estrat\u00e9gias eficientes, voc\u00ea pode criar um espa\u00e7o que seja funcional e acolhedor, al\u00e9m de refletir sua personalidade. Invista no conhecimento do seu espa\u00e7o, fa\u00e7a escolhas inteligentes e principalmente, divirta-se nesse processo de transforma\u00e7\u00e3o!<\/p>\n<p><\/body><br \/>\n<figure style=\"width: 1024px\" class=\"wp-caption aligncenter\"><img decoding=\"async\" src=\"https:\/\/www.aarquiteta.com.br\/blog\/wp-content\/uploads\/2025\/03\/hqdefault.jpg\" alt=\"Thumbnail do v\u00eddeo do YouTube sobre decora\u00e7\u00e3o de apartamentos pequenos.\" title=\"\"><figcaption class=\"wp-caption-text\">Thumbnail do v\u00eddeo do YouTube sobre decora\u00e7\u00e3o de apartamentos pequenos.<\/figcaption><\/figure>\n<figure style=\"width: 1024px\" class=\"wp-caption aligncenter\"><img decoding=\"async\" src=\"https:\/\/www.aarquiteta.com.br\/blog\/wp-content\/uploads\/2025\/03\/como-decorar-um-apartamento-pequeno4.jpg\" alt=\"Dicas Criativas para Decorar Apartamentos Pequenos\" width=\"1024\" height=\"1024\" title=\"\"><figcaption class=\"wp-caption-text\">Dicas Criativas para Decorar Apartamentos Pequenos<\/figcaption><\/figure>\n<figure style=\"width: 1024px\" class=\"wp-caption aligncenter\"><img decoding=\"async\" src=\"https:\/\/www.aarquiteta.com.br\/blog\/wp-content\/uploads\/2025\/03\/como-decorar-um-apartamento-pequeno-iluminacao-1-1024x636.jpg\" alt=\"Imagem relacionada \u00e0 ilumina\u00e7\u00e3o na decora\u00e7\u00e3o de apartamentos pequenos.\" title=\"\"><figcaption class=\"wp-caption-text\">Imagem relacionada \u00e0 ilumina\u00e7\u00e3o na decora\u00e7\u00e3o de apartamentos pequenos.<\/figcaption><\/figure>\n<p><iframe title=\"YouTube video player\" src=\"https:\/\/www.youtube.com\/embed\/9QE_cHWDD40\" width=\"560\" height=\"315\" frameborder=\"0\" allowfullscreen=\"allowfullscreen\"><\/iframe><\/p>\n<figure style=\"width: 1024px\" class=\"wp-caption aligncenter\"><img decoding=\"async\" src=\"https:\/\/www.aarquiteta.com.br\/blog\/wp-content\/uploads\/2025\/03\/como-decorar-um-apartamento-pequeno-organizadores.jpg.webp\" alt=\"Imagem sobre organizadores que ajudam na otimiza\u00e7\u00e3o do espa\u00e7o.\" title=\"\"><figcaption class=\"wp-caption-text\">Imagem sobre organizadores que ajudam na otimiza\u00e7\u00e3o do espa\u00e7o.<\/figcaption><\/figure>\n","protected":false},"excerpt":{"rendered":"<p>Aprenda a decorar apartamentos pequenos com maneira pr\u00e1tica e criativa. Dicas para aproveitamento do espa\u00e7o e mob\u00edlia multifuncional.<\/p>\n","protected":false},"author":102,"featured_media":146365,"comment_status":"open","ping_status":"","sticky":false,"template":"","format":"standard","meta":{"footnotes":""},"categories":[1507,6,249],"tags":[],"class_list":["post-146372","post","type-post","status-publish","format-standard","has-post-thumbnail","category-arquitetura","category-carreira-de-arquitetura","category-engenharia-e-construcao-civil"],"_wp_attached_file":null,"_wp_attachment_metadata":null,"_wp_attachment_context":null,"_wp_attachment_is_custom_header":null,"geo_longitude":null,"geo_public":null,"geo_latitude":null,"_publicize_done_external":null,"_wpas_done_3897181":null,"publicize_twitter_user":null,"_wpas_done_3897175":null,"_wpas_skip_3897181":null,"_wpas_skip_3897175":null,"_wpas_skip_3924723":null,"_wpas_mess":null,"_wpas_done_3924723":null,"wps_subtitle":"","_links":{"self":[{"href":"https:\/\/www.aarquiteta.com.br\/blog\/wp-json\/wp\/v2\/posts\/146372","targetHints":{"allow":["GET"]}}],"collection":[{"href":"https:\/\/www.aarquiteta.com.br\/blog\/wp-json\/wp\/v2\/posts"}],"about":[{"href":"https:\/\/www.aarquiteta.com.br\/blog\/wp-json\/wp\/v2\/types\/post"}],"author":[{"embeddable":true,"href":"https:\/\/www.aarquiteta.com.br\/blog\/wp-json\/wp\/v2\/users\/102"}],"replies":[{"embeddable":true,"href":"https:\/\/www.aarquiteta.com.br\/blog\/wp-json\/wp\/v2\/comments?post=146372"}],"version-history":[{"count":0,"href":"https:\/\/www.aarquiteta.com.br\/blog\/wp-json\/wp\/v2\/posts\/146372\/revisions"}],"wp:featuredmedia":[{"embeddable":true,"href":"https:\/\/www.aarquiteta.com.br\/blog\/wp-json\/wp\/v2\/media\/146365"}],"wp:attachment":[{"href":"https:\/\/www.aarquiteta.com.br\/blog\/wp-json\/wp\/v2\/media?parent=146372"}],"wp:term":[{"taxonomy":"category","embeddable":true,"href":"https:\/\/www.aarquiteta.com.br\/blog\/wp-json\/wp\/v2\/categories?post=146372"},{"taxonomy":"post_tag","embeddable":true,"href":"https:\/\/www.aarquiteta.com.br\/blog\/wp-json\/wp\/v2\/tags?post=146372"}],"curies":[{"name":"wp","href":"https:\/\/api.w.org\/{rel}","templated":true}]}}