{"id":146353,"date":"2025-03-07T19:49:15","date_gmt":"2025-03-07T22:49:15","guid":{"rendered":"https:\/\/www.aarquiteta.com.br\/blog\/prateleira-para-quadros-2\/"},"modified":"2025-03-07T19:49:15","modified_gmt":"2025-03-07T22:49:15","slug":"prateleira-para-quadros-2","status":"publish","type":"post","link":"https:\/\/www.aarquiteta.com.br\/blog\/prateleira-para-quadros-2\/","title":{"rendered":"Transforme sua Decora\u00e7\u00e3o: 30 Ideias Criativas para Usar Prateleiras de Quadros!"},"content":{"rendered":"<p>Transformar a decora\u00e7\u00e3o da sua casa \u00e9 mais f\u00e1cil do que parece! Aqui est\u00e3o 30 ideias incr\u00edveis para usar prateleiras de quadros.<\/p>\n<h3>1. Prateleiras sempre em alta<\/h3>\n<figure style=\"width: 1024px\" class=\"wp-caption aligncenter\"><img decoding=\"async\" src=\"https:\/\/www.aarquiteta.com.br\/blog\/wp-content\/uploads\/2025\/03\/prateleira-para-quadros-4-730x1108.jpg\" alt=\"foto de prateleira para quadros 4\" title=\"\"><figcaption class=\"wp-caption-text\">foto de prateleira para quadros 4<\/figcaption><\/figure>\n<p>Voc\u00ea j\u00e1 percebeu como uma <b>prateleira de quadros<\/b> pode mudar completamente a vibe de um ambiente? Elas s\u00e3o super vers\u00e1teis!<\/p>\n<p>Eles podem ser usadas em qualquer ambiente, desde a sala de estar at\u00e9 o quarto. <\/p>\n<p>Imagina s\u00f3 uma <b>parede<\/b> cheia de fotos e artes com aquela prateleira que d\u00e1 todo um charme!<\/p>\n<h3>2. Misture formatos<\/h3>\n<figure style=\"width: 1024px\" class=\"wp-caption aligncenter\"><img decoding=\"async\" src=\"https:\/\/www.aarquiteta.com.br\/blog\/wp-content\/uploads\/2025\/03\/prateleira-para-quadros01.jpg\" alt=\"PRATELEIRA PARA QUADROS: 30 MANEIRAS DE USAR NA SUA DECORA\u00c7\u00c3O\" width=\"1024\" height=\"1024\" title=\"\"><figcaption class=\"wp-caption-text\">PRATELEIRA PARA QUADROS: 30 MANEIRAS DE USAR NA SUA DECORA\u00c7\u00c3O<\/figcaption><\/figure>\n<p>Um truque batuta \u00e9 misturar formatos. Sabe aquelas fotos de diferentes tamanhos? <b>Combin\u00e1-las<\/b> em uma prateleira \u00e9 garantia de sucesso!<\/p>\n<p>N\u00e3o tenha medo de ousar! Uma foto grande com v\u00e1rias menores ao redor pode ficar sensacional.<\/p>\n<h3>3. Crie temas<\/h3>\n<figure style=\"width: 1024px\" class=\"wp-caption aligncenter\"><img decoding=\"async\" src=\"https:\/\/www.aarquiteta.com.br\/blog\/wp-content\/uploads\/2025\/03\/prateleira-para-quadros-capa.jpg\" alt=\"prateleira para quadros: capa da mat\u00e9ria\" title=\"\"><figcaption class=\"wp-caption-text\">prateleira para quadros: capa da mat\u00e9ria<\/figcaption><\/figure>\n<p>Por que n\u00e3o criar um <b>tema<\/b> para suas prateleiras? Uma prateleira com fotos de viagens, por exemplo, \u00e9 uma \u00f3tima conversa!<\/p>\n<p>Imagens de lugares que voc\u00ea visitou v\u00e3o trazer <b>lembran\u00e7as<\/b> boas toda vez que voc\u00ea olhar.<\/p>\n<h3>4. Decore com plantas<\/h3>\n<figure style=\"width: 1024px\" class=\"wp-caption aligncenter\"><img decoding=\"async\" src=\"https:\/\/www.aarquiteta.com.br\/blog\/wp-content\/uploads\/2025\/03\/prateleira-para-quadros02.jpg\" alt=\"PRATELEIRA PARA QUADROS: 30 MANEIRAS DE USAR NA SUA DECORA\u00c7\u00c3O\" width=\"1024\" height=\"1024\" title=\"\"><figcaption class=\"wp-caption-text\">PRATELEIRA PARA QUADROS: 30 MANEIRAS DE USAR NA SUA DECORA\u00c7\u00c3O<\/figcaption><\/figure>\n<p>Adiciona um <b>toque verde<\/b> \u00e0s suas prateleiras! Plantas em vasos pequenos s\u00e3o perfeitas para complementar suas fotos.<\/p>\n<p>Al\u00e9m de deixar o ambiente mais bonito, traz vida e frescor ao espa\u00e7o. Uma verdadeira combina\u00e7\u00e3o de natureza e arte!<\/p>\n<h3>5. Brinque com cores<\/h3>\n<figure style=\"width: 1024px\" class=\"wp-caption aligncenter\"><img decoding=\"async\" src=\"https:\/\/www.aarquiteta.com.br\/blog\/wp-content\/uploads\/2025\/03\/1_quadros-para-sala-1-286x160.png\" alt=\"quadros para sala 1\" title=\"\"><figcaption class=\"wp-caption-text\">quadros para sala 1<\/figcaption><\/figure>\n<p>Quero que voc\u00ea pense nas cores: elas podem <b>transformar<\/b> seu espa\u00e7o. Prateleiras pintadas de cores vibrantes s\u00e3o extremamente cativantes!<\/p>\n<p>Combine com fotos que tenham tons semelhantes para um resultado harmonioso.<\/p>\n<h3>6. Use elementos diferentes<\/h3>\n<figure style=\"width: 1024px\" class=\"wp-caption aligncenter\"><img decoding=\"async\" src=\"https:\/\/www.aarquiteta.com.br\/blog\/wp-content\/uploads\/2025\/03\/prateleira-para-quadros03.jpg\" alt=\"PRATELEIRA PARA QUADROS: 30 MANEIRAS DE USAR NA SUA DECORA\u00c7\u00c3O\" width=\"1024\" height=\"1024\" title=\"\"><figcaption class=\"wp-caption-text\">PRATELEIRA PARA QUADROS: 30 MANEIRAS DE USAR NA SUA DECORA\u00c7\u00c3O<\/figcaption><\/figure>\n<p>N\u00e3o se limite apenas a quadros. Use livros, pequenos objetos decorativos e at\u00e9 <b>canecos<\/b> divertidos nas prateleiras!<\/p>\n<p>Essa mistura vai deixar suas prateleiras muito mais interessantes! \u00c9 um verdadeiro carnaval de decora\u00e7\u00e3o!<\/p>\n<h3>7. Altura tamb\u00e9m \u00e9 importante<\/h3>\n<figure style=\"width: 1024px\" class=\"wp-caption aligncenter\"><img decoding=\"async\" src=\"https:\/\/www.aarquiteta.com.br\/blog\/wp-content\/uploads\/2025\/03\/prateleira-para-quadros-1-730x828.jpg\" alt=\"foto de prateleira para quadros 1\" title=\"\"><figcaption class=\"wp-caption-text\">foto de prateleira para quadros 1<\/figcaption><\/figure>\n<p>A altura em que voc\u00ea coloca as prateleiras \u00e9 crucial. Prateleiras mais altas podem dar um efeito de <b>amplitude<\/b> ao ambiente, enquanto as mais baixas s\u00e3o mais acess\u00edveis.<\/p>\n<p>Vale a pena pensar na funcionalidade e na est\u00e9tica ao montar sua decora\u00e7\u00e3o.<\/p>\n<h3>8. Mude regularmente<\/h3>\n<figure style=\"width: 1024px\" class=\"wp-caption aligncenter\"><img decoding=\"async\" src=\"https:\/\/www.aarquiteta.com.br\/blog\/wp-content\/uploads\/2025\/03\/prateleira-para-quadros4.jpg\" alt=\"PRATELEIRA PARA QUADROS: 30 MANEIRAS DE USAR NA SUA DECORA\u00c7\u00c3O\" width=\"1024\" height=\"1024\" title=\"\"><figcaption class=\"wp-caption-text\">PRATELEIRA PARA QUADROS: 30 MANEIRAS DE USAR NA SUA DECORA\u00c7\u00c3O<\/figcaption><\/figure>\n<p>Uma dica de ouro: n\u00e3o tenha medo de <b>mudar<\/b>! Trocar as fotos e objetos de lugar a deixa a decora\u00e7\u00e3o sempre fresquinha.<\/p>\n<p>Al\u00e9m disso, isso permite que voc\u00ea sempre tenha novos conte\u00fados para visualizar e desfrutar!<\/p>\n<p>Acho que agora voc\u00ea t\u00e1 equipado com v\u00e1rias dicas para transformar a decora\u00e7\u00e3o da sua casa usando prateleiras de quadros. \u00c9 hora de soltar a criatividade e deixar sua casa com a sua cara!<\/p>\n<figure style=\"width: 1024px\" class=\"wp-caption aligncenter\"><img decoding=\"async\" src=\"https:\/\/www.aarquiteta.com.br\/blog\/wp-content\/uploads\/2025\/03\/prateleira-para-quadros-2-730x913.jpg\" alt=\"foto de prateleira para quadros 2\" title=\"\"><figcaption class=\"wp-caption-text\">foto de prateleira para quadros 2<\/figcaption><\/figure>\n<h3>Para se aprofundar mais sobre o tema, veja a minha recomenda\u00e7\u00e3o sobre o tema deste artigo no v\u00eddeo a seguir abaixo:<\/h3>\n<p><iframe title=\"YouTube video player\" src=\"https:\/\/www.youtube.com\/embed\/tSquP07KiCs\" width=\"560\" height=\"315\" frameborder=\"0\" allowfullscreen=\"allowfullscreen\"><\/iframe><\/p>\n<figure style=\"width: 1024px\" class=\"wp-caption aligncenter\"><img decoding=\"async\" src=\"https:\/\/www.aarquiteta.com.br\/blog\/wp-content\/uploads\/2025\/03\/prateleira-para-quadros-3-730x833.jpg\" alt=\"foto de prateleira para quadros 3\" title=\"\"><figcaption class=\"wp-caption-text\">foto de prateleira para quadros 3<\/figcaption><\/figure>\n","protected":false},"excerpt":{"rendered":"<p>Descubra 30 formas criativas de utilizar prateleiras para quadros na decora\u00e7\u00e3o e personalize seu ambiente.<\/p>\n","protected":false},"author":102,"featured_media":146346,"comment_status":"open","ping_status":"","sticky":false,"template":"","format":"standard","meta":{"footnotes":""},"categories":[1484],"tags":[],"class_list":["post-146353","post","type-post","status-publish","format-standard","has-post-thumbnail","category-decoracao"],"_wp_attached_file":null,"_wp_attachment_metadata":null,"_wp_attachment_context":null,"_wp_attachment_is_custom_header":null,"geo_longitude":null,"geo_public":null,"geo_latitude":null,"_publicize_done_external":null,"_wpas_done_3897181":null,"publicize_twitter_user":null,"_wpas_done_3897175":null,"_wpas_skip_3897181":null,"_wpas_skip_3897175":null,"_wpas_skip_3924723":null,"_wpas_mess":null,"_wpas_done_3924723":null,"wps_subtitle":"","_links":{"self":[{"href":"https:\/\/www.aarquiteta.com.br\/blog\/wp-json\/wp\/v2\/posts\/146353","targetHints":{"allow":["GET"]}}],"collection":[{"href":"https:\/\/www.aarquiteta.com.br\/blog\/wp-json\/wp\/v2\/posts"}],"about":[{"href":"https:\/\/www.aarquiteta.com.br\/blog\/wp-json\/wp\/v2\/types\/post"}],"author":[{"embeddable":true,"href":"https:\/\/www.aarquiteta.com.br\/blog\/wp-json\/wp\/v2\/users\/102"}],"replies":[{"embeddable":true,"href":"https:\/\/www.aarquiteta.com.br\/blog\/wp-json\/wp\/v2\/comments?post=146353"}],"version-history":[{"count":0,"href":"https:\/\/www.aarquiteta.com.br\/blog\/wp-json\/wp\/v2\/posts\/146353\/revisions"}],"wp:featuredmedia":[{"embeddable":true,"href":"https:\/\/www.aarquiteta.com.br\/blog\/wp-json\/wp\/v2\/media\/146346"}],"wp:attachment":[{"href":"https:\/\/www.aarquiteta.com.br\/blog\/wp-json\/wp\/v2\/media?parent=146353"}],"wp:term":[{"taxonomy":"category","embeddable":true,"href":"https:\/\/www.aarquiteta.com.br\/blog\/wp-json\/wp\/v2\/categories?post=146353"},{"taxonomy":"post_tag","embeddable":true,"href":"https:\/\/www.aarquiteta.com.br\/blog\/wp-json\/wp\/v2\/tags?post=146353"}],"curies":[{"name":"wp","href":"https:\/\/api.w.org\/{rel}","templated":true}]}}