{"id":146342,"date":"2025-03-07T19:19:35","date_gmt":"2025-03-07T22:19:35","guid":{"rendered":"https:\/\/www.aarquiteta.com.br\/blog\/cozinha-externa\/"},"modified":"2025-03-07T19:19:35","modified_gmt":"2025-03-07T22:19:35","slug":"cozinha-externa","status":"publish","type":"post","link":"https:\/\/www.aarquiteta.com.br\/blog\/cozinha-externa\/","title":{"rendered":"Inspire-se em 50 Ideias Incr\u00edveis para Criar Sua Cozinha Externa dos Sonhos!"},"content":{"rendered":"<p>Vamos falar sobre como voc\u00ea pode transformar seu espa\u00e7o ao ar livre em uma <b>cozinha externa dos sonhos<\/b>! Prepare-se para se inspirar!<\/p>\n<h3>1. O que \u00e9 uma cozinha externa?<\/h3>\n<figure style=\"width: 1024px\" class=\"wp-caption aligncenter\"><img decoding=\"async\" src=\"https:\/\/www.aarquiteta.com.br\/blog\/wp-content\/uploads\/2025\/03\/cozinha-externa-5-730x913.jpg\" alt=\"Foto de cozinha externa 6 - 6\" title=\"\"><figcaption class=\"wp-caption-text\">Foto de cozinha externa 6 &#8211; 6<\/figcaption><\/figure>\n<p>Uma <b>cozinha externa<\/b> \u00e9 um sonho que se torna realidade para muitos amantes de culin\u00e1ria. \u00c9 um espa\u00e7o onde a criatividade e o amor pela comida se encontram, em meio \u00e0 natureza. Transformar do jeitinho que voc\u00ea sempre quis \u00e9 mais f\u00e1cil do que parece!<\/p>\n<h3>2. A fun\u00e7\u00e3o social da cozinha externa<\/h3>\n<figure style=\"width: 1024px\" class=\"wp-caption aligncenter\"><img decoding=\"async\" src=\"https:\/\/www.aarquiteta.com.br\/blog\/wp-content\/uploads\/2025\/03\/cozinha-externa01.jpg\" alt=\"50 Formas de Ter Uma Cozinha Externa Para Quem Ama Culin\u00e1ria\" width=\"1024\" height=\"1024\" title=\"\"><figcaption class=\"wp-caption-text\">50 Formas de Ter Uma Cozinha Externa Para Quem Ama Culin\u00e1ria<\/figcaption><\/figure>\n<p>Esse espa\u00e7o \u00e9 perfeito para reunir amigos e familiares, criando mem\u00f3rias deliciosas! Em festas, churrascos ou jantares informais, sua <b>cozinha externa<\/b> ser\u00e1 o centro das aten\u00e7\u00f5es. Quem resiste a uma boa comida preparada ao ar livre?<\/p>\n<h3>3. Estilos de decora\u00e7\u00e3o para alegrar sua cozinha<\/h3>\n<figure style=\"width: 1024px\" class=\"wp-caption aligncenter\"><img decoding=\"async\" src=\"https:\/\/www.aarquiteta.com.br\/blog\/wp-content\/uploads\/2025\/03\/cozinha-externa-00.png\" alt=\"Foto de cozinha externa 1 - 1\" title=\"\"><figcaption class=\"wp-caption-text\">Foto de cozinha externa 1 &#8211; 1<\/figcaption><\/figure>\n<p>Decidir o estilo \u00e9 fundamental! Desde o r\u00fastico com m\u00f3veis de madeira at\u00e9 o moderno com linhas mais limpas, a <b>decora\u00e7\u00e3o<\/b> pode refletir sua personalidade. Como diria o velho ditado: &#8220;A forma como decoramos diz muito sobre n\u00f3s!&#8221;<\/p>\n<h3>4. Invista em uma churrasqueira incr\u00edvel!<\/h3>\n<figure style=\"width: 1024px\" class=\"wp-caption aligncenter\"><img decoding=\"async\" src=\"https:\/\/www.aarquiteta.com.br\/blog\/wp-content\/uploads\/2025\/03\/cozinha-externa02.jpg\" alt=\"50 Formas de Ter Uma Cozinha Externa Para Quem Ama Culin\u00e1ria\" width=\"1024\" height=\"1024\" title=\"\"><figcaption class=\"wp-caption-text\">50 Formas de Ter Uma Cozinha Externa Para Quem Ama Culin\u00e1ria<\/figcaption><\/figure>\n<p>Uma <b>churrasqueira<\/b> \u00e9 o cora\u00e7\u00e3o da cozinha externa! Voc\u00ea sabia que pode at\u00e9 escolher modelos que t\u00eam forno embutido? Imagine fazer aquele franguinho assado enquanto bate um papo com os amigos. Sem estresse, s\u00f3 alegria!<\/p>\n<h3>5. Gourmetiza\u00e7\u00e3o com um fog\u00e3o a lenha<\/h3>\n<figure style=\"width: 1024px\" class=\"wp-caption aligncenter\"><img decoding=\"async\" src=\"https:\/\/www.aarquiteta.com.br\/blog\/wp-content\/uploads\/2025\/03\/cozinha-externa-1-730x913.jpg\" alt=\"Foto de cozinha externa 2 - 2\" title=\"\"><figcaption class=\"wp-caption-text\">Foto de cozinha externa 2 &#8211; 2<\/figcaption><\/figure>\n<p>Que tal ter um <b>fog\u00e3o a lenha<\/b>? Ele traz sabor e charme ao ambiente. Acredite, a comida feita nele tem um gosto especial. Mal posso esperar para experimentar uma pizza feita com esse toque m\u00e1gico!<\/p>\n<h3>6. Flexibilidade no aproveitamento do espa\u00e7o<\/h3>\n<figure style=\"width: 1024px\" class=\"wp-caption aligncenter\"><img decoding=\"async\" src=\"https:\/\/www.aarquiteta.com.br\/blog\/wp-content\/uploads\/2025\/03\/cozinha-externa03.jpg\" alt=\"50 Formas de Ter Uma Cozinha Externa Para Quem Ama Culin\u00e1ria\" width=\"1024\" height=\"1024\" title=\"\"><figcaption class=\"wp-caption-text\">50 Formas de Ter Uma Cozinha Externa Para Quem Ama Culin\u00e1ria<\/figcaption><\/figure>\n<p>Planejar \u00e9 essencial! Uma <b>cozinha externa<\/b> pode ser composta por v\u00e1rias \u00e1reas: churrasqueira, bar, ou at\u00e9 um canto para o caf\u00e9. O segredo \u00e9 colocar tudo que gosta, sem perder a funcionalidade!<\/p>\n<h3>7. Integra\u00e7\u00e3o com a natureza<\/h3>\n<figure style=\"width: 1024px\" class=\"wp-caption aligncenter\"><img decoding=\"async\" src=\"https:\/\/www.aarquiteta.com.br\/blog\/wp-content\/uploads\/2025\/03\/cozinha-externa-2-730x913.jpg\" alt=\"Foto de cozinha externa 3 - 3\" title=\"\"><figcaption class=\"wp-caption-text\">Foto de cozinha externa 3 &#8211; 3<\/figcaption><\/figure>\n<p>Sabe aquela sensa\u00e7\u00e3o de estar ao ar livre? Ao integrar a sua <b>cozinha externa<\/b> com plantas e flores, voc\u00ea traz vida ao espa\u00e7o. Olha, d\u00e1 at\u00e9 para montar uma horta caseira por ali!<\/p>\n<h3>8. O toque final: ilumina\u00e7\u00e3o incr\u00edvel<\/h3>\n<figure style=\"width: 1024px\" class=\"wp-caption aligncenter\"><img decoding=\"async\" src=\"https:\/\/www.aarquiteta.com.br\/blog\/wp-content\/uploads\/2025\/03\/cozinha-externa4.jpg\" alt=\"50 Formas de Ter Uma Cozinha Externa Para Quem Ama Culin\u00e1ria\" width=\"1024\" height=\"1024\" title=\"\"><figcaption class=\"wp-caption-text\">50 Formas de Ter Uma Cozinha Externa Para Quem Ama Culin\u00e1ria<\/figcaption><\/figure>\n<p>Nada como uma boa ilumina\u00e7\u00e3o para deixar a <b>cozinha externa<\/b> charmosa durante a noite. Feitas de luzinhas pisca-pisca ou lanternas estilosas, elas criam um clima acolhedor. A m\u00e1gica est\u00e1 em cada detalhe!<\/p>\n<p>Agora, depois de tantas ideias, te desafio a come\u00e7ar a planejar sua cozinha externa dos sonhos! \u00c9 mais do que um espa\u00e7o; \u00e9 um lugar de encontros, experi\u00eancias e, claro, del\u00edcias! <\/p>\n<figure style=\"width: 1024px\" class=\"wp-caption aligncenter\"><img decoding=\"async\" src=\"https:\/\/www.aarquiteta.com.br\/blog\/wp-content\/uploads\/2025\/03\/cozinha-externa-3-730x910.jpg\" alt=\"Foto de cozinha externa 4 - 4\" title=\"\"><figcaption class=\"wp-caption-text\">Foto de cozinha externa 4 &#8211; 4<\/figcaption><\/figure>\n<h3>Para se aprofundar mais sobre o tema, veja a minha recomenda\u00e7\u00e3o sobre o tema deste artigo no v\u00eddeo a seguir abaixo:<\/h3>\n<p><iframe title=\"YouTube video player\" src=\"https:\/\/www.youtube.com\/embed\/LdLeZiYz_aM\" width=\"560\" height=\"315\" frameborder=\"0\" allowfullscreen=\"allowfullscreen\"><\/iframe><\/p>\n<figure style=\"width: 1024px\" class=\"wp-caption aligncenter\"><img decoding=\"async\" src=\"https:\/\/www.aarquiteta.com.br\/blog\/wp-content\/uploads\/2025\/03\/cozinha-externa-4-730x913.jpg\" alt=\"Foto de cozinha externa 5 - 5\" title=\"\"><figcaption class=\"wp-caption-text\">Foto de cozinha externa 5 &#8211; 5<\/figcaption><\/figure>\n","protected":false},"excerpt":{"rendered":"<p>Descubra 50 ideias criativas para criar uma cozinha externa que valoriza a experi\u00eancia culin\u00e1ria e o conv\u00edvio. Inspire-se!<\/p>\n","protected":false},"author":102,"featured_media":146335,"comment_status":"open","ping_status":"","sticky":false,"template":"","format":"standard","meta":{"footnotes":""},"categories":[1484],"tags":[],"class_list":["post-146342","post","type-post","status-publish","format-standard","has-post-thumbnail","category-decoracao"],"_wp_attached_file":null,"_wp_attachment_metadata":null,"_wp_attachment_context":null,"_wp_attachment_is_custom_header":null,"geo_longitude":null,"geo_public":null,"geo_latitude":null,"_publicize_done_external":null,"_wpas_done_3897181":null,"publicize_twitter_user":null,"_wpas_done_3897175":null,"_wpas_skip_3897181":null,"_wpas_skip_3897175":null,"_wpas_skip_3924723":null,"_wpas_mess":null,"_wpas_done_3924723":null,"wps_subtitle":"","_links":{"self":[{"href":"https:\/\/www.aarquiteta.com.br\/blog\/wp-json\/wp\/v2\/posts\/146342","targetHints":{"allow":["GET"]}}],"collection":[{"href":"https:\/\/www.aarquiteta.com.br\/blog\/wp-json\/wp\/v2\/posts"}],"about":[{"href":"https:\/\/www.aarquiteta.com.br\/blog\/wp-json\/wp\/v2\/types\/post"}],"author":[{"embeddable":true,"href":"https:\/\/www.aarquiteta.com.br\/blog\/wp-json\/wp\/v2\/users\/102"}],"replies":[{"embeddable":true,"href":"https:\/\/www.aarquiteta.com.br\/blog\/wp-json\/wp\/v2\/comments?post=146342"}],"version-history":[{"count":0,"href":"https:\/\/www.aarquiteta.com.br\/blog\/wp-json\/wp\/v2\/posts\/146342\/revisions"}],"wp:featuredmedia":[{"embeddable":true,"href":"https:\/\/www.aarquiteta.com.br\/blog\/wp-json\/wp\/v2\/media\/146335"}],"wp:attachment":[{"href":"https:\/\/www.aarquiteta.com.br\/blog\/wp-json\/wp\/v2\/media?parent=146342"}],"wp:term":[{"taxonomy":"category","embeddable":true,"href":"https:\/\/www.aarquiteta.com.br\/blog\/wp-json\/wp\/v2\/categories?post=146342"},{"taxonomy":"post_tag","embeddable":true,"href":"https:\/\/www.aarquiteta.com.br\/blog\/wp-json\/wp\/v2\/tags?post=146342"}],"curies":[{"name":"wp","href":"https:\/\/api.w.org\/{rel}","templated":true}]}}