{"id":146319,"date":"2025-03-07T18:07:02","date_gmt":"2025-03-07T21:07:02","guid":{"rendered":"https:\/\/www.aarquiteta.com.br\/blog\/casa-simples-com-garagem-frente\/"},"modified":"2025-03-07T18:07:02","modified_gmt":"2025-03-07T21:07:02","slug":"casa-simples-com-garagem-frente","status":"publish","type":"post","link":"https:\/\/www.aarquiteta.com.br\/blog\/casa-simples-com-garagem-frente\/","title":{"rendered":"Transforme Seu Espa\u00e7o: Dicas e Projetos Incr\u00edveis para Casa Simples com Garagem na Frente!"},"content":{"rendered":"<p>Transforme sua casa simples com garagem na frente em um espa\u00e7o incr\u00edvel e cheio de estilo. Vamos juntos explorar dicas e projetos!<\/p>\n<h3>Import\u00e2ncia da Garagem na Frente<\/h3>\n<figure style=\"width: 1024px\" class=\"wp-caption aligncenter\"><img decoding=\"async\" src=\"https:\/\/www.aarquiteta.com.br\/blog\/wp-content\/uploads\/2025\/03\/projetos-residenciais-1024x563.jpg\" alt=\"Projetos residenciais econ\u00f4micos com estilo e conforto.\" title=\"\"><figcaption class=\"wp-caption-text\">Projetos residenciais econ\u00f4micos com estilo e conforto.<\/figcaption><\/figure>\n<p>A <b>garagem na frente<\/b> da casa n\u00e3o serve s\u00f3 para estacionar. Ela \u00e9 a primeira impress\u00e3o e pode representar muito da sua personalidade. Um espa\u00e7o bem planejado agrega <b>valor est\u00e9tico<\/b> e funcional.<\/p>\n<h3>Caracter\u00edsticas de uma Casa T\u00e9rrea<\/h3>\n<figure style=\"width: 1024px\" class=\"wp-caption aligncenter\"><img decoding=\"async\" src=\"https:\/\/www.aarquiteta.com.br\/blog\/wp-content\/uploads\/2025\/03\/casa-simples-com-garagem-frente01.jpg\" alt=\"Casa Simples com Garagem na Frente \u2013 Projetos e Dicas\" width=\"1024\" height=\"1024\" title=\"\"><figcaption class=\"wp-caption-text\">Casa Simples com Garagem na Frente \u2013 Projetos e Dicas<\/figcaption><\/figure>\n<p>Casas t\u00e9rreas s\u00e3o adoradas pela praticidade. Sem escadas, s\u00e3o seguras e confort\u00e1veis para todos, dos pequenos aos idosos. Al\u00e9m disso, uma garagem na frente pode <b>valorizar a propriedade<\/b>.<\/p>\n<h3>Design de Casa com Garagem<\/h3>\n<figure style=\"width: 1024px\" class=\"wp-caption aligncenter\"><img decoding=\"async\" src=\"https:\/\/www.aarquiteta.com.br\/blog\/wp-content\/uploads\/2025\/03\/residencia-compacta-1200x660.jpg\" alt=\"Arquitetura de resid\u00eancia compacta.\" title=\"\"><figcaption class=\"wp-caption-text\">Arquitetura de resid\u00eancia compacta.<\/figcaption><\/figure>\n<p>Investir no design \u00e9 crucial! Um estilo que mescla o <b>moderno<\/b> e o <b>cl\u00e1ssico<\/b> pode deixar sua casa irresist\u00edvel. Escolha acabamentos que conversam com o restante da arquitetura.<\/p>\n<h3>Modelos de Garagens Integradas<\/h3>\n<figure style=\"width: 1024px\" class=\"wp-caption aligncenter\"><img decoding=\"async\" src=\"https:\/\/www.aarquiteta.com.br\/blog\/wp-content\/uploads\/2025\/03\/casa-simples-com-garagem-frente02.jpg\" alt=\"Casa Simples com Garagem na Frente \u2013 Projetos e Dicas\" width=\"1024\" height=\"1024\" title=\"\"><figcaption class=\"wp-caption-text\">Casa Simples com Garagem na Frente \u2013 Projetos e Dicas<\/figcaption><\/figure>\n<p>O sonho de muitos \u00e9 uma garagem <b>integrada<\/b>. Ela se funde ao espa\u00e7o, trazendo funcionalidade e beleza. Um projeto bem pensado transforma sua casa em um <b>lar acolhedor<\/b>.<\/p>\n<h3>Resid\u00eancia Compacta<\/h3>\n<figure style=\"width: 1024px\" class=\"wp-caption aligncenter\"><img decoding=\"async\" src=\"https:\/\/www.aarquiteta.com.br\/blog\/wp-content\/uploads\/2025\/03\/caracteristicas-da-casa-terrea-1024x563.jpg\" alt=\"Caracter\u00edsticas da casa t\u00e9rrea com garagem na frente.\" title=\"\"><figcaption class=\"wp-caption-text\">Caracter\u00edsticas da casa t\u00e9rrea com garagem na frente.<\/figcaption><\/figure>\n<p>Resid\u00eancias pequenas podem ser grandes no estilo! Use m\u00f3veis multifuncionais e prateleiras para otimizar o espa\u00e7o. Um <b>design inteligente<\/b> pode fazer pequenas \u00e1reas parecerem maiores.<\/p>\n<h3>Transforme sua Garagem em Multifuncional<\/h3>\n<figure style=\"width: 1024px\" class=\"wp-caption aligncenter\"><img decoding=\"async\" src=\"https:\/\/www.aarquiteta.com.br\/blog\/wp-content\/uploads\/2025\/03\/casa-simples-com-garagem-frente03.jpg\" alt=\"Casa Simples com Garagem na Frente \u2013 Projetos e Dicas\" width=\"1024\" height=\"1024\" title=\"\"><figcaption class=\"wp-caption-text\">Casa Simples com Garagem na Frente \u2013 Projetos e Dicas<\/figcaption><\/figure>\n<p>Que tal transformar sua garagem em um <b>espa\u00e7o multifuncional<\/b>? Pode ser um escrit\u00f3rio, um quarto de h\u00f3spedes ou at\u00e9 uma sala de jogos. Utilize piso de qualidade e prateleiras ajust\u00e1veis!<\/p>\n<h3>Garagem Pergolado: Estilo e Prote\u00e7\u00e3o<\/h3>\n<figure style=\"width: 1024px\" class=\"wp-caption aligncenter\"><img decoding=\"async\" src=\"https:\/\/www.aarquiteta.com.br\/blog\/wp-content\/uploads\/2025\/03\/Modelos-de-garagens-integradas-1024x563.jpg\" alt=\"Modelos de garagens integradas \u00e0 fachada da casa.\" title=\"\"><figcaption class=\"wp-caption-text\">Modelos de garagens integradas \u00e0 fachada da casa.<\/figcaption><\/figure>\n<p>A garagem pergolada une <b>beleza<\/b> e <b>prote\u00e7\u00e3o<\/b>. Com uma cobertura de vidro ou estrutura leve, ela se torna uma \u00e1rea que valoriza tanto o estilo como o conforto.<\/p>\n<h3>Jardim e Garagem: O Casamento Perfeito<\/h3>\n<figure style=\"width: 1024px\" class=\"wp-caption aligncenter\"><img decoding=\"async\" src=\"https:\/\/www.aarquiteta.com.br\/blog\/wp-content\/uploads\/2025\/03\/casa-simples-com-garagem-frente4.jpg\" alt=\"Casa Simples com Garagem na Frente \u2013 Projetos e Dicas\" width=\"1024\" height=\"1024\" title=\"\"><figcaption class=\"wp-caption-text\">Casa Simples com Garagem na Frente \u2013 Projetos e Dicas<\/figcaption><\/figure>\n<p>Um jardim na frente \u00e9 um <b>toque especial<\/b>! Escolha plantas nativas e crie um ambiente acolhedor. Quando voc\u00ea combina o jardim com a garagem, a est\u00e9tica do lar \u00e9 elevad\u00edssima!<\/p>\n<p>Por fim, transformar a casa simples com garagem na frente \u00e9 mais do que apenas est\u00e9tica; \u00e9 sobre praticidade e <b>identidade<\/b>. Pequeninos detalhes podem fazer grandes diferen\u00e7as. Vamos deixar sua casa \u00fanica!<\/p>\n<figure style=\"width: 1024px\" class=\"wp-caption aligncenter\"><img decoding=\"async\" src=\"https:\/\/www.aarquiteta.com.br\/blog\/wp-content\/uploads\/2025\/03\/residencia-compacta-1024x563.jpg\" alt=\"Resid\u00eancia compacta ideal para espa\u00e7os pequenos.\" title=\"\"><figcaption class=\"wp-caption-text\">Resid\u00eancia compacta ideal para espa\u00e7os pequenos.<\/figcaption><\/figure>\n<h3>Para se aprofundar mais sobre o tema, veja a minha recomenda\u00e7\u00e3o sobre o tema deste artigo no v\u00eddeo a seguir abaixo:<\/h3>\n<p><iframe title=\"YouTube video player\" src=\"https:\/\/www.youtube.com\/embed\/Ts1GZpBPh9Q\" width=\"560\" height=\"315\" frameborder=\"0\" allowfullscreen=\"allowfullscreen\"><\/iframe><\/p>\n<figure style=\"width: 1024px\" class=\"wp-caption aligncenter\"><img decoding=\"async\" src=\"https:\/\/www.aarquiteta.com.br\/blog\/wp-content\/uploads\/2025\/03\/arquitetura-pratica-1024x563.jpg\" alt=\"Arquitetura pr\u00e1tica para garagens funcionais.\" title=\"\"><figcaption class=\"wp-caption-text\">Arquitetura pr\u00e1tica para garagens funcionais.<\/figcaption><\/figure>\n","protected":false},"excerpt":{"rendered":"<p>Descubra como criar uma casa simples e funcional com garagem na frente, unindo estilo e praticidade em cada detalhe.<\/p>\n","protected":false},"author":102,"featured_media":146311,"comment_status":"open","ping_status":"","sticky":false,"template":"","format":"standard","meta":{"footnotes":""},"categories":[1484],"tags":[],"class_list":["post-146319","post","type-post","status-publish","format-standard","has-post-thumbnail","category-decoracao"],"_wp_attached_file":null,"_wp_attachment_metadata":null,"_wp_attachment_context":null,"_wp_attachment_is_custom_header":null,"geo_longitude":null,"geo_public":null,"geo_latitude":null,"_publicize_done_external":null,"_wpas_done_3897181":null,"publicize_twitter_user":null,"_wpas_done_3897175":null,"_wpas_skip_3897181":null,"_wpas_skip_3897175":null,"_wpas_skip_3924723":null,"_wpas_mess":null,"_wpas_done_3924723":null,"wps_subtitle":"","_links":{"self":[{"href":"https:\/\/www.aarquiteta.com.br\/blog\/wp-json\/wp\/v2\/posts\/146319","targetHints":{"allow":["GET"]}}],"collection":[{"href":"https:\/\/www.aarquiteta.com.br\/blog\/wp-json\/wp\/v2\/posts"}],"about":[{"href":"https:\/\/www.aarquiteta.com.br\/blog\/wp-json\/wp\/v2\/types\/post"}],"author":[{"embeddable":true,"href":"https:\/\/www.aarquiteta.com.br\/blog\/wp-json\/wp\/v2\/users\/102"}],"replies":[{"embeddable":true,"href":"https:\/\/www.aarquiteta.com.br\/blog\/wp-json\/wp\/v2\/comments?post=146319"}],"version-history":[{"count":0,"href":"https:\/\/www.aarquiteta.com.br\/blog\/wp-json\/wp\/v2\/posts\/146319\/revisions"}],"wp:featuredmedia":[{"embeddable":true,"href":"https:\/\/www.aarquiteta.com.br\/blog\/wp-json\/wp\/v2\/media\/146311"}],"wp:attachment":[{"href":"https:\/\/www.aarquiteta.com.br\/blog\/wp-json\/wp\/v2\/media?parent=146319"}],"wp:term":[{"taxonomy":"category","embeddable":true,"href":"https:\/\/www.aarquiteta.com.br\/blog\/wp-json\/wp\/v2\/categories?post=146319"},{"taxonomy":"post_tag","embeddable":true,"href":"https:\/\/www.aarquiteta.com.br\/blog\/wp-json\/wp\/v2\/tags?post=146319"}],"curies":[{"name":"wp","href":"https:\/\/api.w.org\/{rel}","templated":true}]}}